{"id":11543,"date":"2026-03-14T18:30:26","date_gmt":"2026-03-14T16:30:26","guid":{"rendered":"https:\/\/www.uutispeili.fi\/?p=11543"},"modified":"2026-03-16T11:10:31","modified_gmt":"2026-03-16T09:10:31","slug":"500-enkelia-nuppineulan-paassa-vaiko-espoon-virastotalo-kolosseissa","status":"publish","type":"post","link":"https:\/\/www.uutispeili.fi\/index.php\/2026\/03\/14\/500-enkelia-nuppineulan-paassa-vaiko-espoon-virastotalo-kolosseissa\/","title":{"rendered":"500 enkeli\u00e4 nuppineulan p\u00e4\u00e4ss\u00e4&#8230; -vaiko Espoon virastotalo-kolosseissa"},"content":{"rendered":"<p><strong>Suomen ylivelkaantuminen on kestopuheenaihe, ja <em>&#8217;leikkaukset<\/em>&#8217; sen kauhuefekti. Miten t\u00e4h\u00e4n on p\u00e4\u00e4dytty, -se on nyt tarkastelussa.<\/strong><\/p>\n<p>Idea <em>&#8217;kollektiivisesta hyvinvointitakuusta<\/em>&#8217;, -siis ett\u00e4 jokaiselle varmistetaan sovitun mukainen olemassaolo-minimi, ja kustannukset siit\u00e4 jaetaan kaikkien kesken- esitettiin kirjallisuudessa ensimm\u00e4isen kerran(?) <strong>Ruotsissa<\/strong> 1930-luvulla: <strong>Gunnar Myrdal<\/strong>in ymm\u00e4rt\u00e4ess\u00e4, ett\u00e4 rahat riitt\u00e4v\u00e4t kaikkien tavoitettavissa oleviin julkisiin peruspalveluihin ja pahimman kurjuuden poistaviin tulonsiirtoihin.<\/p>\n<blockquote><p>Idean toinen puoli oli, ett\u00e4 hyvinvointivaltio on kaikkia vaihtoehtojaan <strong>kustannustehokkaampi<\/strong>.\u00a0 T\u00e4h\u00e4n tarkasteluun ei kuulu, miss\u00e4 ideaa ensimm\u00e4isen\u00e4 p\u00e4\u00e4stiin toteuttamaan.<\/p><\/blockquote>\n<p><strong>Suomeen<\/strong> hyvinvointivaltion idea saapui vuoden 1936 <strong>kansanel\u00e4kelai<\/strong>n my\u00f6t\u00e4: Ty\u00f6ss\u00e4k\u00e4yvien palkasta erotettiin el\u00e4kemaksu, joka rahastoitiin perustettuun <strong>Kansanel\u00e4kelaitokseen<\/strong>, tulevan el\u00e4kkeensaajan henkil\u00f6kohtaiselle tilille, -odottamaan h\u00e4nen el\u00e4keik\u00e4\u00e4ns\u00e4.<\/p>\n<blockquote><p>-Mutta t\u00e4m\u00e4h\u00e4n ei ollut <strong>tulonsiirto<\/strong>, -ellei sellaiseksi lasketa varainsiirtoa henkil\u00f6lt\u00e4 h\u00e4nelle itselleen, -vuosikymmenien p\u00e4\u00e4h\u00e4n.<\/p><\/blockquote>\n<p>Samaan aikaan el\u00e4kej\u00e4rjestelm\u00e4n, -johon 1960-luvulla lis\u00e4ttiin <strong>ty\u00f6el\u00e4ke<\/strong>&#8211; kanssa kehittyiv\u00e4t k\u00e4ytt\u00e4jille maksuttomat julkiset palvelut: Julkinen terveydenhoito, opetus ja mm. kirjastot. <strong>Julkisrahoitteinen kulttuuri<\/strong> on sill\u00e4 hilkulla, onko se koko kansalle suunnattu julkinen palvelu, vaiko suljettujen -etuoikeutettujen- piirien ajanvieteteollisuutta, hautomo ja sis\u00e4piirien paalutettujen l\u00e4\u00e4nitysten feodaalinen j\u00e4rjestelm\u00e4.<\/p>\n<blockquote><p>Edellisess\u00e4 kappaleessa avasin jo teeman &#8217;<strong>vapaamatkustajat<\/strong>&#8217;.<\/p><\/blockquote>\n<p>Mihin vain ilmaantuu jokin hana, josta virtaa rahaa, resursseja, tai julkisuutta joka auttaa p\u00e4\u00e4sem\u00e4\u00e4n niiden \u00e4\u00e4relle, -sinne ilmaantuu salamannopeasti <strong><em>sis\u00e4piiri<\/em><\/strong>, joka saartaa em. hyv\u00e4n l\u00e4hteen, ja k\u00e4ytt\u00e4\u00e4 ter\u00e4vi\u00e4 kyyn\u00e4rp\u00e4it\u00e4\u00e4n. Vinkki rahoista-p\u00e4\u00e4tt\u00e4ville: Jos haluatte jonkin toimialan tuottavan korkeatasoista tulosta -mit\u00e4 sitten tekev\u00e4tkin- \u00e4lk\u00e4\u00e4 antako sinne rahaa.<\/p>\n<p>No, joka tapauksessa saimme <strong>koulut, kirjastot ja terveyskeskukset.<\/strong> -Emmek\u00e4 n\u00e4\u00e4ntyneet kustannustaakan alle.<\/p>\n<p>Silloin elettiin joidenkin paratiisiksi nostalgisoimaa <strong><em>markka-aikaa<\/em><\/strong>: (Puoli)suljetussa taloudessa, jossa merkitt\u00e4v\u00e4 osa ulkomaankauppaakin k\u00e4ytiin <strong><em>bilateraalisesti<\/em><\/strong>, so. poliittisesti p\u00e4\u00e4tetyin sopimuksin.<\/p>\n<h2>&#8217;<em>Aika entinen ei koskaan en\u00e4\u00e4 palaa<\/em>&#8217;, -mutta kaikki entisen ajan jutut eiv\u00e4t koskaan poistuneetkaan<\/h2>\n<p><strong><em>Markka<\/em><\/strong>, tuo kaipuun kohde ja demagogien favoriitti, -se mahdollisti paljon j\u00e4nn\u00e4\u00e4, eik\u00e4 tarvitse edes puhua <strong>vientiteollisuuden<\/strong> herkusta, &#8221;<em><strong>D<\/strong>-vitamiinista<\/em>&#8221;.<\/p>\n<p><em><strong>Markka-Suomi<\/strong><\/em> toimi n\u00e4in: Valuutan maahantuonti ja maastavienti oli <strong>Suomen Pankki<\/strong> -nimisen mafioson kontrollissa. H\u00e4n saattoi kielt\u00e4\u00e4 tai p\u00e4\u00e4st\u00e4\u00e4. Ulkomaista lainarahaa ottivat <strong>yksityiset liikepanki<\/strong>t, jotka olivat edellisen kavereita, ja lainasivat edelleen asiakkailleen heille ep\u00e4edullisimmin ehdoin. (Oliko Suomi <em>vapaa<\/em> <em>markkinatalous<\/em>? -Sen voi kertoa vain <strong>asiantuntija<\/strong>.)<\/p>\n<p>Kun <strong>vientiteollisuus<\/strong> sai jotain kaupaksi markkinatalousmaissa (=l\u00e4nness\u00e4), liikekumppanit maksoivat <strong>valuutassa<\/strong>, so. <em>kovalla rahalla<\/em>. Kas: Suomen Pankki otti ja kahmaisi rahat, ja antoi tilalle &#8217;<em>oranvannahkoja<\/em>&#8217;: Suoraan painokoneesta tulleita markkoja. -Toki, kurssin mukaan.<\/p>\n<blockquote><p>Suomen Pankin johtaja olikin suomalais-sosialismissa t\u00e4rke\u00e4 tyyppi: H\u00e4n py\u00f6ritti <strong>monistuskoneen<\/strong> kampea! -Rahaa kotimaahan hankkivat haistelivat sitten painomustetta.<\/p><\/blockquote>\n<p>Rahapaja, &#8211;<strong>Katajanokan<\/strong> tyvess\u00e4- n\u00e4kyi presidentinlinnan ikkunaan. Tasavallan p\u00e4\u00e4mies saattoi aamusella k\u00e4yd\u00e4 ensit\u00f6ikseen vilkaisemassa, ett\u00e4 Rahapaja on paikallaan: <em>&#8217;Tasavallassa kaikki hyvin!&#8217;<\/em><\/p>\n<blockquote><p>Kun rahaa tuli -mit\u00e4\u00e4n sen eteen tekem\u00e4tt\u00e4- suomalainen poliittinen j\u00e4rjestelm\u00e4 joutui hybriksen valtaan: Jos kivaa kavereillekin?<\/p><\/blockquote>\n<p><strong>Helsingin kaupungin<\/strong> hallinto paisui ensimm\u00e4isen\u00e4 <em>viisiportaiseksi.<\/em> Sen j\u00e4lkeen sinne-t\u00e4nne ilmaantui julkishallintoon <em>keskiportaan johtajia<\/em>, joilla ei ollut yht\u00e4\u00e4n alaista (mutta matkustelivat paljon t\u00e4rkeiss\u00e4 tapaamisessaan!), ja<em> apurahasy\u00f6ttil\u00e4iden<\/em> joukko lis\u00e4\u00e4ntyi kulttuurissa. (Arvasit oikein: Se on joissakin perheiss\u00e4 jo toisessa -kolmannessa- sukupolvessa).<\/p>\n<h2>&#8221;<em>Hallinto maksaa yht\u00e4 paljon kuin tuotanto<\/em>\u201d<\/h2>\n<p>Miksemme kysyisi kommenttia <strong>Puola<\/strong>sta, jossa <em>sosialismia<\/em> my\u00f6s nimitettiin siksi. <strong>Adam Wazyk<\/strong> runoili 1950-luvulla:<\/p>\n<blockquote><p>\u201dSirkkojen maassa,<br \/>\nkeskitetyss\u00e4,<br \/>\ntoimii kaikki,\u2019<br \/>\nkuin kellokoneisto.<br \/>\nViisisataa enkeli\u00e4,<br \/>\nnuppineulan p\u00e4\u00e4ss\u00e4<br \/>\npuhaltaa j\u00e4hmettyneiden sanojen trumpettia,<br \/>\ns\u00e4dekehiss\u00e4\u00e4n bysanttilaista kultaa.<br \/>\nKaavakkeiden Niagara.<br \/>\nJokaista sokerijuurikasta kohti,<br \/>\nkaksi virkamiest\u00e4.<br \/>\nHallinto maksaa yht\u00e4 paljon kuin tuotanto.\u201d<\/p>\n<p>Adam Wazyk, &#8217;Sirkkojen maassa&#8217;<\/p><\/blockquote>\n<p>Runoilija tiet\u00e4\u00e4, mist\u00e4 kirjoitti: H\u00e4n on el\u00e4nyt se ymp\u00e4rill\u00e4\u00e4n. T\u00e4n\u00e4\u00e4n, v.2026, puolalaiset ovat vapaita: <strong>Sosialismi<\/strong> on menneisyyden haalistunut karmea muisto. Mutta mit\u00e4 me kuulemme koti-Suomessa, <em>Esson-baarissa<\/em>, taksikuskien ja muiden kansankyynikoiden kantap\u00f6yd\u00e4ss\u00e4:<\/p>\n<blockquote><p>&#8221;Valtiolla (my\u00f6s kunnalla) on enemm\u00e4n v\u00e4ke\u00e4 konttorin kuin verstaan puolella.&#8221;<\/p><\/blockquote>\n<h2>-Mutta miten t\u00e4m\u00e4 liittyy aloitukseenne <em>hyvinvointivaltiosta<\/em>?<\/h2>\n<p>Kas, kun rahat uppoavat niihin virastokolosseihin, joissa ei palvella asiakasta, ei mitata pulssia, ei edes kirjoiteta sakkolappua.<\/p>\n<p>Otetaan t\u00e4h\u00e4n v\u00e4liin todistajalausunto kokemusasiantuntijalta, <strong>espoolaiselta<\/strong>, joka nuorena miehen\u00e4 oli hyl\u00e4nnyt kotimaansa Suomen, ja rakentanut tulevaisuuttaan <strong>Australia<\/strong>ssa.<\/p>\n<p>Entinen espoolainen, joka oli -onnekseen- jo nuorena ymm\u00e4rt\u00e4nyt, ettei Suomessa p\u00e4rj\u00e4\u00e4 <strong><em>yritt\u00e4misell\u00e4<\/em><\/strong>, oli uudessa etel\u00e4isess\u00e4 kotikaupungissaan perustamansa firman toimari, ja kutsuttu puolenmiljoonan asukkaan talousalueella luottamusteht\u00e4v\u00e4\u00e4n.<\/p>\n<p>Vanhassa kotimaassaan vieraillessaan espoolaistaustainen aussi p\u00e4\u00e4si sukulaistensa tarjoamalle <em>sight-seeingille<\/em> kovin kasvaneessa Espoossa. &#8221;<em>Mik\u00e4 on tuo ruma rakennus?<\/em>&#8221;, kysyi aussi. &#8221;<em>Se on virastotalo.<\/em>&#8221; -Jatkettiin kiertoajelua.<\/p>\n<p>Seuraava ruma rakennus, viereisess\u00e4 kaupunginosassa, her\u00e4tti kysymyksen. &#8221;<em>Sekin on virastotalo.<\/em>&#8221; Jatkettiin. <strong>Lepp\u00e4vaaran<\/strong>, ja <strong>Espoon &#8221;keskuksen&#8221;<\/strong> j\u00e4lkeen oli <strong>Olari<\/strong>a ja <strong>Matinkyl\u00e4<\/strong>\u00e4. &#8221;<em>Joka kyl\u00e4ss\u00e4 on virastotalo. -Mit\u00e4 ne tekee niiss\u00e4 h:tin torneissa??<\/em>&#8221; -Kukaan ei tiennyt.<\/p>\n<blockquote><p>Aussi-liikemies kommentoi: &#8221;Meill\u00e4 Australiassa -500 000:n asukkaan kaupungissa- koko virkakunta mahtuu yhteen tuollaiseen pilvenpiirt\u00e4j\u00e4\u00e4n, -joita teill\u00e4 on yksi per l\u00e4hi\u00f6.&#8221;<\/p><\/blockquote>\n<p>Kommentti: Niist\u00e4 torneista kuului &#8217;<em>sirkkojen sirityst\u00e4<\/em>&#8217;, -ellei se sitten ollut <em>sorkkien somaa sipsutusta<\/em>?<\/p>\n<h2>Julkistaloutta ei sopeutettu muuttuneeseen tilanteeseen<\/h2>\n<blockquote><p>Kun talous vapautui suomalaisen piilososialismin kahleista, -tuli integraatio, tavaran, ihmisten ja p\u00e4\u00e4omien vapaa liikkuvuus- julkisia menoja ei sopeutettu v\u00e4hentyneen tulopohjan mukaisiksi.\u00a0 Se olisi edellytt\u00e4nyt suljetun talouden sallimien vapaamatkustajien &#8217;<em>heitt\u00e4mist\u00e4 bussin alle<\/em>&#8217;.<\/p><\/blockquote>\n<p>T\u00e4n\u00e4\u00e4n luen surukseni hyvinvointipalvelujen ja sosiaalisten tulonsiirtojen puolustajien -ja toisaalla budjetti-tasapainon vartijoiden kinastelevan kesken\u00e4\u00e4n ikuisuusriidassaan, jolle ei l\u00f6ydy tulosta eik\u00e4 loppua.<\/p>\n<blockquote><p>Ei julkisen talouden krooninen ep\u00e4tasapaino, jota on jatkunut hallituskaudesta toiseen, ole ratkaistavissa palveluja ja etuja heikent\u00e4m\u00e4ll\u00e4, -sit\u00e4h\u00e4n on jo tehty- vaan iskem\u00e4ll\u00e4 julkistalouden vapaamatkustajiin.<\/p><\/blockquote>\n<p>Vapaamatkustajiin ei ole jostain syyst\u00e4 koskettu. Miksi ei. -K\u00e4yd\u00e4\u00e4nh\u00e4n el\u00e4kel\u00e4isenkin kukkarolla.<\/p>\n<p>Pekka Kemppainen<\/p>\n<h2>Aiempia julkaisuja:<\/h2>\n<p>04.05. 2024:<\/p>\n<blockquote class=\"wp-embedded-content\" data-secret=\"4evQ0y6zzj\"><p><a href=\"https:\/\/www.uutispeili.fi\/index.php\/2024\/05\/04\/niin-miten-suomessa-voi-yhdistya-korkea-veroaste-rapautuvat-palvelut-ja-julkinen-velkaantuminen-paradoksin-avaus\/\">Niin miten Suomessa voi &#8221;yhdisty\u00e4 korkea veroaste, rapautuvat palvelut ja julkinen velkaantuminen&#8221;, -paradoksin avaus\u00a0<\/a><\/p><\/blockquote>\n<p><iframe class=\"wp-embedded-content\" sandbox=\"allow-scripts\" security=\"restricted\" style=\"position: absolute; clip: rect(1px, 1px, 1px, 1px);\" title=\"&#8221;Niin miten Suomessa voi &#8221;yhdisty\u00e4 korkea veroaste, rapautuvat palvelut ja julkinen velkaantuminen&#8221;, -paradoksin avaus\u00a0&#8221; &#8212; \" src=\"https:\/\/www.uutispeili.fi\/index.php\/2024\/05\/04\/niin-miten-suomessa-voi-yhdistya-korkea-veroaste-rapautuvat-palvelut-ja-julkinen-velkaantuminen-paradoksin-avaus\/embed\/#?secret=ov3kjB5MGy#?secret=4evQ0y6zzj\" data-secret=\"4evQ0y6zzj\" width=\"600\" height=\"338\" frameborder=\"0\" marginwidth=\"0\" marginheight=\"0\" scrolling=\"no\"><\/iframe><\/p>\n<p>15.04. 2024:<\/p>\n<blockquote class=\"wp-embedded-content\" data-secret=\"Wq9AYyRiv0\"><p><a href=\"https:\/\/www.uutispeili.fi\/index.php\/2024\/04\/15\/samat-vapaamatkustajat-vaalikaudesta-toiseen-riihessa-ei-puida-virkaralssia\/\">Samat vapaamatkustajat vaalikaudesta toiseen: Riihess\u00e4 ei puida virkar\u00e4lssi\u00e4<\/a><\/p><\/blockquote>\n<p><iframe class=\"wp-embedded-content\" sandbox=\"allow-scripts\" security=\"restricted\" style=\"position: absolute; clip: rect(1px, 1px, 1px, 1px);\" title=\"&#8221;Samat vapaamatkustajat vaalikaudesta toiseen: Riihess\u00e4 ei puida virkar\u00e4lssi\u00e4&#8221; &#8212; \" src=\"https:\/\/www.uutispeili.fi\/index.php\/2024\/04\/15\/samat-vapaamatkustajat-vaalikaudesta-toiseen-riihessa-ei-puida-virkaralssia\/embed\/#?secret=p0bSj4dcgS#?secret=Wq9AYyRiv0\" data-secret=\"Wq9AYyRiv0\" width=\"600\" height=\"338\" frameborder=\"0\" marginwidth=\"0\" marginheight=\"0\" scrolling=\"no\"><\/iframe><\/p>\n<p>19.04. 2024:<\/p>\n<blockquote class=\"wp-embedded-content\" data-secret=\"d7pI8U9kgC\"><p><a href=\"https:\/\/www.uutispeili.fi\/index.php\/2024\/04\/19\/julkista-sektoria-ymparoi-inhouse-yhtioiden-risukko-jossa-hankintoja-ei-kilpailuteta-vinkki-talouden-sopeuttajille\/\">Julkista sektoria ymp\u00e4r\u00f6i INHOUSE-yhti\u00f6iden risukko, jossa hankintoja ei kilpailuteta, -vinkki talouden sopeuttajille<\/a><\/p><\/blockquote>\n<p><iframe class=\"wp-embedded-content\" sandbox=\"allow-scripts\" security=\"restricted\" style=\"position: absolute; clip: rect(1px, 1px, 1px, 1px);\" title=\"&#8221;Julkista sektoria ymp\u00e4r\u00f6i INHOUSE-yhti\u00f6iden risukko, jossa hankintoja ei kilpailuteta, -vinkki talouden sopeuttajille&#8221; &#8212; \" src=\"https:\/\/www.uutispeili.fi\/index.php\/2024\/04\/19\/julkista-sektoria-ymparoi-inhouse-yhtioiden-risukko-jossa-hankintoja-ei-kilpailuteta-vinkki-talouden-sopeuttajille\/embed\/#?secret=sMqHNgBp8S#?secret=d7pI8U9kgC\" data-secret=\"d7pI8U9kgC\" width=\"600\" height=\"338\" frameborder=\"0\" marginwidth=\"0\" marginheight=\"0\" scrolling=\"no\"><\/iframe><\/p>\n<p>01.02. 2026:<\/p>\n<blockquote class=\"wp-embedded-content\" data-secret=\"YffWESjB1y\"><p><a href=\"https:\/\/www.uutispeili.fi\/index.php\/2026\/02\/01\/mista-saisimme-lisaa-yrittajia-oikeita-yrittajia\/\">Mist\u00e4 saisimme lis\u00e4\u00e4 yritt\u00e4ji\u00e4\u2026 -oikeita yritt\u00e4ji\u00e4<\/a><\/p><\/blockquote>\n<p><iframe class=\"wp-embedded-content\" sandbox=\"allow-scripts\" security=\"restricted\" style=\"position: absolute; clip: rect(1px, 1px, 1px, 1px);\" title=\"&#8221;Mist\u00e4 saisimme lis\u00e4\u00e4 yritt\u00e4ji\u00e4\u2026 -oikeita yritt\u00e4ji\u00e4&#8221; &#8212; \" src=\"https:\/\/www.uutispeili.fi\/index.php\/2026\/02\/01\/mista-saisimme-lisaa-yrittajia-oikeita-yrittajia\/embed\/#?secret=Syl1AuqSih#?secret=YffWESjB1y\" data-secret=\"YffWESjB1y\" width=\"600\" height=\"338\" frameborder=\"0\" marginwidth=\"0\" marginheight=\"0\" scrolling=\"no\"><\/iframe><\/p>\n<p>18.08. 2024:<\/p>\n<blockquote class=\"wp-embedded-content\" data-secret=\"J0SZRoiwH7\"><p><a href=\"https:\/\/www.uutispeili.fi\/index.php\/2024\/08\/18\/hyvinvointivaltio-todellisessa-vaarassa-hallinto-pohottyy-hoidoista-leikataan\/\">Hyvinvointivaltio todellisessa vaarassa, -hallinto p\u00f6h\u00f6ttyy, hoidoista leikataan<\/a><\/p><\/blockquote>\n<p><iframe class=\"wp-embedded-content\" sandbox=\"allow-scripts\" security=\"restricted\" style=\"position: absolute; clip: rect(1px, 1px, 1px, 1px);\" title=\"&#8221;Hyvinvointivaltio todellisessa vaarassa, -hallinto p\u00f6h\u00f6ttyy, hoidoista leikataan&#8221; &#8212; \" src=\"https:\/\/www.uutispeili.fi\/index.php\/2024\/08\/18\/hyvinvointivaltio-todellisessa-vaarassa-hallinto-pohottyy-hoidoista-leikataan\/embed\/#?secret=rW0OhAlXb2#?secret=J0SZRoiwH7\" data-secret=\"J0SZRoiwH7\" width=\"600\" height=\"338\" frameborder=\"0\" marginwidth=\"0\" marginheight=\"0\" scrolling=\"no\"><\/iframe><\/p>\n<p>08.08. 2024:<\/p>\n<blockquote class=\"wp-embedded-content\" data-secret=\"i765CUri0Z\"><p><a href=\"https:\/\/www.uutispeili.fi\/index.php\/2024\/08\/08\/julkisen-sektorin-vakimaara-ylitti-viime-vuonna-ensimmaista-kertaa-historiassa-700-000n-henkilon-rajan\/\">Julkisen sektorin v\u00e4kim\u00e4\u00e4r\u00e4 ylitti vuonna 2023 -ensimm\u00e4ist\u00e4 kertaa historiassa- 700 000:n henkil\u00f6n rajan<\/a><\/p><\/blockquote>\n<p><iframe class=\"wp-embedded-content\" sandbox=\"allow-scripts\" security=\"restricted\" style=\"position: absolute; clip: rect(1px, 1px, 1px, 1px);\" title=\"&#8221;Julkisen sektorin v\u00e4kim\u00e4\u00e4r\u00e4 ylitti vuonna 2023 -ensimm\u00e4ist\u00e4 kertaa historiassa- 700 000:n henkil\u00f6n rajan&#8221; &#8212; \" src=\"https:\/\/www.uutispeili.fi\/index.php\/2024\/08\/08\/julkisen-sektorin-vakimaara-ylitti-viime-vuonna-ensimmaista-kertaa-historiassa-700-000n-henkilon-rajan\/embed\/#?secret=1P8xg2E5Og#?secret=i765CUri0Z\" data-secret=\"i765CUri0Z\" width=\"600\" height=\"338\" frameborder=\"0\" marginwidth=\"0\" marginheight=\"0\" scrolling=\"no\"><\/iframe><\/p>\n<p>02.08. 2025:<\/p>\n<blockquote class=\"wp-embedded-content\" data-secret=\"6giKS4bZHy\"><p><a href=\"https:\/\/www.uutispeili.fi\/index.php\/2025\/08\/08\/jarjestotoiminta-kasvatti-heidat-ja-veronmaksaja-elattaa\/\">&#8221;J\u00e4rjest\u00f6toiminta kasvatti heid\u00e4t&#8221; -ja veronmaksaja el\u00e4tt\u00e4\u00e4<\/a><\/p><\/blockquote>\n<p><iframe class=\"wp-embedded-content\" sandbox=\"allow-scripts\" security=\"restricted\" style=\"position: absolute; clip: rect(1px, 1px, 1px, 1px);\" title=\"&#8221;&#8221;J\u00e4rjest\u00f6toiminta kasvatti heid\u00e4t&#8221; -ja veronmaksaja el\u00e4tt\u00e4\u00e4&#8221; &#8212; \" src=\"https:\/\/www.uutispeili.fi\/index.php\/2025\/08\/08\/jarjestotoiminta-kasvatti-heidat-ja-veronmaksaja-elattaa\/embed\/#?secret=AMUskCzRPz#?secret=6giKS4bZHy\" data-secret=\"6giKS4bZHy\" width=\"600\" height=\"338\" frameborder=\"0\" marginwidth=\"0\" marginheight=\"0\" scrolling=\"no\"><\/iframe><\/p>\n<p>04.11. 2025:<\/p>\n<blockquote class=\"wp-embedded-content\" data-secret=\"vd41ZuMSxq\"><p><a href=\"https:\/\/www.uutispeili.fi\/index.php\/2025\/11\/04\/suomen-talouden-rakenteellinen-ongelma-on-nimetty-julkinen-sektori-ei-voi-olla-kasvun-veturi-se-on-jarru-ja-talouden-tappaja\/\">Suomen talouden rakenteellinen ongelma on nimetty: Julkinen sektori ei voi olla &#8221;kasvun veturi&#8221;, -se on jarru ja talouden tappaja<\/a><\/p><\/blockquote>\n<p><iframe class=\"wp-embedded-content\" sandbox=\"allow-scripts\" security=\"restricted\" style=\"position: absolute; clip: rect(1px, 1px, 1px, 1px);\" title=\"&#8221;Suomen talouden rakenteellinen ongelma on nimetty: Julkinen sektori ei voi olla &#8221;kasvun veturi&#8221;, -se on jarru ja talouden tappaja&#8221; &#8212; \" src=\"https:\/\/www.uutispeili.fi\/index.php\/2025\/11\/04\/suomen-talouden-rakenteellinen-ongelma-on-nimetty-julkinen-sektori-ei-voi-olla-kasvun-veturi-se-on-jarru-ja-talouden-tappaja\/embed\/#?secret=bTfgWVCpQY#?secret=vd41ZuMSxq\" data-secret=\"vd41ZuMSxq\" width=\"600\" height=\"338\" frameborder=\"0\" marginwidth=\"0\" marginheight=\"0\" scrolling=\"no\"><\/iframe><\/p>\n<p>18.01. 2026:<\/p>\n<blockquote class=\"wp-embedded-content\" data-secret=\"a0QqegtYjx\"><p><a href=\"https:\/\/www.uutispeili.fi\/index.php\/2026\/01\/18\/palvelut-heikkenevat-tulonsiirrot-pienevat-mutta-julkinen-sektori-paisuu-yha\/\">Palvelut heikkenev\u00e4t, tulonsiirrot pienev\u00e4t, mutta &#8221;Julkinen sektori paisuu yh\u00e4&#8221;<\/a><\/p><\/blockquote>\n<p><iframe class=\"wp-embedded-content\" sandbox=\"allow-scripts\" security=\"restricted\" style=\"position: absolute; clip: rect(1px, 1px, 1px, 1px);\" title=\"&#8221;Palvelut heikkenev\u00e4t, tulonsiirrot pienev\u00e4t, mutta &#8221;Julkinen sektori paisuu yh\u00e4&#8221;&#8221; &#8212; \" src=\"https:\/\/www.uutispeili.fi\/index.php\/2026\/01\/18\/palvelut-heikkenevat-tulonsiirrot-pienevat-mutta-julkinen-sektori-paisuu-yha\/embed\/#?secret=GMVe6kzaXG#?secret=a0QqegtYjx\" data-secret=\"a0QqegtYjx\" width=\"600\" height=\"338\" frameborder=\"0\" marginwidth=\"0\" marginheight=\"0\" scrolling=\"no\"><\/iframe><\/p>\n","protected":false},"excerpt":{"rendered":"<p>Suomen ylivelkaantuminen on kestopuheenaihe, ja &#8217;leikkaukset&#8217; sen kauhuefekti. Miten t\u00e4h\u00e4n on p\u00e4\u00e4dytty, -se on nyt tarkastelussa. Idea &#8217;kollektiivisesta hyvinvointitakuusta&#8217;, -siis ett\u00e4 jokaiselle varmistetaan sovitun mukainen olemassaolo-minimi, ja kustannukset siit\u00e4 jaetaan kaikkien kesken- esitettiin kirjallisuudessa ensimm\u00e4isen kerran(?) Ruotsissa 1930-luvulla: Gunnar Myrdalin ymm\u00e4rt\u00e4ess\u00e4, ett\u00e4 rahat riitt\u00e4v\u00e4t kaikkien tavoitettavissa oleviin julkisiin peruspalveluihin ja pahimman kurjuuden poistaviin tulonsiirtoihin. Idean [&hellip;]<\/p>\n","protected":false},"author":3,"featured_media":11549,"comment_status":"open","ping_status":"open","sticky":false,"template":"","format":"standard","meta":{"footnotes":""},"categories":[31],"tags":[],"_links":{"self":[{"href":"https:\/\/www.uutispeili.fi\/index.php\/wp-json\/wp\/v2\/posts\/11543"}],"collection":[{"href":"https:\/\/www.uutispeili.fi\/index.php\/wp-json\/wp\/v2\/posts"}],"about":[{"href":"https:\/\/www.uutispeili.fi\/index.php\/wp-json\/wp\/v2\/types\/post"}],"author":[{"embeddable":true,"href":"https:\/\/www.uutispeili.fi\/index.php\/wp-json\/wp\/v2\/users\/3"}],"replies":[{"embeddable":true,"href":"https:\/\/www.uutispeili.fi\/index.php\/wp-json\/wp\/v2\/comments?post=11543"}],"version-history":[{"count":6,"href":"https:\/\/www.uutispeili.fi\/index.php\/wp-json\/wp\/v2\/posts\/11543\/revisions"}],"predecessor-version":[{"id":11557,"href":"https:\/\/www.uutispeili.fi\/index.php\/wp-json\/wp\/v2\/posts\/11543\/revisions\/11557"}],"wp:featuredmedia":[{"embeddable":true,"href":"https:\/\/www.uutispeili.fi\/index.php\/wp-json\/wp\/v2\/media\/11549"}],"wp:attachment":[{"href":"https:\/\/www.uutispeili.fi\/index.php\/wp-json\/wp\/v2\/media?parent=11543"}],"wp:term":[{"taxonomy":"category","embeddable":true,"href":"https:\/\/www.uutispeili.fi\/index.php\/wp-json\/wp\/v2\/categories?post=11543"},{"taxonomy":"post_tag","embeddable":true,"href":"https:\/\/www.uutispeili.fi\/index.php\/wp-json\/wp\/v2\/tags?post=11543"}],"curies":[{"name":"wp","href":"https:\/\/api.w.org\/{rel}","templated":true}]}}