{"id":11527,"date":"2026-03-12T19:17:08","date_gmt":"2026-03-12T17:17:08","guid":{"rendered":"https:\/\/www.uutispeili.fi\/?p=11527"},"modified":"2026-03-13T16:24:03","modified_gmt":"2026-03-13T14:24:03","slug":"oppositio-tyoelaman-muutokset-uhka-odottaville-naisille","status":"publish","type":"post","link":"https:\/\/www.uutispeili.fi\/index.php\/2026\/03\/12\/oppositio-tyoelaman-muutokset-uhka-odottaville-naisille\/","title":{"rendered":"Oppositio: Ty\u00f6el\u00e4m\u00e4n muutokset uhka odottaville naisille"},"content":{"rendered":"<p><strong>Opposition mielest\u00e4 hallituksen muutokset ty\u00f6el\u00e4m\u00e4 asioihin -esimerkiksi irtisanomissuojan heikent\u00e4minen- on erityisesti uhka raskaana oleville naisille.<\/strong><\/p>\n<p>(Kuva: Matias Marttinen 12.03. 2026, kuval\u00e4hde: Eduskunta.)<\/p>\n<p>Ty\u00f6ministeri <strong>Matias Marttinen<\/strong> vakuutti kyselytunnilla torstaina, ettei hallitus &#8221;<em>mill\u00e4\u00e4n tavalla v\u00e4h\u00e4ttele huolta raskaana olevien naisten ty\u00f6markkina-asemasta<\/em>&#8221;.<\/p>\n<p>Hallituksen puolelta muistutettiin oppositiota siit\u00e4, ett\u00e4 hallituksen teht\u00e4v\u00e4 ei ole luoda uusia ty\u00f6paikkoja, vaan edellytykset sille mm. lains\u00e4\u00e4d\u00e4nn\u00f6ll\u00e4 ja esimerkiksi luvituksien helpotuksilla.<\/p>\n<h2>Nuorisogallupista p\u00e4invastaiset tulkinnat<\/h2>\n<p>Hallituksen mielest\u00e4 nuorten huolta tulevaisuudesta pit\u00e4\u00e4 ruokkia toivolla, -madaltamalla yrityksiss\u00e4 sen ensimm\u00e4isen ty\u00f6paikan luomista.<\/p>\n<blockquote><p>Opposition mielest\u00e4 kaikki hallituksen esitykset, -kuten tuo irtisanomisen helpottaminen- pelottaa nuoria.<\/p><\/blockquote>\n<h2>Kaupan j\u00e4ttil\u00e4isten viljelij\u00e4it\u00e4 riist\u00e4v\u00e4t sopimukset revit\u00e4\u00e4n<\/h2>\n<p>N\u00e4in lupasi maa- ja mets\u00e4talousministeri <strong>Sari Essayah<\/strong>. Hallitus on h\u00e4nen mukaansa t\u00e4ysin yksimielinen uudesta <strong>elintarvikemarkkinalaista<\/strong>, mutta sen aikataulusta\u00a0 -siis tuomista hallituksen p\u00f6yt\u00e4\u00e4n ja eduskunnan hyv\u00e4ksytt\u00e4v\u00e4ksi- ei ole viel\u00e4 p\u00e4\u00e4tetty.<\/p>\n<figure id=\"attachment_11522\" aria-describedby=\"caption-attachment-11522\" style=\"width: 800px\" class=\"wp-caption aligncenter\"><img loading=\"lazy\" decoding=\"async\" class=\"wp-image-11522 size-full\" src=\"https:\/\/www.uutispeili.fi\/wp-content\/uploads\/2026\/03\/sari.essayah11032026-800450.png\" alt=\"\" width=\"800\" height=\"450\" srcset=\"https:\/\/www.uutispeili.fi\/wp-content\/uploads\/2026\/03\/sari.essayah11032026-800450.png 800w, https:\/\/www.uutispeili.fi\/wp-content\/uploads\/2026\/03\/sari.essayah11032026-800450-300x169.png 300w, https:\/\/www.uutispeili.fi\/wp-content\/uploads\/2026\/03\/sari.essayah11032026-800450-768x432.png 768w\" sizes=\"(max-width: 800px) 100vw, 800px\" \/><figcaption id=\"caption-attachment-11522\" class=\"wp-caption-text\">Kuva 11.03. 2026, kuval\u00e4hde: Eduskunta.<\/figcaption><\/figure>\n<blockquote><p>Oppositio per\u00e4si asiaa moneen kertaan. koska ministeri Essayh lupasi viime viikolla tuoda asian eduskuntaan. -Ei n\u00e4y-, kuka jarruttaa?<\/p><\/blockquote>\n<p>My\u00f6s elintarvikevaltuutettu kannattaa lain pikaista tuomista eduskuntaan. Essayh ei suostunut kertomaan &#8221;<em>kuka jarruttaa<\/em>&#8221;.<\/p>\n<h2>Urheilijoille ei pakkoa osallistua ideologisiin taisteluihin<\/h2>\n<p>Viime viikkoinen kohu Turussa, SETA:n vaatimuksista TPS:n pelaajan kielt\u00e4ytyess\u00e4 pelaamasta <em>sateenkaari<\/em> paidassa, oli &#8221;joulupukki&#8221;. <strong>Ari Koposen<\/strong> kysymys, ett\u00e4 onko pakko?<\/p>\n<figure id=\"attachment_11529\" aria-describedby=\"caption-attachment-11529\" style=\"width: 800px\" class=\"wp-caption aligncenter\"><img loading=\"lazy\" decoding=\"async\" class=\"wp-image-11529 size-full\" src=\"https:\/\/www.uutispeili.fi\/wp-content\/uploads\/2026\/03\/ari.koponen12032026-800461.png\" alt=\"\" width=\"800\" height=\"461\" srcset=\"https:\/\/www.uutispeili.fi\/wp-content\/uploads\/2026\/03\/ari.koponen12032026-800461.png 800w, https:\/\/www.uutispeili.fi\/wp-content\/uploads\/2026\/03\/ari.koponen12032026-800461-300x173.png 300w, https:\/\/www.uutispeili.fi\/wp-content\/uploads\/2026\/03\/ari.koponen12032026-800461-768x443.png 768w\" sizes=\"(max-width: 800px) 100vw, 800px\" \/><figcaption id=\"caption-attachment-11529\" class=\"wp-caption-text\">Kuva 12.03. 2026, kuval\u00e4hde: Eduskunta.<\/figcaption><\/figure>\n<p>Urheilu- ja kulttuuriministeri <strong>Mika Pouta<\/strong> vastasi hallituksen puolesta, ettei todellakaan ole pakko, ja h\u00e4n -entinen huippu-urheilija itsekin- kertoi, ett\u00e4 suurin osa urheilijoista ei todellakaan halua puhua tai olla mill\u00e4\u00e4n tavalla tekemisiss\u00e4 politiikan tai siihen liittyvien aiheiden kanssa.<\/p>\n<p>T\u00e4m\u00e4 oli hallitukselta selv\u00e4 viesti, ett\u00e4 on turha kuvitella, ett\u00e4 n\u00e4m\u00e4 puolueet tulisivat s\u00e4\u00e4t\u00e4m\u00e4\u00e4n jotain lakia joka antaa <em>tuomarin oikeudet<\/em> maamme kansasta 1-2 %:a edustaville yhdistyksille.<\/p>\n<p>Seppo Huhta<\/p>\n","protected":false},"excerpt":{"rendered":"<p>Opposition mielest\u00e4 hallituksen muutokset ty\u00f6el\u00e4m\u00e4 asioihin -esimerkiksi irtisanomissuojan heikent\u00e4minen- on erityisesti uhka raskaana oleville naisille. (Kuva: Matias Marttinen 12.03. 2026, kuval\u00e4hde: Eduskunta.) Ty\u00f6ministeri Matias Marttinen vakuutti kyselytunnilla torstaina, ettei hallitus &#8221;mill\u00e4\u00e4n tavalla v\u00e4h\u00e4ttele huolta raskaana olevien naisten ty\u00f6markkina-asemasta&#8221;. Hallituksen puolelta muistutettiin oppositiota siit\u00e4, ett\u00e4 hallituksen teht\u00e4v\u00e4 ei ole luoda uusia ty\u00f6paikkoja, vaan edellytykset sille mm. [&hellip;]<\/p>\n","protected":false},"author":5,"featured_media":11528,"comment_status":"open","ping_status":"open","sticky":false,"template":"","format":"standard","meta":{"footnotes":""},"categories":[49],"tags":[],"_links":{"self":[{"href":"https:\/\/www.uutispeili.fi\/index.php\/wp-json\/wp\/v2\/posts\/11527"}],"collection":[{"href":"https:\/\/www.uutispeili.fi\/index.php\/wp-json\/wp\/v2\/posts"}],"about":[{"href":"https:\/\/www.uutispeili.fi\/index.php\/wp-json\/wp\/v2\/types\/post"}],"author":[{"embeddable":true,"href":"https:\/\/www.uutispeili.fi\/index.php\/wp-json\/wp\/v2\/users\/5"}],"replies":[{"embeddable":true,"href":"https:\/\/www.uutispeili.fi\/index.php\/wp-json\/wp\/v2\/comments?post=11527"}],"version-history":[{"count":1,"href":"https:\/\/www.uutispeili.fi\/index.php\/wp-json\/wp\/v2\/posts\/11527\/revisions"}],"predecessor-version":[{"id":11530,"href":"https:\/\/www.uutispeili.fi\/index.php\/wp-json\/wp\/v2\/posts\/11527\/revisions\/11530"}],"wp:featuredmedia":[{"embeddable":true,"href":"https:\/\/www.uutispeili.fi\/index.php\/wp-json\/wp\/v2\/media\/11528"}],"wp:attachment":[{"href":"https:\/\/www.uutispeili.fi\/index.php\/wp-json\/wp\/v2\/media?parent=11527"}],"wp:term":[{"taxonomy":"category","embeddable":true,"href":"https:\/\/www.uutispeili.fi\/index.php\/wp-json\/wp\/v2\/categories?post=11527"},{"taxonomy":"post_tag","embeddable":true,"href":"https:\/\/www.uutispeili.fi\/index.php\/wp-json\/wp\/v2\/tags?post=11527"}],"curies":[{"name":"wp","href":"https:\/\/api.w.org\/{rel}","templated":true}]}}