{"id":11513,"date":"2026-03-11T16:49:39","date_gmt":"2026-03-11T14:49:39","guid":{"rendered":"https:\/\/www.uutispeili.fi\/?p=11513"},"modified":"2026-03-11T16:49:40","modified_gmt":"2026-03-11T14:49:40","slug":"digitalisaatio-ei-saa-heikentaa-oikeusturvaa-viranomaisviestinnan-pitaa-tavoittaa-vaikka-digitaidot-puuttuisivat","status":"publish","type":"post","link":"https:\/\/www.uutispeili.fi\/index.php\/2026\/03\/11\/digitalisaatio-ei-saa-heikentaa-oikeusturvaa-viranomaisviestinnan-pitaa-tavoittaa-vaikka-digitaidot-puuttuisivat\/","title":{"rendered":"Digitalisaatio ei saa heikent\u00e4\u00e4 oikeusturvaa \u2013 viranomaisviestinn\u00e4n pit\u00e4\u00e4 tavoittaa vaikka digitaidot puuttuisivat"},"content":{"rendered":"<p><strong>Kansanedustaja Tiina Elo (Vihre\u00e4t) vaatii hallituksen s\u00e4hk\u00f6ist\u00e4 tiedoksiantoa koskevan lakiesityksen hylk\u00e4\u00e4mist\u00e4, koska se voi vaarantaa kansalaisten oikeusturvan ja j\u00e4tt\u00e4\u00e4 monet ilman t\u00e4rkeit\u00e4 viranomaisviestej\u00e4.<\/strong><\/p>\n<p>(Arkistokuva. kuval\u00e4hde: Eduskunta.)<\/p>\n<p><strong>Tiina Elo<\/strong>n mukaan viranomaisviestinn\u00e4n on tavoitettava kaikki \u2013 my\u00f6s ne, joilla ei ole digilaitteita tai riitt\u00e4vi\u00e4 digitaitoja.<\/p>\n<p>Eduskunta \u00e4\u00e4nest\u00e4\u00e4 t\u00e4n\u00e4\u00e4n hallituksen esityksest\u00e4 koskien s\u00e4hk\u00f6isen tiedoksiannon ensisijaisuutta viranomaistoiminnassa. Vihre\u00e4t vastustaa esityst\u00e4 ja \u00e4\u00e4nest\u00e4\u00e4 lakiesityksen hylk\u00e4\u00e4misen puolesta.<\/p>\n<blockquote><p>\u2013 Digitaalinen asiointi helpottaa monien kansalaisten arkea ja tehostaa viranomaistoimintaa. Hallitus on kuitenkin l\u00e4htenyt s\u00e4\u00e4st\u00f6jen nimiss\u00e4 k\u00e4yt\u00e4nn\u00f6ss\u00e4 pakottamaan digitaalisten palvelujen k\u00e4ytt\u00f6\u00f6n, vaikkei kaikilla ole laitteita tai riitt\u00e4vi\u00e4 digitaitoja, Elo ihmettelee.<\/p><\/blockquote>\n<p>Hallituksen esityksen l\u00e4ht\u00f6kohta on, ett\u00e4 viranomaisen tiedoksiannot l\u00e4hetet\u00e4\u00e4n jatkossa ensisijaisesti s\u00e4hk\u00f6isesti niille hallinnon asiakkaille, joille se on mahdollista. Valittu toteutustapa sis\u00e4lt\u00e4\u00e4 Elon mukaan kuitenkin merkitt\u00e4vi\u00e4 oikeusturvariskej\u00e4.<\/p>\n<blockquote><p>\u2013 Esityksess\u00e4 siirryt\u00e4\u00e4n suostumusperusteisesta mallista j\u00e4rjestelm\u00e4\u00e4n, jossa s\u00e4hk\u00f6inen tiedoksianto voi tapahtua ilman vastaanottajan erillist\u00e4 suostumusta, ja kansalaisen vastuulle j\u00e4\u00e4 viimek\u00e4dess\u00e4 huolehtia itse siit\u00e4, ettei h\u00e4n kuulu s\u00e4hk\u00f6isen tiedoksiannon piiriin. T\u00e4ss\u00e4 on riski, ett\u00e4 t\u00e4rkeit\u00e4 viranomaisviestej\u00e4 j\u00e4\u00e4 saamatta, jos ei ole erikseen ymm\u00e4rt\u00e4nyt varmistaa, ett\u00e4 viestit tulevat edelleen postitse. Erityisesti t\u00e4m\u00e4 riski koskee vanhuksia sek\u00e4 muita, joiden digitaidot ovat puutteellisia, Elo muistuttaa.<\/p><\/blockquote>\n<h2>Vanhukset sivuun yhteiskunnan digitalisaatiokehityksess\u00e4<\/h2>\n<p>Esimerkiksi <strong>vanhusasiavaltuutettu<\/strong> on kritisoinut vanhusten sivuuttamista yhteiskunnan digitalisaatiokehityksess\u00e4. Vanhusasiavaltuutetun mukaan noin 300 000 vanhusta on kokonaan vailla digitaitoja ja suunnilleen yht\u00e4 monen digitaidot eiv\u00e4t riit\u00e4 itsen\u00e4iseen asiointiin.<\/p>\n<blockquote><p>\u2013 Samaan aikaan, kun hallitus on s\u00e4hk\u00f6ist\u00e4nyt palveluita voimallisesti, se ei ole huolehtinut digituen riitt\u00e4vist\u00e4 resursseista. Vastuu digituen j\u00e4rjest\u00e4misest\u00e4 on j\u00e4\u00e4nyt k\u00e4yt\u00e4nn\u00f6ss\u00e4 kunnille ja j\u00e4rjest\u00f6ille, joiden rahoitusta on leikattu. Kaikilla ei ole omaisia tai yst\u00e4vi\u00e4, jotka voisivat auttaa, Elo muistuttaa.<\/p><\/blockquote>\n<p>\u2013 <em>Viranomaisviestinn\u00e4n pit\u00e4\u00e4 tavoittaa kaikki, my\u00f6s ne, joilta digitaidot puuttuvat<\/em>, Elo p\u00e4\u00e4tt\u00e4\u00e4. <img loading=\"lazy\" decoding=\"async\" class=\"alignnone size-full wp-image-144\" src=\"https:\/\/www.uutispeili.fi\/wp-content\/uploads\/2023\/11\/di.gold_.gif\" alt=\"\" width=\"11\" height=\"11\" \/><\/p>\n<p>(Uutispeili ei ole muokannut artikkelin sis\u00e4lt\u00f6\u00e4.)<\/p>\n","protected":false},"excerpt":{"rendered":"<p>Kansanedustaja Tiina Elo (Vihre\u00e4t) vaatii hallituksen s\u00e4hk\u00f6ist\u00e4 tiedoksiantoa koskevan lakiesityksen hylk\u00e4\u00e4mist\u00e4, koska se voi vaarantaa kansalaisten oikeusturvan ja j\u00e4tt\u00e4\u00e4 monet ilman t\u00e4rkeit\u00e4 viranomaisviestej\u00e4. (Arkistokuva. kuval\u00e4hde: Eduskunta.) Tiina Elon mukaan viranomaisviestinn\u00e4n on tavoitettava kaikki \u2013 my\u00f6s ne, joilla ei ole digilaitteita tai riitt\u00e4vi\u00e4 digitaitoja. Eduskunta \u00e4\u00e4nest\u00e4\u00e4 t\u00e4n\u00e4\u00e4n hallituksen esityksest\u00e4 koskien s\u00e4hk\u00f6isen tiedoksiannon ensisijaisuutta viranomaistoiminnassa. Vihre\u00e4t vastustaa [&hellip;]<\/p>\n","protected":false},"author":3,"featured_media":9516,"comment_status":"open","ping_status":"open","sticky":false,"template":"","format":"standard","meta":{"footnotes":""},"categories":[49,25],"tags":[],"_links":{"self":[{"href":"https:\/\/www.uutispeili.fi\/index.php\/wp-json\/wp\/v2\/posts\/11513"}],"collection":[{"href":"https:\/\/www.uutispeili.fi\/index.php\/wp-json\/wp\/v2\/posts"}],"about":[{"href":"https:\/\/www.uutispeili.fi\/index.php\/wp-json\/wp\/v2\/types\/post"}],"author":[{"embeddable":true,"href":"https:\/\/www.uutispeili.fi\/index.php\/wp-json\/wp\/v2\/users\/3"}],"replies":[{"embeddable":true,"href":"https:\/\/www.uutispeili.fi\/index.php\/wp-json\/wp\/v2\/comments?post=11513"}],"version-history":[{"count":1,"href":"https:\/\/www.uutispeili.fi\/index.php\/wp-json\/wp\/v2\/posts\/11513\/revisions"}],"predecessor-version":[{"id":11514,"href":"https:\/\/www.uutispeili.fi\/index.php\/wp-json\/wp\/v2\/posts\/11513\/revisions\/11514"}],"wp:featuredmedia":[{"embeddable":true,"href":"https:\/\/www.uutispeili.fi\/index.php\/wp-json\/wp\/v2\/media\/9516"}],"wp:attachment":[{"href":"https:\/\/www.uutispeili.fi\/index.php\/wp-json\/wp\/v2\/media?parent=11513"}],"wp:term":[{"taxonomy":"category","embeddable":true,"href":"https:\/\/www.uutispeili.fi\/index.php\/wp-json\/wp\/v2\/categories?post=11513"},{"taxonomy":"post_tag","embeddable":true,"href":"https:\/\/www.uutispeili.fi\/index.php\/wp-json\/wp\/v2\/tags?post=11513"}],"curies":[{"name":"wp","href":"https:\/\/api.w.org\/{rel}","templated":true}]}}