{"id":11495,"date":"2026-03-11T11:46:59","date_gmt":"2026-03-11T09:46:59","guid":{"rendered":"https:\/\/www.uutispeili.fi\/?p=11495"},"modified":"2026-03-11T11:47:00","modified_gmt":"2026-03-11T09:47:00","slug":"paikallis-ja-aikakauslehtien-jakelupalvelut-on-turvattava-kaikkialla-suomessa-sanoo-jouni-ovaska","status":"publish","type":"post","link":"https:\/\/www.uutispeili.fi\/index.php\/2026\/03\/11\/paikallis-ja-aikakauslehtien-jakelupalvelut-on-turvattava-kaikkialla-suomessa-sanoo-jouni-ovaska\/","title":{"rendered":"Paikallis- ja aikakauslehtien jakelupalvelut on turvattava kaikkialla Suomessa, sanoo Jouni Ovaska"},"content":{"rendered":"<p><strong>Eduskunnan liikenne- ja viestint\u00e4valiokunnan puheenjohtajan, kansanedustaja Jouni Ovaskan (Keskusta) mukaan p\u00e4\u00e4hallituspuolue kokoomuksella ja perussuomalaisilla on t\u00e4ysi vastuu Postin juuri ilmoittamista suurten kaupunkiseutujen ulkopuolisten jakelupalvelujen rajuista hinnankorotuksista.<\/strong><\/p>\n<p>(Arkistokuva, kuval\u00e4hde: Edsuskunta.)<\/p>\n<blockquote><p>&#8211; Hallitus vei <strong>Posti<\/strong>n p\u00f6rssiin rahoittaakseen kokoomuslaiselle p\u00e4\u00e4ministerille henkil\u00f6kohtaisesti t\u00e4rke\u00e4n <strong>Turun tunnin junan<\/strong> rakentamisrahoituksen. Maakunnissa ja maaseudulla asuvien ihmisten puolustajaksi itse\u00e4\u00e4n kehuvat perussuomalaiset pettiv\u00e4t j\u00e4lleen lupauksensa edist\u00e4ess\u00e4\u00e4n kannattamattoman junahankkeen toteutumista ja seisomalla nyt tumput suorina, kun keskitt\u00e4misen politiikka vie ihmisilt\u00e4 palvelut, <strong>Jouni Ovaska<\/strong> kommentoi.<\/p><\/blockquote>\n<p>Postin huhtikuun alussa voimaan tuleva uusi aluehinnoittelumalli on l\u00e4hes kaksinkertaistamassa jakeluhinnat suurten kaupunkiseutujen ulkopuolella. Se kasvattaisi ihmisten alueellista eriarvoisuutta.<\/p>\n<h2>Postin uusi hinnoittelupolitiikka ajaa paikallislehdet nurin<\/h2>\n<blockquote><p>&#8211; Monilla seuduilla paikallislehdet ja j\u00e4rjest\u00f6lehdet ovat ainoa s\u00e4\u00e4nn\u00f6llinen tiedonl\u00e4hde. Niiden jakelu nojaa Postiin, koska muita jakelijoita ei ole. Postin uusi hinnoittelupolitiikka uhkaa ajaa paikallislehdet nurin, jolloin ihmiset j\u00e4\u00e4v\u00e4t lehte\u00e4\u00e4n vaille.<\/p><\/blockquote>\n<p>Ovaska ihmettelee liikenne- ja viestint\u00e4ministeri <strong>Lulu Ranteen<\/strong> (Perussuomalaiset) hiljaiseloa.<\/p>\n<blockquote><p>&#8211; Vastuuministeri Ranne on useissa yhteyksiss\u00e4 painottanut, ett\u00e4 suomalaiset tarvitsevat puolueetonta, monipuolista ja moni\u00e4\u00e4nist\u00e4 mediaa, koska se on demokraattisen yhteiskunnan toimintakyvyn kannalta v\u00e4ltt\u00e4m\u00e4t\u00f6nt\u00e4. Odotan ministerilt\u00e4 toimenpiteit\u00e4.<\/p><\/blockquote>\n<p>Ovaskan mukaan suomalaisilla on oltava yhdenvertainen oikeus tietoon ja palveluihin asuinpaikasta riippumatta. Posti on edelleenkin t\u00e4rke\u00e4 osa koko maan huoltovarmuutta. Siksi sen teht\u00e4v\u00e4 ei voi perustua pelk\u00e4st\u00e4\u00e4n markkinatalouteen.<\/p>\n<blockquote><p>&#8211; Posti on yh\u00e4 osa yhteiskunnan kriittist\u00e4 infrastruktuuria ja huoltovarmuutta. Siksi hallitukselta voidaan kysy\u00e4, ohjataanko Postia t\u00e4ll\u00e4 hetkell\u00e4 tavalla, joka turvaa kaikkien suomalaisten yhdenvertaiset palvelut. Tai kuinka muutoin se aikoo turvata suurten kaupunkien ulkopuolella asuvien oikeudet, Ovaska p\u00e4\u00e4tt\u00e4\u00e4. <img loading=\"lazy\" decoding=\"async\" class=\"alignnone size-full wp-image-144\" src=\"https:\/\/www.uutispeili.fi\/wp-content\/uploads\/2023\/11\/di.gold_.gif\" alt=\"\" width=\"11\" height=\"11\" \/><\/p><\/blockquote>\n<p>(Uutispeili ei ole muokannut artikkelin sis\u00e4lt\u00f6\u00e4.)<\/p>\n","protected":false},"excerpt":{"rendered":"<p>Eduskunnan liikenne- ja viestint\u00e4valiokunnan puheenjohtajan, kansanedustaja Jouni Ovaskan (Keskusta) mukaan p\u00e4\u00e4hallituspuolue kokoomuksella ja perussuomalaisilla on t\u00e4ysi vastuu Postin juuri ilmoittamista suurten kaupunkiseutujen ulkopuolisten jakelupalvelujen rajuista hinnankorotuksista. (Arkistokuva, kuval\u00e4hde: Edsuskunta.) &#8211; Hallitus vei Postin p\u00f6rssiin rahoittaakseen kokoomuslaiselle p\u00e4\u00e4ministerille henkil\u00f6kohtaisesti t\u00e4rke\u00e4n Turun tunnin junan rakentamisrahoituksen. Maakunnissa ja maaseudulla asuvien ihmisten puolustajaksi itse\u00e4\u00e4n kehuvat perussuomalaiset pettiv\u00e4t j\u00e4lleen lupauksensa [&hellip;]<\/p>\n","protected":false},"author":3,"featured_media":4878,"comment_status":"open","ping_status":"open","sticky":false,"template":"","format":"standard","meta":{"footnotes":""},"categories":[49,184],"tags":[],"_links":{"self":[{"href":"https:\/\/www.uutispeili.fi\/index.php\/wp-json\/wp\/v2\/posts\/11495"}],"collection":[{"href":"https:\/\/www.uutispeili.fi\/index.php\/wp-json\/wp\/v2\/posts"}],"about":[{"href":"https:\/\/www.uutispeili.fi\/index.php\/wp-json\/wp\/v2\/types\/post"}],"author":[{"embeddable":true,"href":"https:\/\/www.uutispeili.fi\/index.php\/wp-json\/wp\/v2\/users\/3"}],"replies":[{"embeddable":true,"href":"https:\/\/www.uutispeili.fi\/index.php\/wp-json\/wp\/v2\/comments?post=11495"}],"version-history":[{"count":1,"href":"https:\/\/www.uutispeili.fi\/index.php\/wp-json\/wp\/v2\/posts\/11495\/revisions"}],"predecessor-version":[{"id":11496,"href":"https:\/\/www.uutispeili.fi\/index.php\/wp-json\/wp\/v2\/posts\/11495\/revisions\/11496"}],"wp:featuredmedia":[{"embeddable":true,"href":"https:\/\/www.uutispeili.fi\/index.php\/wp-json\/wp\/v2\/media\/4878"}],"wp:attachment":[{"href":"https:\/\/www.uutispeili.fi\/index.php\/wp-json\/wp\/v2\/media?parent=11495"}],"wp:term":[{"taxonomy":"category","embeddable":true,"href":"https:\/\/www.uutispeili.fi\/index.php\/wp-json\/wp\/v2\/categories?post=11495"},{"taxonomy":"post_tag","embeddable":true,"href":"https:\/\/www.uutispeili.fi\/index.php\/wp-json\/wp\/v2\/tags?post=11495"}],"curies":[{"name":"wp","href":"https:\/\/api.w.org\/{rel}","templated":true}]}}