{"id":11486,"date":"2026-03-10T19:45:35","date_gmt":"2026-03-10T17:45:35","guid":{"rendered":"https:\/\/www.uutispeili.fi\/?p=11486"},"modified":"2026-03-10T19:54:12","modified_gmt":"2026-03-10T17:54:12","slug":"muka-suvaitsevaista-pakkosyottoa-sanoo-joakim-vigelius-savinaisen-pridekohusta","status":"publish","type":"post","link":"https:\/\/www.uutispeili.fi\/index.php\/2026\/03\/10\/muka-suvaitsevaista-pakkosyottoa-sanoo-joakim-vigelius-savinaisen-pridekohusta\/","title":{"rendered":"&#8221;Muka-suvaitsevaista pakkosy\u00f6tt\u00f6\u00e4&#8221;, -sanoo Joakim Vigelius Savinaisen pridekohusta"},"content":{"rendered":"<p><strong>Kansanedustaja ja Perussuomalaisten\u00a0 2. varapuheenjohtaja Joakim Vigelius puolustaa j\u00e4\u00e4kiekkoilija Veli-Matti Savinaisen oikeutta kielt\u00e4yty\u00e4 pelaamasta pride-teemaisessa pelipaidassa.<\/strong><\/p>\n<p>(Arkistokuva, kuval\u00e4hde: Eduskunta.)<\/p>\n<blockquote><p>\u2013 <strong>Savinainen<\/strong> ei tehnyt mit\u00e4\u00e4n v\u00e4\u00e4r\u00e4\u00e4. H\u00e4n totesi kunnioittavansa kaikkia ihmisi\u00e4, mutta ei halunnut pukea pride-pelipaitaa. Jokaisen ihmisen ei tarvitse julkisesti liputtaa ja valita puoliaan poliittisissa taistoissa, <strong>Joakim Vigelius<\/strong> kirjoittaa Facebook-julkaisussaan.<\/p><\/blockquote>\n<h2>On irvokasta pakottaa urheilijaa toimimaan arvojensa vastaisesti<\/h2>\n<p>Vigeliuksen mukaan on irvokas asetelma pakottaa urheilija ensin valitsemaan arvojensa mukaisen tai vastaisen toiminnan v\u00e4lill\u00e4 ja h\u00e4nen valitessaan rangaista &#8217;<em>&#8217;v\u00e4\u00e4r\u00e4st\u00e4&#8217;<\/em>&#8217; valinnasta. Vigelius katsoo sen olevan ep\u00e4reilua painostusta ja ideologista pakkosy\u00f6tt\u00f6\u00e4.<\/p>\n<p>H\u00e4n my\u00f6s pit\u00e4\u00e4 vihreiden puheenjohtaja <strong>Sofia Virran<\/strong> ja <strong>Turun seudun Setan<\/strong> ulostuloja tekopyhin\u00e4.<\/p>\n<blockquote><p>\u2013 Vastaavaa j\u00e4\u00e4hylle itsens\u00e4 pelaamista ja kotij\u00e4ill\u00e4 kompurointia ei ole itsens\u00e4 suvaitsevaisiksi tituleeraavilta hetkeen n\u00e4hty.<\/p>\n<p>\u2013 Vaikka j\u00e4\u00e4kiekkoskene\u00e4 monesti arvostellaan &#8221;suvaitsemattomuudesta&#8221; ja &#8221;ummehtuneista asenteista&#8221;, tosiasiassa n\u00e4it\u00e4 ilmensiv\u00e4t nimenomaan ulkopuolisten kommentaattorien hy\u00f6kk\u00e4ys Savinaista vastaan.<\/p><\/blockquote>\n<p>Vigelius korostaa, ett\u00e4 todellinen suvaitsevaisuus tarkoittaa my\u00f6s erimielisyyden siet\u00e4mist\u00e4.<\/p>\n<blockquote><p>&#8221;Ei kanssasi samaa mielt\u00e4 olevan suvaitseminen vaadi sinulta ihmisen\u00e4 yht\u00e4\u00e4n mit\u00e4\u00e4n.&#8221; <img loading=\"lazy\" decoding=\"async\" class=\"alignnone size-full wp-image-144\" src=\"https:\/\/www.uutispeili.fi\/wp-content\/uploads\/2023\/11\/di.gold_.gif\" alt=\"\" width=\"11\" height=\"11\" \/><\/p><\/blockquote>\n<p>(Uutispeili ei ole muokannut artikkelin sis\u00e4lt\u00f6\u00e4.)<\/p>\n<p>Aiempia uutisia:<\/p>\n<p>09-03. 2026:<\/p>\n<blockquote class=\"wp-embedded-content\" data-secret=\"ly54OfotDB\"><p><a href=\"https:\/\/www.uutispeili.fi\/index.php\/2026\/03\/09\/yrittaako-seta-tehda-toisinajattelijoista-lainsuojattomia-kysyy-kansanedustaja\/\">&#8217;Yritt\u00e4\u00e4k\u00f6 SETA tehd\u00e4 toisinajattelijoista lainsuojattomia?&#8217; -kysyy kansanedustaja<\/a><\/p><\/blockquote>\n<p><iframe class=\"wp-embedded-content\" sandbox=\"allow-scripts\" security=\"restricted\" style=\"position: absolute; clip: rect(1px, 1px, 1px, 1px);\" title=\"&#8221;&#8217;Yritt\u00e4\u00e4k\u00f6 SETA tehd\u00e4 toisinajattelijoista lainsuojattomia?&#8217; -kysyy kansanedustaja&#8221; &#8212; \" src=\"https:\/\/www.uutispeili.fi\/index.php\/2026\/03\/09\/yrittaako-seta-tehda-toisinajattelijoista-lainsuojattomia-kysyy-kansanedustaja\/embed\/#?secret=v7XXVhVsp8#?secret=ly54OfotDB\" data-secret=\"ly54OfotDB\" width=\"600\" height=\"338\" frameborder=\"0\" marginwidth=\"0\" marginheight=\"0\" scrolling=\"no\"><\/iframe><\/p>\n","protected":false},"excerpt":{"rendered":"<p>Kansanedustaja ja Perussuomalaisten\u00a0 2. varapuheenjohtaja Joakim Vigelius puolustaa j\u00e4\u00e4kiekkoilija Veli-Matti Savinaisen oikeutta kielt\u00e4yty\u00e4 pelaamasta pride-teemaisessa pelipaidassa. (Arkistokuva, kuval\u00e4hde: Eduskunta.) \u2013 Savinainen ei tehnyt mit\u00e4\u00e4n v\u00e4\u00e4r\u00e4\u00e4. H\u00e4n totesi kunnioittavansa kaikkia ihmisi\u00e4, mutta ei halunnut pukea pride-pelipaitaa. Jokaisen ihmisen ei tarvitse julkisesti liputtaa ja valita puoliaan poliittisissa taistoissa, Joakim Vigelius kirjoittaa Facebook-julkaisussaan. On irvokasta pakottaa urheilijaa toimimaan [&hellip;]<\/p>\n","protected":false},"author":3,"featured_media":2492,"comment_status":"open","ping_status":"open","sticky":false,"template":"","format":"standard","meta":{"footnotes":""},"categories":[49,217,12],"tags":[],"_links":{"self":[{"href":"https:\/\/www.uutispeili.fi\/index.php\/wp-json\/wp\/v2\/posts\/11486"}],"collection":[{"href":"https:\/\/www.uutispeili.fi\/index.php\/wp-json\/wp\/v2\/posts"}],"about":[{"href":"https:\/\/www.uutispeili.fi\/index.php\/wp-json\/wp\/v2\/types\/post"}],"author":[{"embeddable":true,"href":"https:\/\/www.uutispeili.fi\/index.php\/wp-json\/wp\/v2\/users\/3"}],"replies":[{"embeddable":true,"href":"https:\/\/www.uutispeili.fi\/index.php\/wp-json\/wp\/v2\/comments?post=11486"}],"version-history":[{"count":2,"href":"https:\/\/www.uutispeili.fi\/index.php\/wp-json\/wp\/v2\/posts\/11486\/revisions"}],"predecessor-version":[{"id":11490,"href":"https:\/\/www.uutispeili.fi\/index.php\/wp-json\/wp\/v2\/posts\/11486\/revisions\/11490"}],"wp:featuredmedia":[{"embeddable":true,"href":"https:\/\/www.uutispeili.fi\/index.php\/wp-json\/wp\/v2\/media\/2492"}],"wp:attachment":[{"href":"https:\/\/www.uutispeili.fi\/index.php\/wp-json\/wp\/v2\/media?parent=11486"}],"wp:term":[{"taxonomy":"category","embeddable":true,"href":"https:\/\/www.uutispeili.fi\/index.php\/wp-json\/wp\/v2\/categories?post=11486"},{"taxonomy":"post_tag","embeddable":true,"href":"https:\/\/www.uutispeili.fi\/index.php\/wp-json\/wp\/v2\/tags?post=11486"}],"curies":[{"name":"wp","href":"https:\/\/api.w.org\/{rel}","templated":true}]}}