{"id":11484,"date":"2026-03-10T19:35:52","date_gmt":"2026-03-10T17:35:52","guid":{"rendered":"https:\/\/www.uutispeili.fi\/?p=11484"},"modified":"2026-03-10T19:49:57","modified_gmt":"2026-03-10T17:49:57","slug":"miko-bergbom-riemastui-suvi-anne-siimeksen-ulostulosta-maahanmuuttajat-saavat-liian-helposti-kelan-elakkeita","status":"publish","type":"post","link":"https:\/\/www.uutispeili.fi\/index.php\/2026\/03\/10\/miko-bergbom-riemastui-suvi-anne-siimeksen-ulostulosta-maahanmuuttajat-saavat-liian-helposti-kelan-elakkeita\/","title":{"rendered":"Miko Bergbom riemastui Suvi-Anne Siimeksen ulostulosta: &#8221;Maahanmuuttajat saavat liian helposti Kelan el\u00e4kkeit\u00e4&#8221;"},"content":{"rendered":"<p><strong>Vasemmistoliiton entinen puheenjohtaja ja Ty\u00f6el\u00e4kevakuuttajien etuj\u00e4rjest\u00f6n Telan toimitusjohtaja Suvi-Anne Siimes my\u00f6nsi HS:n haastattelussa maahanmuuttajien saavan liian helposti kelan el\u00e4kkeit\u00e4. Oikeus takuu- ja kansanel\u00e4kkeeseen syntyy kolmen vuoden Suomessa asumisen j\u00e4lkeen.<\/strong><\/p>\n<p>(Arkistokuva, kuval\u00e4hde: Eduskunta.)<\/p>\n<blockquote><p>-On t\u00e4ysin hullua, kuinka lev\u00e4per\u00e4isesti sallimme koko maailman saapua suomalaisen sosiaaliturvaj\u00e4rjestelm\u00e4n piiriin. T\u00e4ytyy ymm\u00e4rt\u00e4\u00e4, ett\u00e4 j\u00e4rjestelm\u00e4mme ei ole suunniteltu tilanteeseen, jossa Suomeen suuntautuu voimakasta maahanmuuttoa kolmansista maista. T\u00e4t\u00e4 taustaa vasten olen eritt\u00e4in onnellinen <strong>Suvi-Anne Siimeksen<\/strong> ulostulosta, <strong>Perussuomalaisten<\/strong> kansanedustaja <strong>Miko Bergbom<\/strong> toteaa.<\/p><\/blockquote>\n<h2>Perussuomalaisten kansanedustajalta tukea linjalle \u2013 puolue menisi viel\u00e4 pidemm\u00e4lle.<\/h2>\n<p>Siimeksen mukaan el\u00e4ke-etuuksien ehtojen tiukentaminen kannustaisi maahanmuuttajia tulemaan Suomeen nuorempana t\u00f6ihin sen sijaan, ett\u00e4 tulisivat vanhana el\u00e4kkeelle.<\/p>\n<p>Perussuomalaisten eduskuntaryhm\u00e4n 2. varapuheenjohtaja <strong>Miko Bergbom<\/strong> katsoo, ett\u00e4 ep\u00e4terveet kannustimet suomalaisesta sosiaaliturvasta on syyt\u00e4 purkaa. Samaan hengenvetoon Bergbom toteaa, ett\u00e4 Suomessa on aloitettava vakava keskustelu kansalaisuusperusteisesta sosiaaliturvasta.<\/p>\n<blockquote><p>-Katson, ett\u00e4 on vain ajankysymys, kun muut puolueet tulevat kansalaisuusperusteisessa sosiaaliturvassa perussuomalaisten linjoille. On tiedossa, ett\u00e4 perustuslakimme saattaa tarvita muutoksia, mutta t\u00e4m\u00e4 on vain prosessikysymys, joka on ratkaistavissa, jos puolueilla on tahtotilaa. T\u00e4rke\u00e4\u00e4 on k\u00e4yd\u00e4 asiasta kunnon kansalaiskeskustelu, Bergbom huomauttaa. <img loading=\"lazy\" decoding=\"async\" class=\"alignnone size-full wp-image-144\" src=\"https:\/\/www.uutispeili.fi\/wp-content\/uploads\/2023\/11\/di.gold_.gif\" alt=\"\" width=\"11\" height=\"11\" \/><\/p><\/blockquote>\n<p>(Uutispeili ei ole muokannut artikkelin sis\u00e4lt\u00f6\u00e4.)<\/p>\n<p>Aiempia uutisia:<\/p>\n<p>10.03. 2026:<\/p>\n<blockquote class=\"wp-embedded-content\" data-secret=\"kWGqPqkvXj\"><p><a href=\"https:\/\/www.uutispeili.fi\/index.php\/2026\/03\/10\/tyoelakevakuuttajien-toimarilta-kovia-sanoja\/\">Ty\u00f6el\u00e4kevakuuttajien toimarilta kovia sanoja<\/a><\/p><\/blockquote>\n<p><iframe class=\"wp-embedded-content\" sandbox=\"allow-scripts\" security=\"restricted\" style=\"position: absolute; clip: rect(1px, 1px, 1px, 1px);\" title=\"&#8221;Ty\u00f6el\u00e4kevakuuttajien toimarilta kovia sanoja&#8221; &#8212; \" src=\"https:\/\/www.uutispeili.fi\/index.php\/2026\/03\/10\/tyoelakevakuuttajien-toimarilta-kovia-sanoja\/embed\/#?secret=vn4CoyAekY#?secret=kWGqPqkvXj\" data-secret=\"kWGqPqkvXj\" width=\"600\" height=\"338\" frameborder=\"0\" marginwidth=\"0\" marginheight=\"0\" scrolling=\"no\"><\/iframe><\/p>\n","protected":false},"excerpt":{"rendered":"<p>Vasemmistoliiton entinen puheenjohtaja ja Ty\u00f6el\u00e4kevakuuttajien etuj\u00e4rjest\u00f6n Telan toimitusjohtaja Suvi-Anne Siimes my\u00f6nsi HS:n haastattelussa maahanmuuttajien saavan liian helposti kelan el\u00e4kkeit\u00e4. Oikeus takuu- ja kansanel\u00e4kkeeseen syntyy kolmen vuoden Suomessa asumisen j\u00e4lkeen. (Arkistokuva, kuval\u00e4hde: Eduskunta.) -On t\u00e4ysin hullua, kuinka lev\u00e4per\u00e4isesti sallimme koko maailman saapua suomalaisen sosiaaliturvaj\u00e4rjestelm\u00e4n piiriin. T\u00e4ytyy ymm\u00e4rt\u00e4\u00e4, ett\u00e4 j\u00e4rjestelm\u00e4mme ei ole suunniteltu tilanteeseen, jossa Suomeen suuntautuu [&hellip;]<\/p>\n","protected":false},"author":3,"featured_media":3746,"comment_status":"open","ping_status":"open","sticky":false,"template":"","format":"standard","meta":{"footnotes":""},"categories":[49,145],"tags":[],"_links":{"self":[{"href":"https:\/\/www.uutispeili.fi\/index.php\/wp-json\/wp\/v2\/posts\/11484"}],"collection":[{"href":"https:\/\/www.uutispeili.fi\/index.php\/wp-json\/wp\/v2\/posts"}],"about":[{"href":"https:\/\/www.uutispeili.fi\/index.php\/wp-json\/wp\/v2\/types\/post"}],"author":[{"embeddable":true,"href":"https:\/\/www.uutispeili.fi\/index.php\/wp-json\/wp\/v2\/users\/3"}],"replies":[{"embeddable":true,"href":"https:\/\/www.uutispeili.fi\/index.php\/wp-json\/wp\/v2\/comments?post=11484"}],"version-history":[{"count":2,"href":"https:\/\/www.uutispeili.fi\/index.php\/wp-json\/wp\/v2\/posts\/11484\/revisions"}],"predecessor-version":[{"id":11488,"href":"https:\/\/www.uutispeili.fi\/index.php\/wp-json\/wp\/v2\/posts\/11484\/revisions\/11488"}],"wp:featuredmedia":[{"embeddable":true,"href":"https:\/\/www.uutispeili.fi\/index.php\/wp-json\/wp\/v2\/media\/3746"}],"wp:attachment":[{"href":"https:\/\/www.uutispeili.fi\/index.php\/wp-json\/wp\/v2\/media?parent=11484"}],"wp:term":[{"taxonomy":"category","embeddable":true,"href":"https:\/\/www.uutispeili.fi\/index.php\/wp-json\/wp\/v2\/categories?post=11484"},{"taxonomy":"post_tag","embeddable":true,"href":"https:\/\/www.uutispeili.fi\/index.php\/wp-json\/wp\/v2\/tags?post=11484"}],"curies":[{"name":"wp","href":"https:\/\/api.w.org\/{rel}","templated":true}]}}