{"id":11480,"date":"2026-03-10T19:11:44","date_gmt":"2026-03-10T17:11:44","guid":{"rendered":"https:\/\/www.uutispeili.fi\/?p=11480"},"modified":"2026-03-10T19:50:51","modified_gmt":"2026-03-10T17:50:51","slug":"ari-koposelta-toimenpidealoite-eduskunnassa-kansanelake-ja-takuuelake-poistettava-maahanmuuttajilta","status":"publish","type":"post","link":"https:\/\/www.uutispeili.fi\/index.php\/2026\/03\/10\/ari-koposelta-toimenpidealoite-eduskunnassa-kansanelake-ja-takuuelake-poistettava-maahanmuuttajilta\/","title":{"rendered":"Ari Koposelta toimenpidealoite eduskunnassa: Kansanel\u00e4ke ja takuuel\u00e4ke poistettava maahanmuuttajilta"},"content":{"rendered":"<p><strong>Kansanedustaja Ari Koponen (Perussuomalaiset) on j\u00e4tt\u00e4nyt eduskunnalle toimenpidealoitteen, jossa esitet\u00e4\u00e4n kansanel\u00e4kkeen ja takuuel\u00e4kkeen poistamista maahanmuuttajilta.<\/strong><\/p>\n<p>(Arkistokuva. kuval\u00e4hde: Eduskunta.)<\/p>\n<p><strong>Toimenpidealoitteen<\/strong> tavoitteena on vahvistaa Suomen el\u00e4kej\u00e4rjestelm\u00e4n kest\u00e4vyytt\u00e4 ja huolehtia siit\u00e4, ett\u00e4 sosiaaliturvaper\u00e4isen maahanmuuton kannustimia heikennet\u00e4\u00e4n.<\/p>\n<h2>&#8221;<em>El\u00e4kett\u00e4 kertyy tehdyst\u00e4 ty\u00f6st\u00e4<\/em>&#8221;<\/h2>\n<blockquote><p><strong>Suomen el\u00e4kej\u00e4rjestelm\u00e4n<\/strong> keskeinen ajatus on, ett\u00e4 el\u00e4kett\u00e4 kertyy tehdyst\u00e4 ty\u00f6st\u00e4. <strong>Kansanel\u00e4ke<\/strong>&#8211; ja <strong>takuuel\u00e4kej\u00e4rjestelm\u00e4n<\/strong> ei tule muodostaa ulkomaalaisille kannustinta muuttaa Suomeen. Kansanel\u00e4kkeet ja takuuel\u00e4kkeet tulisi olla vain suomalaisia varten, Koponen sanoo.<\/p><\/blockquote>\n<p>Nykyisen lains\u00e4\u00e4d\u00e4nn\u00f6n mukaan oikeus kansanel\u00e4kkeeseen ja takuuel\u00e4kkeeseen syntyy kolmen vuoden Suomessa asumisen j\u00e4lkeen. T\u00e4ysim\u00e4\u00e4r\u00e4inen takuuel\u00e4ke on noin 990 euroa kuukaudessa. <strong>Kela<\/strong>n tilastojen mukaan ulkomailla syntyneiden osuus takuuel\u00e4kkeen saajista on kasvanut viime vuosina merkitt\u00e4v\u00e4sti, ja heille maksettiin viime vuonna takuuel\u00e4kkeit\u00e4 yhteens\u00e4 noin 110 miljoonaa euroa, mik\u00e4 vastaa yli kolmasosaa kaikista maksetuista takuuel\u00e4kkeist\u00e4.<\/p>\n<p>T\u00e4ss\u00e4 syntyisi selv\u00e4\u00e4 s\u00e4\u00e4st\u00f6\u00e4, ilman, ett\u00e4 suomalaisilta leikattaisiin. Idea aloitteelle tuli, kun asian nosti esiin Telan v\u00e4istyv\u00e4 toimitusjohtaja ja vasemmistoliiton entinen puheenjohtaja <strong>Suvi-Anne Siimes<\/strong> HS:n haastattelussa. Kiitos h\u00e4nelle asian esiin nostamisesta, Koponen kiitt\u00e4\u00e4. <img loading=\"lazy\" decoding=\"async\" class=\"alignnone size-full wp-image-144\" src=\"https:\/\/www.uutispeili.fi\/wp-content\/uploads\/2023\/11\/di.gold_.gif\" alt=\"\" width=\"11\" height=\"11\" \/><\/p>\n<p>(Uutispeili ei ole muokannut artikkelin sis\u00e4lt\u00f6\u00e4.)<\/p>\n<p>Aiempia uutisia:<\/p>\n<p>10.03. 2026:<\/p>\n<blockquote class=\"wp-embedded-content\" data-secret=\"HMr8bsZwiB\"><p><a href=\"https:\/\/www.uutispeili.fi\/index.php\/2026\/03\/10\/tyoelakevakuuttajien-toimarilta-kovia-sanoja\/\">Ty\u00f6el\u00e4kevakuuttajien toimarilta kovia sanoja<\/a><\/p><\/blockquote>\n<p><iframe class=\"wp-embedded-content\" sandbox=\"allow-scripts\" security=\"restricted\" style=\"position: absolute; clip: rect(1px, 1px, 1px, 1px);\" title=\"&#8221;Ty\u00f6el\u00e4kevakuuttajien toimarilta kovia sanoja&#8221; &#8212; \" src=\"https:\/\/www.uutispeili.fi\/index.php\/2026\/03\/10\/tyoelakevakuuttajien-toimarilta-kovia-sanoja\/embed\/#?secret=mhjqfxu7Im#?secret=HMr8bsZwiB\" data-secret=\"HMr8bsZwiB\" width=\"600\" height=\"338\" frameborder=\"0\" marginwidth=\"0\" marginheight=\"0\" scrolling=\"no\"><\/iframe><\/p>\n","protected":false},"excerpt":{"rendered":"<p>Kansanedustaja Ari Koponen (Perussuomalaiset) on j\u00e4tt\u00e4nyt eduskunnalle toimenpidealoitteen, jossa esitet\u00e4\u00e4n kansanel\u00e4kkeen ja takuuel\u00e4kkeen poistamista maahanmuuttajilta. (Arkistokuva. kuval\u00e4hde: Eduskunta.) Toimenpidealoitteen tavoitteena on vahvistaa Suomen el\u00e4kej\u00e4rjestelm\u00e4n kest\u00e4vyytt\u00e4 ja huolehtia siit\u00e4, ett\u00e4 sosiaaliturvaper\u00e4isen maahanmuuton kannustimia heikennet\u00e4\u00e4n. &#8221;El\u00e4kett\u00e4 kertyy tehdyst\u00e4 ty\u00f6st\u00e4&#8221; Suomen el\u00e4kej\u00e4rjestelm\u00e4n keskeinen ajatus on, ett\u00e4 el\u00e4kett\u00e4 kertyy tehdyst\u00e4 ty\u00f6st\u00e4. Kansanel\u00e4ke&#8211; ja takuuel\u00e4kej\u00e4rjestelm\u00e4n ei tule muodostaa ulkomaalaisille kannustinta [&hellip;]<\/p>\n","protected":false},"author":3,"featured_media":11077,"comment_status":"open","ping_status":"open","sticky":false,"template":"","format":"standard","meta":{"footnotes":""},"categories":[49,145],"tags":[],"_links":{"self":[{"href":"https:\/\/www.uutispeili.fi\/index.php\/wp-json\/wp\/v2\/posts\/11480"}],"collection":[{"href":"https:\/\/www.uutispeili.fi\/index.php\/wp-json\/wp\/v2\/posts"}],"about":[{"href":"https:\/\/www.uutispeili.fi\/index.php\/wp-json\/wp\/v2\/types\/post"}],"author":[{"embeddable":true,"href":"https:\/\/www.uutispeili.fi\/index.php\/wp-json\/wp\/v2\/users\/3"}],"replies":[{"embeddable":true,"href":"https:\/\/www.uutispeili.fi\/index.php\/wp-json\/wp\/v2\/comments?post=11480"}],"version-history":[{"count":2,"href":"https:\/\/www.uutispeili.fi\/index.php\/wp-json\/wp\/v2\/posts\/11480\/revisions"}],"predecessor-version":[{"id":11489,"href":"https:\/\/www.uutispeili.fi\/index.php\/wp-json\/wp\/v2\/posts\/11480\/revisions\/11489"}],"wp:featuredmedia":[{"embeddable":true,"href":"https:\/\/www.uutispeili.fi\/index.php\/wp-json\/wp\/v2\/media\/11077"}],"wp:attachment":[{"href":"https:\/\/www.uutispeili.fi\/index.php\/wp-json\/wp\/v2\/media?parent=11480"}],"wp:term":[{"taxonomy":"category","embeddable":true,"href":"https:\/\/www.uutispeili.fi\/index.php\/wp-json\/wp\/v2\/categories?post=11480"},{"taxonomy":"post_tag","embeddable":true,"href":"https:\/\/www.uutispeili.fi\/index.php\/wp-json\/wp\/v2\/tags?post=11480"}],"curies":[{"name":"wp","href":"https:\/\/api.w.org\/{rel}","templated":true}]}}