{"id":11464,"date":"2026-03-10T18:32:49","date_gmt":"2026-03-10T16:32:49","guid":{"rendered":"https:\/\/www.uutispeili.fi\/?p=11464"},"modified":"2026-03-11T12:23:04","modified_gmt":"2026-03-11T10:23:04","slug":"tyoelakevakuuttajien-toimarilta-kovia-sanoja","status":"publish","type":"post","link":"https:\/\/www.uutispeili.fi\/index.php\/2026\/03\/10\/tyoelakevakuuttajien-toimarilta-kovia-sanoja\/","title":{"rendered":"Ty\u00f6el\u00e4kevakuuttajien toimarilta kovia sanoja"},"content":{"rendered":"<p><strong>Ty\u00f6el\u00e4kevakuuttajien etuj\u00e4rjest\u00f6n <em>Tela<\/em>:n toimitusjohtaja Suvi-Anne Siimes teki Helsingin Sanomissa poliittisen keskustelun-avauksen, jota ei voi sivuuttaa.<\/strong><\/p>\n<p>(Kuvan aineisto eri l\u00e4hteist\u00e4.)<\/p>\n<p><strong>Suvi-Anne Siimeksen<\/strong> mukaan &#8217;<em>maahanmuuttajat saavat liian helposti Kelan el\u00e4kkeit\u00e4<\/em>&#8217;:<\/p>\n<p>Kuvaan on siteerattu Siimeksen tilannearvio Kelan tulevaisuudesta, -ja ehk\u00e4 laajemmin koko suomalaisen <em>hyvinvointivaltio<\/em>-j\u00e4rjestelm\u00e4nkin?<\/p>\n<h1><span dir=\"auto\">\u00a0\u201dT\u00e4m\u00e4 mesta ei pysy pystyss\u00e4\u201d<\/span><\/h1>\n<p>Siimes aloittaa tarkastelun <a href=\"https:\/\/www.finlex.fi\/fi\/lainsaadanto\/2010\/703\" target=\"_blank\" rel=\"noopener\"><strong>&#8217;<em>takuuel\u00e4kkeest\u00e4<\/em>&#8217;<\/strong><\/a>, joka perustettiin v. 2011.<\/p>\n<blockquote><p>Takuuel\u00e4kett\u00e4 voi saada vain <strong>Suomessa asuva<\/strong> el\u00e4kel\u00e4inen. Sit\u00e4 voi saada, kun on asunut Suomessa v\u00e4hint\u00e4\u00e4n 3 vuotta. Takuuel\u00e4kkeen t\u00e4ysi m\u00e4\u00e4r\u00e4 on noin <strong>991 euroa kuukaudessa<\/strong>. Jos et saa mit\u00e4\u00e4n muuta el\u00e4kett\u00e4, saat t\u00e4yden takuuel\u00e4kkeen. ( <a href=\"https:\/\/www.kela.fi\/web\/selkokieli\/takuuelake\" target=\"_blank\" rel=\"noopener\"><strong>Kela<\/strong><\/a>)<\/p><\/blockquote>\n<p>Lakia takuuel\u00e4kkeest\u00e4 perusteltiin Suomeen i\u00e4kk\u00e4in\u00e4 muuttavien maahanmuuttajien j\u00e4\u00e4misell\u00e4 el\u00e4kekuoppaan, -ty\u00f6vuosien puuttuessa. <strong>Vuonna 1936<\/strong>, kertyv\u00e4\u00e4 <strong><em>vanhuusel\u00e4kett\u00e4<\/em><\/strong> koskevaa lakia s\u00e4\u00e4dett\u00e4ess\u00e4 -suomalaisten tarpeisiin- ei ollut n\u00e4it\u00e4 huolia: Pitk\u00e4\u00e4n vanhuusel\u00e4kkeet olivat pieni\u00e4: El\u00e4kel\u00e4inen sai el\u00e4kkeell\u00e4\u00e4n silloisen arvion mukaan &#8217;<em>kolme pakettia kahvia kuukaudessa<\/em>&#8217;.<\/p>\n<blockquote><p>Aluksi el\u00e4kkeet olivat hyvin pieni\u00e4 (-kun kertym\u00e4\u00e4 henkil\u00f6n henkil\u00f6kohtaisella el\u00e4ketilill\u00e4 oli v\u00e4h\u00e4n): 1950-luvun alussa kuukauden el\u00e4kkeell\u00e4 sai vain noin\u00a0<strong>kolme kiloa kahvia<\/strong>. Ensimm\u00e4iset t\u00e4ydet el\u00e4kkeet olisivat tulleet maksettaviksi vasta 40 vuoden kuluttua. Ensimm\u00e4isen\u00e4 vuonna kansanel\u00e4kett\u00e4 sai vain 221 henkil\u00f6\u00e4, ja monet eiv\u00e4t edes tienneet oikeudesta el\u00e4kkeeseen. (Lainaus: <a href=\"https:\/\/tietotarjotin.fi\/tutkimusblogi\/726538\/kansanelake-nosti-vanhukset-koyhyydesta\" target=\"_blank\" rel=\"noopener\"><strong>Kela<\/strong>, tietotarjotin<\/a>.)<\/p><\/blockquote>\n<h2><strong>El\u00e4ke-etuuksien ehtojen tiukentaminen<\/strong> <strong>kannustaa maahanmuuttajia ty\u00f6llistym\u00e4\u00e4n<\/strong><\/h2>\n<p><strong>Ty\u00f6per\u00e4inen maahanmuutto<\/strong> muutti tilannekuvaa radikaalista, ja maahanmuuttajat haluttiin hyv\u00e4ntahtoisesti pelastaa suomalaisten ensimm\u00e4isen kansanel\u00e4ke-edusta nauttineen(?) sukupolven kurjuudesta: Meill\u00e4 on nyt el\u00e4kelaji &#8217;takuuel\u00e4ke&#8217;, jonka saamisen peruste on 1)\u00a0 ik\u00e4 ja 2) Suomessa asuminen. Siimes n\u00e4kee olotilassa haittoja:<\/p>\n<blockquote><p>Siimeksen mukaan <strong>el\u00e4ke-etuuksien ehtojen tiukentaminen<\/strong> kannustaa maahanmuuttajia tulemaan Suomeen nuorempana t\u00f6ihin sen mukaan, ett\u00e4 tulisivat vanhana el\u00e4kkeelle. (HS)<\/p><\/blockquote>\n<h2>&#8221;<em>-K<\/em><span style=\"font-size: revert; color: initial;\"><em>annattaako tulla nuorempana t\u00f6ihin, ja ansaitsemaan ty\u00f6el\u00e4kett\u00e4<\/em>\u201d<\/span><\/h2>\n<blockquote><p><span style=\"font-size: revert; color: initial;\">\u201dMerkitt\u00e4v\u00e4 suoraa s\u00e4\u00e4st\u00f6\u00e4h\u00e4n ei syntyisi, vaikka takuu- ja kansanel\u00e4kkeet poistettaisiin maahanmuuttajilta kokonaan. Mutta niiden ehdoilla on merkityst\u00e4, kannattaako t\u00e4nne vanhana, vai kannattaako tulla nuorempana t\u00f6ihin ja ansaitsemaan ty\u00f6el\u00e4kett\u00e4.\u201d<\/span><\/p><\/blockquote>\n<p><strong><em>Ty\u00f6el\u00e4kej\u00e4rjestelm\u00e4ss\u00e4<\/em><\/strong>, joka perustettiin Suomeen <strong>1960-luvulla<\/strong>, henkil\u00f6n odotettavissa olevan el\u00e4kkeen sidonnaisuus henkil\u00f6n ty\u00f6uran pituuteen korostui. -Ty\u00f6el\u00e4ke -kuten alun perin kansanel\u00e4kekin- perustuu henkil\u00f6n itsens\u00e4 (tai ty\u00f6nantajan) maksamiin maksuihin, josta kertym\u00e4st\u00e4 h\u00e4nelle el\u00e4kevuosien ajan maksetaan kuukausittainen summa, jonka suuruus on sidonnainen h\u00e4nen henkil\u00f6kohtaiseen el\u00e4kemaksukertym\u00e4\u00e4ns\u00e4. Siimes jatkaa:<\/p>\n<h2>&#8217;<em>Vuonna 2025 takuuel\u00e4kkeit\u00e4 maksettiin ulkomailla syntyneille 110 miljoonaa euroa<\/em>&#8217;<\/h2>\n<blockquote><p>Etenkin takuuel\u00e4kkeiden saajissa maahanmuuttajien osuus on kasvanut. Kelan tilastojen mukaan viime vuonna (2025) takuuel\u00e4kkeit\u00e4 maksettiin ulkomailla syntyneille yhteens\u00e4 noin 110 miljoonaa euroa, mik\u00e4 vastasi yli kolmasosaa kaikista maksetuista takuuel\u00e4kkeist\u00e4.<\/p><\/blockquote>\n<p>El\u00e4ketoimari muistuttaa, ett\u00e4 esm. <strong>Ruotsissa<\/strong> <em>&#8221;v\u00e4himm\u00e4isel\u00e4ke pienenee, jos henkil\u00f6 on ty\u00f6ik\u00e4isen\u00e4 asunut<\/em> <em>Ruotsissa alle 40 vuotta<\/em>&#8221;. (Kolme vuotta tai 40 vuotta, -Ihan kuin eri planeetoilla oltaisiin naapurimaissa! Toim.huom.)<\/p>\n<p>Suvi-Anne Siimeksen pohdinnat, joita edell\u00e4 esittelin, eiv\u00e4t sis\u00e4ll\u00e4 mink\u00e4\u00e4nlaista vastenmielisyytt\u00e4 maahanmuuttajia kohtaan, -pikemmin huolta heid\u00e4n toimeentulostaan Suomessa. Siimes kuitenkin ennakoi <em>torjuvaa reaktiota<\/em> avaukseensa, -eik\u00e4 varmaankaan ihan ilman aihetta:<\/p>\n<h2>&#8221;<em>Kauhea persuuntuminen on minullekin tapahtunut<\/em>&#8221;<\/h2>\n<blockquote><p>\u201dT\u00e4st\u00e4 tulee varmaan sanomista, ett\u00e4 kauhea persuuntuminen on minullekin tapahtunut. Jos puhuu siit\u00e4, ovatko sosiaaliturvan ehdot yhteensopivat v\u00e4est\u00f6n globaalin liikkuvuuden kanssa, leimataan heti. Siksi t\u00e4st\u00e4 politiikan alueesta ei kunnolla edes keskustella\u201d, sanoo vasemmistoliiton puheenjohtajana aikoinaan tunnetuksi tullut Siimes.<\/p><\/blockquote>\n<p><strong>Vasemmistoliiton<\/strong> puheenjohtajana -vuoteen 2006- toiminut Siimes on tullut hyvin tuntemaan ne konventionaalisuudet, jotka dominoivat keskustelua siit\u00e4 hetkest\u00e4 alkaen, kun sanallinen tai ajatuksellinen <em>atrapp<\/em>i (her\u00e4te, laukaisin) on kuultu keskustelussa.<\/p>\n<p><em>Kirjassaan<\/em>, jota toisaalla jo esittelimme, Siimes antaa omaan (laajaan) kokemukseensa perustuvan kuvauksen keskustelualustoja -ja ilmapiiri\u00e4- dominoivista &#8217;<strong><em>m\u00f6lytoosista<\/em><\/strong>&#8217;, jotka vaientavat kaiken dialogin -ja j\u00e4rjenk\u00e4yt\u00f6nkin- jos keskustelu sivuaa heid\u00e4n jotakin &#8217;<em>G-pistett\u00e4\u00e4n<\/em>&#8217;.<\/p>\n<p>Joskus oli muita leimasanoja, -t\u00e4n\u00e4\u00e4n &#8221;<em>persuuntuminen<\/em>&#8217;, mutta onko huutokuoro vaihtunut? (Henkil\u00f6t ehk\u00e4, sukunimet eiv\u00e4t?) Siimes jatkaa:<\/p>\n<blockquote><p>\u201dT\u00e4m\u00e4 mesta ei pysy pystyss\u00e4, ellemme kohtuullisella tavalla arvosta sit\u00e4, ett\u00e4 ihmiset n\u00e4kev\u00e4t vaivaa ja tekev\u00e4t ty\u00f6t\u00e4.&#8221;<\/p><\/blockquote>\n<p>-T\u00e4m\u00e4 on vahvaa ja perinteist\u00e4 vasemmistolaista puhetta! Miss\u00e4 se &#8221;<em>persu<\/em>&#8221;? Siimes ly\u00f6 kaikenlaista <strong>rasismia<\/strong> suoraan kipupisteeseen:<\/p>\n<blockquote><p>&#8221;Jos me haluamme, ett\u00e4 kadulla kunnioitetaan kaikenlaisia t\u00e4nne tulleita ihmisi\u00e4, niin ihmisten pit\u00e4\u00e4 voida luottaa siihen, ett\u00e4 kaikilta vaaditaan <span class=\"yiv3048462638italic\">efforttia\u00a0<\/span>tai ainakin jonkinlaista vastavuoroisuutta.\u201d &#8212; &#8221;<span style=\"font-size: revert; color: initial;\">Ja ty\u00f6nteon kannustimet ovat yht\u00e4 lailla t\u00e4rkeit\u00e4 Suomessa syntyneille&#8221;, h\u00e4n sanoo.<\/span><\/p><\/blockquote>\n<p>Siimes tulee samalla m\u00e4\u00e4ritelleeksi ymp\u00e4rist\u00f6n, jossa mink\u00e4\u00e4nlaisella rasismilla ei ole vastetta eik\u00e4 kasvupohjaa. &#8217;<em>Persuuntuminen<\/em>&#8217; ei n\u00e4ytt\u00e4ydy viel\u00e4k\u00e4\u00e4n.<\/p>\n<h2>Ty\u00f6st\u00e4 kertyv\u00e4 el\u00e4ke ei saa j\u00e4\u00e4d\u00e4 pienemm\u00e4ksi, kuin takuuel\u00e4ke<\/h2>\n<p><em>Siimeksen mielest\u00e4 esimerkiksi ty\u00f6nteosta kertyv\u00e4n <strong>ty\u00f6el\u00e4kkeen<\/strong> pit\u00e4\u00e4 pienituloisillakin pitk\u00e4n uran tekevill\u00e4 nousta selv\u00e4sti suuremmaksi, kuin vain v\u00e4h\u00e4n ty\u00f6t\u00e4 tehneen henkil\u00f6n <strong>kansan<\/strong>&#8211; ja <strong>takuuel\u00e4kkeen<\/strong>. Nykyisin ero on h\u00e4nen mukaansa jo niin pieni, ettei sit\u00e4 saa ainakaan en\u00e4\u00e4 pienent\u00e4\u00e4<\/em>, kirjoittaa HS.<\/p>\n<p>-J\u00e4t\u00e4mme lukijan p\u00e4\u00e4telt\u00e4v\u00e4ksi, puhuuko edellisess\u00e4 lainauksessa persu vai <em>vasuri<\/em>.<\/p>\n<blockquote><p>T\u00e4yden ty\u00f6el\u00e4kkeen -n.991 euroa\/kk- rinnastamista pienituloisen 40 vuotta ty\u00f6el\u00e4m\u00e4ss\u00e4 olleen kantasuomalaisen -keskim\u00e4\u00e4r\u00e4iseen hieman yli -tai alle!?- 1000\u20ac\/kk <em>brutto<\/em>&#8211; el\u00e4kkeeseen en osaa poliittisesti profiloida. -Osaatko Sin\u00e4?<\/p><\/blockquote>\n<p>Siimes tuo tarkasteluun mukaan <strong>hyvinvointivaltion<\/strong> perusedellytyksen, paljon veroja maksavien motivaation s\u00e4ilymisen osallistumiseen pienituloisten etuuksien ja palveluiden kustantamiseen. -T\u00e4h\u00e4n laajempaan tarkasteluun palaamme toisessa yhteydess\u00e4.<\/p>\n<p><img loading=\"lazy\" decoding=\"async\" class=\"aligncenter wp-image-4886 size-full\" src=\"https:\/\/www.uutispeili.fi\/wp-content\/uploads\/2025\/02\/risto.murto-renkaat800445teksti.png\" alt=\"\" width=\"800\" height=\"450\" srcset=\"https:\/\/www.uutispeili.fi\/wp-content\/uploads\/2025\/02\/risto.murto-renkaat800445teksti.png 800w, https:\/\/www.uutispeili.fi\/wp-content\/uploads\/2025\/02\/risto.murto-renkaat800445teksti-300x169.png 300w, https:\/\/www.uutispeili.fi\/wp-content\/uploads\/2025\/02\/risto.murto-renkaat800445teksti-768x432.png 768w\" sizes=\"(max-width: 800px) 100vw, 800px\" \/><\/p>\n<h2>Ty\u00f6el\u00e4kkeet: Sosiaalietu vai omaisuudensuojan alainen talletus vanhuuden varalle?<\/h2>\n<p>Suomeen perustettiin -valtiollisen kansanel\u00e4kkeen rinnalle- <strong>kertyv\u00e4n ty\u00f6el\u00e4kkeen<\/strong> j\u00e4rjestelm\u00e4 vuonna 1963, -samaan aikaan kun Kela lakkautti kaikki tulevien el\u00e4kel\u00e4is-asiakkaiden <strong>henkil\u00f6kohtaiset &#8217;<em>Kela-tilit<\/em>&#8217;<\/strong>, jolle heid\u00e4n v.1936 alkaen maksamansa kelamaksut olivat kertyneet, -heid\u00e4n my\u00f6hempien <strong><em>kansanel\u00e4kkeidens\u00e4<\/em><\/strong> maksamista varten.<\/p>\n<blockquote><p>Ty\u00f6el\u00e4kej\u00e4rjestelm\u00e4ss\u00e4 el\u00e4kemaksujen ker\u00e4\u00e4misest\u00e4 ja hallinnoimisesta huolehtivat yksityisesti omistetut <strong>el\u00e4keyhti\u00f6t<\/strong>. Tulevien el\u00e4kkeensaajien maksamien maksujen &#8211; &#8217;<strong>el\u00e4kes\u00e4\u00e4st\u00f6jen<\/strong>&#8217;- hyv\u00e4st\u00e4 huolehtimisesta on s\u00e4\u00e4detty lailla.<\/p><\/blockquote>\n<h2>Ty\u00f6el\u00e4kkeit\u00e4 maksettiin el\u00e4kkeensaajille vuonna 2025 yli 37 miljardia euroa<\/h2>\n<p>Ty\u00f6el\u00e4keyhti\u00f6iden huolinnassa olevien el\u00e4kevarojen m\u00e4\u00e4r\u00e4ksi on mainittu mm. 300 miljardia (euroa). Yhden vuoden maksut ovat luokkaa 37 miljardia ( v.2025). Maksetuilla ty\u00f6el\u00e4kkeill\u00e4 on merkityst\u00e4 mm. <strong>kotimaisen kulutuskysynn\u00e4n<\/strong> kannalta, -el\u00e4kel\u00e4isten enemmist\u00f6h\u00e4n k\u00e4ytt\u00e4\u00e4 tulonsa kotimaassa- ja el\u00e4kel\u00e4isten el\u00e4ketulostaan maksamien <strong>verojen<\/strong> kautta julkistaloudelle.<\/p>\n<p>(Jatkuu kuvan\/<a href=\"https:\/\/www.hs.fi\/paakirjoitukset\/art-2000011839585.html\" target=\"_blank\" rel=\"noopener\">linkin<\/a> j\u00e4lkeen.)<\/p>\n<p><a href=\"https:\/\/www.hs.fi\/paakirjoitukset\/art-2000011839585.html\"><img loading=\"lazy\" decoding=\"async\" class=\"aligncenter wp-image-11472 size-full\" src=\"https:\/\/www.uutispeili.fi\/wp-content\/uploads\/2026\/03\/elakkeet-sakset-hs0000.png\" alt=\"\" width=\"638\" height=\"454\" srcset=\"https:\/\/www.uutispeili.fi\/wp-content\/uploads\/2026\/03\/elakkeet-sakset-hs0000.png 638w, https:\/\/www.uutispeili.fi\/wp-content\/uploads\/2026\/03\/elakkeet-sakset-hs0000-300x213.png 300w\" sizes=\"(max-width: 638px) 100vw, 638px\" \/><\/a><\/p>\n<ul>\n<li class=\"aw-17z0l1m kIlbQk yle__article__heading yle__article__heading--1\"><a href=\"https:\/\/yle.fi\/a\/74-20211247\" target=\"_blank\" rel=\"noopener\"><strong>Yle<\/strong><\/a> 23.02. 2026: <a href=\"https:\/\/yle.fi\/a\/74-20211247\" target=\"_blank\" rel=\"noopener\">Suojaako <strong>omaisuudensuoja<\/strong> ty\u00f6el\u00e4kkeit\u00e4 leikkauksilta? \u201d<em>Lapsellinen oppi<\/em>\u201d, sanoo asiantuntija<\/a>,<\/li>\n<li><a href=\"https:\/\/www.hs.fi\/paakirjoitukset\/art-2000011839585.html\" target=\"_blank\" rel=\"noopener\"><strong>Helsingin Sanomat<\/strong><\/a> 02.03. 2026 <span class=\"storylogo-container article-ingress-storylogo\">P\u00e4\u00e4kirjoitus<\/span>: <a href=\"https:\/\/www.hs.fi\/paakirjoitukset\/art-2000011839585.html\" target=\"_blank\" rel=\"noopener\"><strong>Sakset l\u00e4hestyv\u00e4t v\u00e4\u00e4j\u00e4\u00e4m\u00e4tt\u00e4 el\u00e4kkeit\u00e4<\/strong>; Kun miljardien eurojen s\u00e4\u00e4st\u00f6j\u00e4 aletaan konkretisoida<\/a>, el\u00e4kej\u00e4rjestelm\u00e4\u00e4n joudutaan puuttumaan \u2013 vaikka j\u00e4rjestelm\u00e4 onkin ihan hyv\u00e4ss\u00e4 iskussa.<\/li>\n<\/ul>\n<p>Dosentti <strong>Timo Viherkentt\u00e4<\/strong> pit\u00e4\u00e4 haastattelussaan <em>Yle<\/em>:ll\u00e4 <strong>ty\u00f6el\u00e4kkeiden<\/strong> omaisuudensuojaa\u00a0 \u201d<em>lapsellisena oppina<\/em>\u201d (Linkki: Yle). Suvi-Anne Siimes on jyrk\u00e4sti eri mielt\u00e4.<\/p>\n<blockquote><p>Siimeksen mielest\u00e4 ty\u00f6el\u00e4kkeiden omaisuudensuoja ei ole lapsellinen oppi vaan vakava asia. (HS) <img loading=\"lazy\" decoding=\"async\" class=\"alignnone size-full wp-image-144\" src=\"https:\/\/www.uutispeili.fi\/wp-content\/uploads\/2023\/11\/di.gold_.gif\" alt=\"\" width=\"11\" height=\"11\" \/><\/p><\/blockquote>\n<ul>\n<li>Suvi-Anne Siimes toimi Vasemmistoliiton puheenjohtajana 1998\u20132006.<\/li>\n<li>Telan toimitusjohtajana v.2011 alkaen, toukokuuhun 2026.<\/li>\n<li>Telan johdossa Siimest\u00e4 seuraa 01.05. alkaen Kokoomuksen kansanedustaja <strong>Saara-Sofia Sir\u00e9n<\/strong>.<\/li>\n<\/ul>\n<p>Luettavaa:<\/p>\n<ul>\n<li><strong><a href=\"https:\/\/tietotarjotin.fi\/tutkimusblogi\/726538\/kansanelake-nosti-vanhukset-koyhyydesta\" target=\"_blank\" rel=\"noopener\">Kela<\/a><\/strong>,<\/li>\n<li>Lis\u00e4\u00e4 kauhu-skenaarioita:\u00a0<a href=\"https:\/\/www.hs.fi\/talous\/art-2000010442399.html\" target=\"_blank\" rel=\"noopener\"><strong>Helsingin Sanomat<\/strong><\/a>\u00a026.-27.05.,<\/li>\n<li><a href=\"https:\/\/tietotarjotin.fi\/tutkimusblogi\/726538\/kansanelake-nosti-vanhukset-koyhyydesta\" target=\"_blank\" rel=\"noopener\">Kansanel\u00e4ke nosti vanhukset k\u00f6yhyydest\u00e4<\/a>,<\/li>\n<li><a href=\"https:\/\/www.talouselama.fi\/uutiset\/valtion-porssisalkusta-on-haihtunut-liki-20-miljardia-euroa-nain-varman-risto-murto-kommentoi-fortumin-ja-nesteen-tilannetta\/bc8c1e0a-e776-4203-9785-e72e55ce099f\" target=\"_blank\" rel=\"noopener\"><strong>Talousel\u00e4m\u00e4<\/strong><\/a>\u00a023.05. 2024:\u00a0<a href=\"https:\/\/www.talouselama.fi\/uutiset\/valtion-porssisalkusta-on-haihtunut-liki-20-miljardia-euroa-nain-varman-risto-murto-kommentoi-fortumin-ja-nesteen-tilannetta\/bc8c1e0a-e776-4203-9785-e72e55ce099f\" target=\"_blank\" rel=\"noopener\">Valtion p\u00f6rssisalkusta on haihtunut liki 20 miljardia euroa \u2013 N\u00e4in\u00a0<strong>Varma<\/strong>n\u00a0<strong>Risto Murto<\/strong>\u00a0kommentoi\u00a0<strong>Fortum<\/strong>in ja Nesteen tilannetta;<\/a>\u00a0Valtion p\u00f6rssiomistusten arvo on l\u00e4hes puolittunut vuodesta 2021.\u00a0<strong>Petteri Orpo<\/strong>n (kok) hallitukselta odotetaan pian valtion omistajapolitiikkaa ohjaavaa uutta periaatep\u00e4\u00e4t\u00f6st\u00e4.,<\/li>\n<li><a href=\"https:\/\/www.ekl.fi\/edunvalvonta\/elakkeet\/elakejarjestelma\/historiaa-lyhyesti\/\" target=\"_blank\" rel=\"noopener\">El\u00e4kkeensaajien keskusliitto<\/a>,<\/li>\n<li><a href=\"https:\/\/www.hs.fi\/politiikka\/art-2000010697992.html\" target=\"_blank\" rel=\"noopener\"><strong>Helsingin Sanomat<\/strong><\/a>\u00a015.09. 2024:\u00a0<a href=\"https:\/\/www.hs.fi\/politiikka\/art-2000010697992.html\" target=\"_blank\" rel=\"noopener\"><em><strong>Salaisissa neuvotteluissa<\/strong><\/em>\u00a0selvitet\u00e4\u00e4n uutta tapaa sijoittaa suomalaisten el\u00e4ke\u00advaroja \u2013 \u201d<em>Todella huolestuttavaa<\/em>\u201d<\/a>;\u00a0<strong>El\u00e4keyhti\u00f6ille<\/strong>\u00a0selvitet\u00e4\u00e4n mahdollisuutta\u00a0<strong><em>velkavivuttamiseen<\/em><\/strong>. Yhti\u00f6t voisivat\u00a0<em>hakea lainaa ja sijoittaa lainatut rahat<\/em>\u00a0esimerkiksi osakkeisiin.<\/li>\n<li><a href=\"https:\/\/www.verkkouutiset.fi\/a\/hs-ek-haluaisi-antaa-elakeyhtioille-luvan-sijoittaa-velkarahalla\/#d7d18fee\" target=\"_blank\" rel=\"noopener\"><strong>Verkkouutiset<\/strong><\/a>\u00a015.09. 2024,<\/li>\n<\/ul>\n<h2>Aiempia uutisia:<\/h2>\n<p>04.02. 2025:<\/p>\n<blockquote class=\"wp-embedded-content\" data-secret=\"dA6Imbjdmd\"><p><a href=\"https:\/\/www.uutispeili.fi\/index.php\/2025\/02\/04\/elakevarat-on-sailytettava-huolellisesti\/\">&#8221;El\u00e4kevarat on s\u00e4ilytett\u00e4v\u00e4 huolellisesti&#8221;<\/a><\/p><\/blockquote>\n<p><iframe class=\"wp-embedded-content\" sandbox=\"allow-scripts\" security=\"restricted\" style=\"position: absolute; clip: rect(1px, 1px, 1px, 1px);\" title=\"&#8221;&#8221;El\u00e4kevarat on s\u00e4ilytett\u00e4v\u00e4 huolellisesti&#8221;&#8221; &#8212; \" src=\"https:\/\/www.uutispeili.fi\/index.php\/2025\/02\/04\/elakevarat-on-sailytettava-huolellisesti\/embed\/#?secret=6xE5yR6c5k#?secret=dA6Imbjdmd\" data-secret=\"dA6Imbjdmd\" width=\"600\" height=\"338\" frameborder=\"0\" marginwidth=\"0\" marginheight=\"0\" scrolling=\"no\"><\/iframe><\/p>\n<p>10.03. 2025:<\/p>\n<blockquote class=\"wp-embedded-content\" data-secret=\"3fuJsA2Jk6\"><p><a href=\"https:\/\/www.uutispeili.fi\/index.php\/2025\/03\/10\/loytyyko-elakepommi-suurten-ikaluokkien-sijasta-tyoelakeyhtioiden-varainhoito-taidoista\/\">L\u00f6ytyyk\u00f6 &#8217;el\u00e4kepommi&#8217; suurten ik\u00e4luokkien sijasta ty\u00f6el\u00e4keyhti\u00f6iden varainhoito-taidoista?<\/a><\/p><\/blockquote>\n<p><iframe class=\"wp-embedded-content\" sandbox=\"allow-scripts\" security=\"restricted\" style=\"position: absolute; clip: rect(1px, 1px, 1px, 1px);\" title=\"&#8221;L\u00f6ytyyk\u00f6 &#8217;el\u00e4kepommi&#8217; suurten ik\u00e4luokkien sijasta ty\u00f6el\u00e4keyhti\u00f6iden varainhoito-taidoista?&#8221; &#8212; \" src=\"https:\/\/www.uutispeili.fi\/index.php\/2025\/03\/10\/loytyyko-elakepommi-suurten-ikaluokkien-sijasta-tyoelakeyhtioiden-varainhoito-taidoista\/embed\/#?secret=cQGnTYghAK#?secret=3fuJsA2Jk6\" data-secret=\"3fuJsA2Jk6\" width=\"600\" height=\"338\" frameborder=\"0\" marginwidth=\"0\" marginheight=\"0\" scrolling=\"no\"><\/iframe><\/p>\n<p>08.03. 2026:<\/p>\n<blockquote class=\"wp-embedded-content\" data-secret=\"EdPOgtd9is\"><p><a href=\"https:\/\/www.uutispeili.fi\/index.php\/2026\/03\/08\/suvi-anne-siimes-arvioi-sdpn-nykyjohdon-linjaa-marinin-jalkeen\/\">Suvi-Anne Siimes arvioi SDP:n nykyjohdon linjaa Marinin j\u00e4lkeen<\/a><\/p><\/blockquote>\n<p><iframe class=\"wp-embedded-content\" sandbox=\"allow-scripts\" security=\"restricted\" style=\"position: absolute; clip: rect(1px, 1px, 1px, 1px);\" title=\"&#8221;Suvi-Anne Siimes arvioi SDP:n nykyjohdon linjaa Marinin j\u00e4lkeen&#8221; &#8212; \" src=\"https:\/\/www.uutispeili.fi\/index.php\/2026\/03\/08\/suvi-anne-siimes-arvioi-sdpn-nykyjohdon-linjaa-marinin-jalkeen\/embed\/#?secret=HUrnhLT5MP#?secret=EdPOgtd9is\" data-secret=\"EdPOgtd9is\" width=\"600\" height=\"338\" frameborder=\"0\" marginwidth=\"0\" marginheight=\"0\" scrolling=\"no\"><\/iframe><\/p>\n<p>21.09. 2025:<\/p>\n<blockquote class=\"wp-embedded-content\" data-secret=\"M0GAPl4MdQ\"><p><a href=\"https:\/\/www.uutispeili.fi\/index.php\/2025\/09\/21\/suvi-anne-siimes-kohtasi-politiikassa-jotain-mita-kaikki-eivat-koskaan-huomaa-vaikka-osuisi-kohdalle\/\">Suvi-Anne Siimes kohtasi politiikassa jotain, mit\u00e4 kaikki eiv\u00e4t koskaan huomaa, -vaikka osuisi kohdalle<\/a><\/p><\/blockquote>\n<p><iframe class=\"wp-embedded-content\" sandbox=\"allow-scripts\" security=\"restricted\" style=\"position: absolute; clip: rect(1px, 1px, 1px, 1px);\" title=\"&#8221;Suvi-Anne Siimes kohtasi politiikassa jotain, mit\u00e4 kaikki eiv\u00e4t koskaan huomaa, -vaikka osuisi kohdalle&#8221; &#8212; \" src=\"https:\/\/www.uutispeili.fi\/index.php\/2025\/09\/21\/suvi-anne-siimes-kohtasi-politiikassa-jotain-mita-kaikki-eivat-koskaan-huomaa-vaikka-osuisi-kohdalle\/embed\/#?secret=wFgNkNCml9#?secret=M0GAPl4MdQ\" data-secret=\"M0GAPl4MdQ\" width=\"600\" height=\"338\" frameborder=\"0\" marginwidth=\"0\" marginheight=\"0\" scrolling=\"no\"><\/iframe><\/p>\n<p>04.08. 2025:<\/p>\n<blockquote class=\"wp-embedded-content\" data-secret=\"JYZuwSdiMr\"><p><a href=\"https:\/\/www.uutispeili.fi\/index.php\/2025\/08\/04\/julkinen-rahoituspohja-vanhusten-hoidolle-murenee-hyvinvointivaltion-loppu-lahenee\/\">Julkinen rahoituspohja vanhusten hoidolle murenee, -hyvinvointivaltion loppu l\u00e4henee?<\/a><\/p><\/blockquote>\n<p><iframe class=\"wp-embedded-content\" sandbox=\"allow-scripts\" security=\"restricted\" style=\"position: absolute; clip: rect(1px, 1px, 1px, 1px);\" title=\"&#8221;Julkinen rahoituspohja vanhusten hoidolle murenee, -hyvinvointivaltion loppu l\u00e4henee?&#8221; &#8212; \" src=\"https:\/\/www.uutispeili.fi\/index.php\/2025\/08\/04\/julkinen-rahoituspohja-vanhusten-hoidolle-murenee-hyvinvointivaltion-loppu-lahenee\/embed\/#?secret=BHQPT84HOU#?secret=JYZuwSdiMr\" data-secret=\"JYZuwSdiMr\" width=\"600\" height=\"338\" frameborder=\"0\" marginwidth=\"0\" marginheight=\"0\" scrolling=\"no\"><\/iframe><\/p>\n<p>05.11. 2024:<\/p>\n<blockquote class=\"wp-embedded-content\" data-secret=\"Lp7vXMBmy7\"><p><a href=\"https:\/\/www.uutispeili.fi\/index.php\/2024\/11\/05\/minja-koskela-kiertaa-kehaa-elakkeista-ei-sukupolvisotaa\/\">Minja Koskela kiert\u00e4\u00e4 keh\u00e4\u00e4: &#8217;El\u00e4kkeist\u00e4 ei sukupolvisotaa&#8221;<\/a><\/p><\/blockquote>\n<p><iframe class=\"wp-embedded-content\" sandbox=\"allow-scripts\" security=\"restricted\" style=\"position: absolute; clip: rect(1px, 1px, 1px, 1px);\" title=\"&#8221;Minja Koskela kiert\u00e4\u00e4 keh\u00e4\u00e4: &#8217;El\u00e4kkeist\u00e4 ei sukupolvisotaa&#8221;&#8221; &#8212; \" src=\"https:\/\/www.uutispeili.fi\/index.php\/2024\/11\/05\/minja-koskela-kiertaa-kehaa-elakkeista-ei-sukupolvisotaa\/embed\/#?secret=8uM14EY9Ld#?secret=Lp7vXMBmy7\" data-secret=\"Lp7vXMBmy7\" width=\"600\" height=\"338\" frameborder=\"0\" marginwidth=\"0\" marginheight=\"0\" scrolling=\"no\"><\/iframe><\/p>\n<p>20.10. 2024:<\/p>\n<blockquote class=\"wp-embedded-content\" data-secret=\"MDoMkTC86h\"><p><a href=\"https:\/\/www.uutispeili.fi\/index.php\/2024\/10\/20\/nakeeko-vasemmisto-hyvinvointivaltion-olevan-vaarassa-vai-jatkaako-vanha-jakopolitiikkaansa\/\">N\u00e4keek\u00f6 Vasemmisto hyvinvointivaltion olevan vaarassa, -vai jatkaako vanha jakopolitiikkaansa<\/a><\/p><\/blockquote>\n<p><iframe class=\"wp-embedded-content\" sandbox=\"allow-scripts\" security=\"restricted\" style=\"position: absolute; clip: rect(1px, 1px, 1px, 1px);\" title=\"&#8221;N\u00e4keek\u00f6 Vasemmisto hyvinvointivaltion olevan vaarassa, -vai jatkaako vanha jakopolitiikkaansa&#8221; &#8212; \" src=\"https:\/\/www.uutispeili.fi\/index.php\/2024\/10\/20\/nakeeko-vasemmisto-hyvinvointivaltion-olevan-vaarassa-vai-jatkaako-vanha-jakopolitiikkaansa\/embed\/#?secret=EZI4bHejNH#?secret=MDoMkTC86h\" data-secret=\"MDoMkTC86h\" width=\"600\" height=\"338\" frameborder=\"0\" marginwidth=\"0\" marginheight=\"0\" scrolling=\"no\"><\/iframe><\/p>\n<p>27.09. 2024:<\/p>\n<blockquote class=\"wp-embedded-content\" data-secret=\"7xnmxmUJLH\"><p><a href=\"https:\/\/www.uutispeili.fi\/index.php\/2024\/09\/27\/orpon-kasvutoimi-tyoryhmassa-urheilun-ja-elakesaasto-sijoittamisen-suuret-onnistujat\/\">Orpon &#8217;kasvutoimi-ty\u00f6ryhm\u00e4ss\u00e4&#8217; urheilun ja el\u00e4kes\u00e4\u00e4st\u00f6-sijoittamisen &#8217;suuret onnistujat&#8217;<\/a><\/p><\/blockquote>\n<p><iframe class=\"wp-embedded-content\" sandbox=\"allow-scripts\" security=\"restricted\" style=\"position: absolute; clip: rect(1px, 1px, 1px, 1px);\" title=\"&#8221;Orpon &#8217;kasvutoimi-ty\u00f6ryhm\u00e4ss\u00e4&#8217; urheilun ja el\u00e4kes\u00e4\u00e4st\u00f6-sijoittamisen &#8217;suuret onnistujat&#8217;&#8221; &#8212; \" src=\"https:\/\/www.uutispeili.fi\/index.php\/2024\/09\/27\/orpon-kasvutoimi-tyoryhmassa-urheilun-ja-elakesaasto-sijoittamisen-suuret-onnistujat\/embed\/#?secret=KNGlqOVlkB#?secret=7xnmxmUJLH\" data-secret=\"7xnmxmUJLH\" width=\"600\" height=\"338\" frameborder=\"0\" marginwidth=\"0\" marginheight=\"0\" scrolling=\"no\"><\/iframe><\/p>\n<p>24.09. 2024:<\/p>\n<blockquote class=\"wp-embedded-content\" data-secret=\"lkrbDhyxyq\"><p><a href=\"https:\/\/www.uutispeili.fi\/index.php\/2024\/09\/24\/varma-myi-nestetta-kurssi-pomppasi\/\">VARMA myi Nestett\u00e4, -kurssi pomppasi<\/a><\/p><\/blockquote>\n<p><iframe class=\"wp-embedded-content\" sandbox=\"allow-scripts\" security=\"restricted\" style=\"position: absolute; clip: rect(1px, 1px, 1px, 1px);\" title=\"&#8221;VARMA myi Nestett\u00e4, -kurssi pomppasi&#8221; &#8212; \" src=\"https:\/\/www.uutispeili.fi\/index.php\/2024\/09\/24\/varma-myi-nestetta-kurssi-pomppasi\/embed\/#?secret=qscEj3Slu1#?secret=lkrbDhyxyq\" data-secret=\"lkrbDhyxyq\" width=\"600\" height=\"338\" frameborder=\"0\" marginwidth=\"0\" marginheight=\"0\" scrolling=\"no\"><\/iframe><\/p>\n<p>15.09. 2024:<\/p>\n<blockquote class=\"wp-embedded-content\" data-secret=\"FAMsxlLA3X\"><p><a href=\"https:\/\/www.uutispeili.fi\/index.php\/2024\/09\/15\/toistuuko-sonera-ceissi-elakesaastot-vapautetaan-vivutukseen\/\">Toistuuko &#8217;Sonera-ceissi&#8217;: El\u00e4kes\u00e4\u00e4st\u00f6t vapautetaan &#8217;vivutukseen&#8217;<\/a><\/p><\/blockquote>\n<p><iframe class=\"wp-embedded-content\" sandbox=\"allow-scripts\" security=\"restricted\" style=\"position: absolute; clip: rect(1px, 1px, 1px, 1px);\" title=\"&#8221;Toistuuko &#8217;Sonera-ceissi&#8217;: El\u00e4kes\u00e4\u00e4st\u00f6t vapautetaan &#8217;vivutukseen&#8217;&#8221; &#8212; \" src=\"https:\/\/www.uutispeili.fi\/index.php\/2024\/09\/15\/toistuuko-sonera-ceissi-elakesaastot-vapautetaan-vivutukseen\/embed\/#?secret=ixn7rWqtAV#?secret=FAMsxlLA3X\" data-secret=\"FAMsxlLA3X\" width=\"600\" height=\"338\" frameborder=\"0\" marginwidth=\"0\" marginheight=\"0\" scrolling=\"no\"><\/iframe><\/p>\n","protected":false},"excerpt":{"rendered":"<p>Ty\u00f6el\u00e4kevakuuttajien etuj\u00e4rjest\u00f6n Tela:n toimitusjohtaja Suvi-Anne Siimes teki Helsingin Sanomissa poliittisen keskustelun-avauksen, jota ei voi sivuuttaa. (Kuvan aineisto eri l\u00e4hteist\u00e4.) Suvi-Anne Siimeksen mukaan &#8217;maahanmuuttajat saavat liian helposti Kelan el\u00e4kkeit\u00e4&#8217;: Kuvaan on siteerattu Siimeksen tilannearvio Kelan tulevaisuudesta, -ja ehk\u00e4 laajemmin koko suomalaisen hyvinvointivaltio-j\u00e4rjestelm\u00e4nkin? \u00a0\u201dT\u00e4m\u00e4 mesta ei pysy pystyss\u00e4\u201d Siimes aloittaa tarkastelun &#8217;takuuel\u00e4kkeest\u00e4&#8217;, joka perustettiin v. 2011. Takuuel\u00e4kett\u00e4 [&hellip;]<\/p>\n","protected":false},"author":3,"featured_media":11465,"comment_status":"open","ping_status":"open","sticky":false,"template":"","format":"standard","meta":{"footnotes":""},"categories":[31,145,22],"tags":[],"_links":{"self":[{"href":"https:\/\/www.uutispeili.fi\/index.php\/wp-json\/wp\/v2\/posts\/11464"}],"collection":[{"href":"https:\/\/www.uutispeili.fi\/index.php\/wp-json\/wp\/v2\/posts"}],"about":[{"href":"https:\/\/www.uutispeili.fi\/index.php\/wp-json\/wp\/v2\/types\/post"}],"author":[{"embeddable":true,"href":"https:\/\/www.uutispeili.fi\/index.php\/wp-json\/wp\/v2\/users\/3"}],"replies":[{"embeddable":true,"href":"https:\/\/www.uutispeili.fi\/index.php\/wp-json\/wp\/v2\/comments?post=11464"}],"version-history":[{"count":7,"href":"https:\/\/www.uutispeili.fi\/index.php\/wp-json\/wp\/v2\/posts\/11464\/revisions"}],"predecessor-version":[{"id":11492,"href":"https:\/\/www.uutispeili.fi\/index.php\/wp-json\/wp\/v2\/posts\/11464\/revisions\/11492"}],"wp:featuredmedia":[{"embeddable":true,"href":"https:\/\/www.uutispeili.fi\/index.php\/wp-json\/wp\/v2\/media\/11465"}],"wp:attachment":[{"href":"https:\/\/www.uutispeili.fi\/index.php\/wp-json\/wp\/v2\/media?parent=11464"}],"wp:term":[{"taxonomy":"category","embeddable":true,"href":"https:\/\/www.uutispeili.fi\/index.php\/wp-json\/wp\/v2\/categories?post=11464"},{"taxonomy":"post_tag","embeddable":true,"href":"https:\/\/www.uutispeili.fi\/index.php\/wp-json\/wp\/v2\/tags?post=11464"}],"curies":[{"name":"wp","href":"https:\/\/api.w.org\/{rel}","templated":true}]}}