{"id":11461,"date":"2026-03-09T23:08:49","date_gmt":"2026-03-09T21:08:49","guid":{"rendered":"https:\/\/www.uutispeili.fi\/?p=11461"},"modified":"2026-03-09T23:08:49","modified_gmt":"2026-03-09T21:08:49","slug":"vantaan-koulut-kieltavat-hunnut-kansanedustaja-vigelius-tulisi-vieda-lakiin-asti","status":"publish","type":"post","link":"https:\/\/www.uutispeili.fi\/index.php\/2026\/03\/09\/vantaan-koulut-kieltavat-hunnut-kansanedustaja-vigelius-tulisi-vieda-lakiin-asti\/","title":{"rendered":"Vantaan koulut kielt\u00e4v\u00e4t hunnut, -kansanedustaja Vigelius: &#8221;Tulisi vied\u00e4 lakiin asti&#8221;"},"content":{"rendered":"<p><strong>Vantaan uusi linjaus edellytt\u00e4\u00e4, ett\u00e4 jokainen peruskoulun oppilas on tunnistettavissa koko koulup\u00e4iv\u00e4n ajan. K\u00e4yt\u00e4nn\u00f6ss\u00e4 t\u00e4m\u00e4 tarkoittaa, ett\u00e4 kasvoja peitt\u00e4vi\u00e4 asusteita, kuten burkaa tai niqabia, ei saa k\u00e4ytt\u00e4\u00e4 koulussa.<\/strong><\/p>\n<p>(Arkistokuva, kuval\u00e4hde: Eduskunta.)<\/p>\n<p>Kansanedustaja ja perussuomalaisten 2. varapuheenjohtaja <strong>Joakim Vigelius<\/strong> toivoo k\u00e4yt\u00e4nn\u00f6n laajenevan muihinkin kouluihin.<\/p>\n<h2>&#8217;Opettajien on voitava tunnistaa oppilaat&#8217;<\/h2>\n<blockquote><p>\u2013 Esimerkillinen p\u00e4\u00e4t\u00f6s, joka tulisi vied\u00e4 lakiin asti. Luonnollinen ensiaskel burkakiellolle olisi ulottaa se kouluihin ja julkisiin palveluihin, Vigelius linjaa.<\/p><\/blockquote>\n<p><strong>Vantaalla<\/strong> p\u00e4\u00e4t\u00f6st\u00e4 perustellaan turvallisuudella sek\u00e4 sill\u00e4, ett\u00e4 opettajien on voitava tunnistaa oppilaat arvioidakseen heid\u00e4n oppimistaan ja k\u00e4ytt\u00e4ytymist\u00e4\u00e4n. Vigelius katsoo, ett\u00e4 lakiin kirjattu burkakielto olisi my\u00f6s tasa-arvoteko.<\/p>\n<blockquote><p>\u2013 Kasvot peitt\u00e4v\u00e4t kaavut ovat t\u00f6ker\u00f6impi\u00e4 tapoja, joilla islamilaisissa kulttuureissa alistetaan naisia ja tehd\u00e4\u00e4n heid\u00e4t n\u00e4kym\u00e4tt\u00f6miksi.<\/p><\/blockquote>\n<p>&#8221;<em>Suomessa tasa-arvo-ongelmiin suhtaudutaan ristiriitaisesti. Esimerkiksi ammattien eriytyminen sukupuolten v\u00e4lill\u00e4 tulkitaan usein rakenteelliseksi tasa-arvo-ongelmaksi eik\u00e4 yksil\u00f6iden vapaan valinnan seuraukseksi. Sen sijaan ylti\u00f6patriarkaalisesta naisten kaavuttamisesta puhutaan n\u00e4iden naisten omana valintana eik\u00e4 rakenteellisena tasa-arvo-ongelman<\/em>a.&#8221; <img loading=\"lazy\" decoding=\"async\" class=\"alignnone size-full wp-image-144\" src=\"https:\/\/www.uutispeili.fi\/wp-content\/uploads\/2023\/11\/di.gold_.gif\" alt=\"\" width=\"11\" height=\"11\" \/><\/p>\n<p>(Uutispeili ei ole muokannut artikkelin sis\u00e4lt\u00f6\u00e4.)<\/p>\n","protected":false},"excerpt":{"rendered":"<p>Vantaan uusi linjaus edellytt\u00e4\u00e4, ett\u00e4 jokainen peruskoulun oppilas on tunnistettavissa koko koulup\u00e4iv\u00e4n ajan. K\u00e4yt\u00e4nn\u00f6ss\u00e4 t\u00e4m\u00e4 tarkoittaa, ett\u00e4 kasvoja peitt\u00e4vi\u00e4 asusteita, kuten burkaa tai niqabia, ei saa k\u00e4ytt\u00e4\u00e4 koulussa. (Arkistokuva, kuval\u00e4hde: Eduskunta.) Kansanedustaja ja perussuomalaisten 2. varapuheenjohtaja Joakim Vigelius toivoo k\u00e4yt\u00e4nn\u00f6n laajenevan muihinkin kouluihin. &#8217;Opettajien on voitava tunnistaa oppilaat&#8217; \u2013 Esimerkillinen p\u00e4\u00e4t\u00f6s, joka tulisi vied\u00e4 lakiin [&hellip;]<\/p>\n","protected":false},"author":3,"featured_media":2492,"comment_status":"open","ping_status":"open","sticky":false,"template":"","format":"standard","meta":{"footnotes":""},"categories":[49],"tags":[],"_links":{"self":[{"href":"https:\/\/www.uutispeili.fi\/index.php\/wp-json\/wp\/v2\/posts\/11461"}],"collection":[{"href":"https:\/\/www.uutispeili.fi\/index.php\/wp-json\/wp\/v2\/posts"}],"about":[{"href":"https:\/\/www.uutispeili.fi\/index.php\/wp-json\/wp\/v2\/types\/post"}],"author":[{"embeddable":true,"href":"https:\/\/www.uutispeili.fi\/index.php\/wp-json\/wp\/v2\/users\/3"}],"replies":[{"embeddable":true,"href":"https:\/\/www.uutispeili.fi\/index.php\/wp-json\/wp\/v2\/comments?post=11461"}],"version-history":[{"count":1,"href":"https:\/\/www.uutispeili.fi\/index.php\/wp-json\/wp\/v2\/posts\/11461\/revisions"}],"predecessor-version":[{"id":11462,"href":"https:\/\/www.uutispeili.fi\/index.php\/wp-json\/wp\/v2\/posts\/11461\/revisions\/11462"}],"wp:featuredmedia":[{"embeddable":true,"href":"https:\/\/www.uutispeili.fi\/index.php\/wp-json\/wp\/v2\/media\/2492"}],"wp:attachment":[{"href":"https:\/\/www.uutispeili.fi\/index.php\/wp-json\/wp\/v2\/media?parent=11461"}],"wp:term":[{"taxonomy":"category","embeddable":true,"href":"https:\/\/www.uutispeili.fi\/index.php\/wp-json\/wp\/v2\/categories?post=11461"},{"taxonomy":"post_tag","embeddable":true,"href":"https:\/\/www.uutispeili.fi\/index.php\/wp-json\/wp\/v2\/tags?post=11461"}],"curies":[{"name":"wp","href":"https:\/\/api.w.org\/{rel}","templated":true}]}}