{"id":11458,"date":"2026-03-09T22:56:31","date_gmt":"2026-03-09T20:56:31","guid":{"rendered":"https:\/\/www.uutispeili.fi\/?p=11458"},"modified":"2026-03-09T22:56:32","modified_gmt":"2026-03-09T20:56:32","slug":"kuka-kantaa-vastuun-korona-ajan-paatoksista-kysyy-kansanedustaja-pia-sillanpaa","status":"publish","type":"post","link":"https:\/\/www.uutispeili.fi\/index.php\/2026\/03\/09\/kuka-kantaa-vastuun-korona-ajan-paatoksista-kysyy-kansanedustaja-pia-sillanpaa\/","title":{"rendered":"Kuka kantaa vastuun korona-ajan p\u00e4\u00e4t\u00f6ksist\u00e4? -Kysyy kansanedustaja Pia Sillanp\u00e4\u00e4"},"content":{"rendered":"<p><strong>Eduskunnan kirjastossa j\u00e4rjestettiin maanantaina tilaisuus \u201d<em>Kansanedustajat ja tutkijat koronakriisin keskell\u00e4 \u2013 miten p\u00e4\u00e4t\u00f6kset syntyiv\u00e4t?<\/em>\u201d, jossa muun muassa kansanedustaja ja entinen peruspalveluministeri Krista Kiuru, THL:n asiantuntija Hanna Nohynek ja johtaja Mika Salminen k\u00e4viv\u00e4t l\u00e4pi koronapandemian aikaisia tapahtumia ja p\u00e4\u00e4t\u00f6ksi\u00e4.<\/strong><\/p>\n<p>Kansanedustaja <strong>Pia Sillanp\u00e4\u00e4<\/strong> pit\u00e4\u00e4 keskustelun j\u00e4rjest\u00e4mist\u00e4 t\u00e4rke\u00e4n\u00e4, mutta korostaa, ett\u00e4 tilaisuudessa olisi pit\u00e4nyt uskaltaa k\u00e4sitell\u00e4 korona-ajan p\u00e4\u00e4t\u00f6ksi\u00e4 kriittisemmin ja pohtia rehellisesti, mit\u00e4 siit\u00e4 kaikesta seurasi.<\/p>\n<blockquote><p>\u201dOn hyv\u00e4, ett\u00e4 tilaisuudessa k\u00e4ytiin keskustelua korona-ajoista. Aika tuntui kuitenkin menev\u00e4n liikaa toistensa selk\u00e4\u00e4n taputteluun ja siihen toistoon, kuinka hyvin asiat meniv\u00e4t. Olen siit\u00e4 hyvin eri mielt\u00e4. Jonkun olisi pit\u00e4nyt tuoda esille, mit\u00e4 esimerkiksi koronapassi ja <strong>tartuntatautilain 48 a<\/strong>-pyk\u00e4l\u00e4 aiheuttivat suomalaisille ja erityisesti lapsille ja nuorille sek\u00e4 hoitohenkil\u00f6st\u00f6lle\u201d, Sillanp\u00e4\u00e4 toteaa.<\/p><\/blockquote>\n<p>Sillanp\u00e4\u00e4n mukaan moni hoitoalan ty\u00f6ntekij\u00e4 joutui pandemian aikana eritt\u00e4in vaikeaan tilanteeseen, kun rokotuksiin liittyv\u00e4t vaatimukset vaikuttivat ty\u00f6mahdollisuuksiin ja toimeentuloon.<\/p>\n<p>\u201d<em><strong>Hoitohenkil\u00f6st\u00f6<\/strong> oli tilanteessa, jossa heid\u00e4n terveys- ja rokotustietonsa vaikuttivat siihen, saavatko he ty\u00f6skennell\u00e4 hoitajina. Samalla lapsia ja nuoria painostettiin valheellisin perustein ottamaan koronarokote sill\u00e4 perusteella, ett\u00e4 he suojaisivat l\u00e4heisi\u00e4\u00e4n tartunnoilta. My\u00f6hemmin nimitt\u00e4in k\u00e4vi ilmi, ettei rokote est\u00e4nyt tartuttamista ja sote-valiokunnassa, <strong>STM<\/strong>:ss\u00e4 ja <strong>THL<\/strong>:ss\u00e4 tiedettiin t\u00e4m\u00e4. On perusteltua kysy\u00e4: kannetaanko t\u00e4st\u00e4 vastuuta ja miten n\u00e4iden p\u00e4\u00e4t\u00f6sten seurauksia arvioidaan j\u00e4lkik\u00e4teen<\/em>\u201d, Sillanp\u00e4\u00e4 sanoo.<\/p>\n<p>Sillanp\u00e4\u00e4 nostaa esiin my\u00f6s korona-ajan muut seuraukset, jotka eiv\u00e4t h\u00e4nen mukaansa saa unohtua.<\/p>\n<h2><em>&#8217;Vanhukset kuolivat hoitolaitoksissa ilman l\u00e4heisi\u00e4\u00e4n<\/em>&#8217;<\/h2>\n<blockquote><p>\u201dMoni suomalainen muistaa yh\u00e4 tilanteet, joissa vanhukset kuolivat hoitolaitoksissa ilman l\u00e4heisi\u00e4\u00e4n. Perheet joutuivat valitsemaan, ketk\u00e4 p\u00e4\u00e4sev\u00e4t l\u00e4heistens\u00e4 hautajaisiin, koska vierasm\u00e4\u00e4r\u00e4 oli rajoitettu 10 henkeen. N\u00e4m\u00e4 kokemukset j\u00e4ttiv\u00e4t syv\u00e4t j\u00e4ljet moniin perheisiin ja yhteiskuntaan laajemmin. Sit\u00e4 aikaa emme saa en\u00e4\u00e4 ikin\u00e4 takaisin\u201d, Sillanp\u00e4\u00e4 muistuttaa.<\/p><\/blockquote>\n<p>Sillanp\u00e4\u00e4 vaatii, ett\u00e4 koronapandemian aikaisista toimista otettaisiin vastuu ja uskallettaisi n\u00e4in j\u00e4lkik\u00e4teen tarkastella sek\u00e4 silloisen p\u00e4\u00e4t\u00f6ksenteon perusteita ett\u00e4 niiden vaikutuksia ihmisten perusoikeuksiin.<\/p>\n<blockquote><p>\u201dTulevaisuudessa emme voi en\u00e4\u00e4 ikin\u00e4 hyv\u00e4ksy\u00e4 tilannetta, jossa kansalaisia asetetaan eriarvoiseen asemaan terveystietojen perusteella. Koronapassi ja tartuntatautilain 48 a-pyk\u00e4l\u00e4 jakoivat suomalaiset kahteen kastiin poliittisella p\u00e4\u00e4t\u00f6ksell\u00e4, joka perustui pelkoon ja valheeseen&#8221;, Sillanp\u00e4\u00e4 painottaa.<\/p><\/blockquote>\n<p>&#8221;<em>Jatkossa meid\u00e4n t\u00e4ytyy puolustaa jokaisen suomalaisen perusoikeuksia. Terveystiedot eiv\u00e4t voi olla peruste sille, ett\u00e4 kansalaiset asetetaan heikompaan asemaan. T\u00e4st\u00e4 on opittava ja jonkun olisi jo aikakin ottaa vastuu ja pyyt\u00e4\u00e4 anteeksi<\/em>\u201d, Sillanp\u00e4\u00e4 painottaa. <img loading=\"lazy\" decoding=\"async\" class=\"alignnone size-full wp-image-144\" src=\"https:\/\/www.uutispeili.fi\/wp-content\/uploads\/2023\/11\/di.gold_.gif\" alt=\"\" width=\"11\" height=\"11\" \/><\/p>\n<p>(Uutispeili ei ole muokannut artikkelin sis\u00e4lt\u00f6\u00e4.,)<\/p>\n","protected":false},"excerpt":{"rendered":"<p>Eduskunnan kirjastossa j\u00e4rjestettiin maanantaina tilaisuus \u201dKansanedustajat ja tutkijat koronakriisin keskell\u00e4 \u2013 miten p\u00e4\u00e4t\u00f6kset syntyiv\u00e4t?\u201d, jossa muun muassa kansanedustaja ja entinen peruspalveluministeri Krista Kiuru, THL:n asiantuntija Hanna Nohynek ja johtaja Mika Salminen k\u00e4viv\u00e4t l\u00e4pi koronapandemian aikaisia tapahtumia ja p\u00e4\u00e4t\u00f6ksi\u00e4. Kansanedustaja Pia Sillanp\u00e4\u00e4 pit\u00e4\u00e4 keskustelun j\u00e4rjest\u00e4mist\u00e4 t\u00e4rke\u00e4n\u00e4, mutta korostaa, ett\u00e4 tilaisuudessa olisi pit\u00e4nyt uskaltaa k\u00e4sitell\u00e4 korona-ajan p\u00e4\u00e4t\u00f6ksi\u00e4 [&hellip;]<\/p>\n","protected":false},"author":3,"featured_media":11459,"comment_status":"open","ping_status":"open","sticky":false,"template":"","format":"standard","meta":{"footnotes":""},"categories":[49,9],"tags":[],"_links":{"self":[{"href":"https:\/\/www.uutispeili.fi\/index.php\/wp-json\/wp\/v2\/posts\/11458"}],"collection":[{"href":"https:\/\/www.uutispeili.fi\/index.php\/wp-json\/wp\/v2\/posts"}],"about":[{"href":"https:\/\/www.uutispeili.fi\/index.php\/wp-json\/wp\/v2\/types\/post"}],"author":[{"embeddable":true,"href":"https:\/\/www.uutispeili.fi\/index.php\/wp-json\/wp\/v2\/users\/3"}],"replies":[{"embeddable":true,"href":"https:\/\/www.uutispeili.fi\/index.php\/wp-json\/wp\/v2\/comments?post=11458"}],"version-history":[{"count":1,"href":"https:\/\/www.uutispeili.fi\/index.php\/wp-json\/wp\/v2\/posts\/11458\/revisions"}],"predecessor-version":[{"id":11460,"href":"https:\/\/www.uutispeili.fi\/index.php\/wp-json\/wp\/v2\/posts\/11458\/revisions\/11460"}],"wp:featuredmedia":[{"embeddable":true,"href":"https:\/\/www.uutispeili.fi\/index.php\/wp-json\/wp\/v2\/media\/11459"}],"wp:attachment":[{"href":"https:\/\/www.uutispeili.fi\/index.php\/wp-json\/wp\/v2\/media?parent=11458"}],"wp:term":[{"taxonomy":"category","embeddable":true,"href":"https:\/\/www.uutispeili.fi\/index.php\/wp-json\/wp\/v2\/categories?post=11458"},{"taxonomy":"post_tag","embeddable":true,"href":"https:\/\/www.uutispeili.fi\/index.php\/wp-json\/wp\/v2\/tags?post=11458"}],"curies":[{"name":"wp","href":"https:\/\/api.w.org\/{rel}","templated":true}]}}