{"id":11404,"date":"2026-03-06T18:45:59","date_gmt":"2026-03-06T16:45:59","guid":{"rendered":"https:\/\/www.uutispeili.fi\/?p=11404"},"modified":"2026-03-06T18:46:00","modified_gmt":"2026-03-06T16:46:00","slug":"serbian-parlamentin-puhemies-ana-brnabic-vieraili-eduskunnassa","status":"publish","type":"post","link":"https:\/\/www.uutispeili.fi\/index.php\/2026\/03\/06\/serbian-parlamentin-puhemies-ana-brnabic-vieraili-eduskunnassa\/","title":{"rendered":"Serbian parlamentin puhemies Ana Brnabi\u0107 vieraili eduskunnassa"},"content":{"rendered":"<p><strong>Serbian parlamentin puhemies Ana Brnabi\u0107 vieraili eduskunnassa perjantaina 6.3. H\u00e4nell\u00e4 oli eduskunnassa useita tapaamisia, joissa h\u00e4n k\u00e4vi keskusteluja puhemiehen, ministereiden ja kansanedustajien kanssa.<\/strong><\/p>\n<p>Serbian parlamentin puhemies <strong>Ana Brnabi\u0107<\/strong> valtuuskuntineen vieraili eduskunnassa perjantaina 6.3. H\u00e4n tapasi vierailullaan mm. puhemies <strong>Jussi Halla-aho<\/strong>n ja eduskuntaryhmien edustajia. Keskusteluissa k\u00e4siteltiin esimerkiksi kahdenv\u00e4lisi\u00e4 suhteita, Suomen ja Serbian ajankohtaisia poliittisia asioita ja tukea Ukrainalle Ven\u00e4j\u00e4n hy\u00f6kk\u00e4yssodassa.<\/p>\n<p>Puhemiehet ja kansanedustajat k\u00e4viv\u00e4t keskustelua erityisesti Serbian EU-j\u00e4senyyspolusta ja j\u00e4senyysneuvottelujen tilasta sek\u00e4 Serbian suhteista Ven\u00e4j\u00e4\u00e4n.<\/p>\n<p>Puhemies Brnabi\u0107 kertoi EU-integraation olevan Serbialle prioriteetti ja toivoi Suomelta tukea EU-j\u00e4senyyspolullaan. Lis\u00e4ksi tapaamisessa nousivat esiin talouteen ja ty\u00f6llisyyteen liittyv\u00e4t kysymykset. Tapaamiseen osallistuivat my\u00f6s eduskuntaryhmien puheenjohtajat <strong>Jukka Kopra<\/strong> (kok.), <strong>Jani M\u00e4kel\u00e4<\/strong> (ps.), <strong>Tytti Tuppurainen<\/strong> (sd.), <strong>Antti Kurvinen<\/strong> (kesk.) ja <strong>Aino-Kaisa Pekonen<\/strong> (vas.). Vihre\u00e4\u00e4 eduskuntaryhm\u00e4\u00e4 edusti ryhm\u00e4n varapuheenjohtaja Inka Hopsu ja ruotsalaista eduskuntaryhm\u00e4\u00e4 ryhm\u00e4n toinen varapuheenjohtaja <strong>Anders Norrback<\/strong>.<\/p>\n<p>Keskustelua jatketiin puhemies Halla-ahon is\u00e4nn\u00f6im\u00e4ll\u00e4 ty\u00f6lounaalla, jolle osallistuivat suuren valiokunnan puheenjohtaja <strong>Saara-Sofia Sir\u00e9n<\/strong> (kok.), ulkoasiainvaliokunnan j\u00e4sen <strong>Pekka Haavisto<\/strong> (vihr.) ja eduskunnan Serbia-yst\u00e4vyysryhm\u00e4n puheenjohtaja <strong>Vilhelm Junnila<\/strong> (ps.).<\/p>\n<p>Puhemies Brnabi\u0107 tapasi vierailullaan my\u00f6s eurooppa- ja omistajaohjausministeri <strong>Joakim Strand<\/strong>in (r.) ja opetusministeri <strong>Anders Adlercreutz<\/strong>in (r.). Lis\u00e4ksi ohjelmassa olivat esimerkiksi yhteiskuntien digitalisaatiota k\u00e4sittelev\u00e4t tapaamiset kehitt\u00e4miskeskus HAUSin, valtiovarainministeri\u00f6n sek\u00e4 Sitran edustajien kanssa. Tapaamistensa lomassa puhemies Brnabi\u0107 seurasi perjantain istuntoa diplomaattiaitiosta.<\/p>\n<p>Puhemies Halla-ahon johtama puhemiesvaltuuskunta vieraili Serbiassa lokakuussa 2024. <img loading=\"lazy\" decoding=\"async\" class=\"alignnone size-full wp-image-144\" src=\"https:\/\/www.uutispeili.fi\/wp-content\/uploads\/2023\/11\/di.gold_.gif\" alt=\"\" width=\"11\" height=\"11\" \/><\/p>\n","protected":false},"excerpt":{"rendered":"<p>Serbian parlamentin puhemies Ana Brnabi\u0107 vieraili eduskunnassa perjantaina 6.3. H\u00e4nell\u00e4 oli eduskunnassa useita tapaamisia, joissa h\u00e4n k\u00e4vi keskusteluja puhemiehen, ministereiden ja kansanedustajien kanssa. Serbian parlamentin puhemies Ana Brnabi\u0107 valtuuskuntineen vieraili eduskunnassa perjantaina 6.3. H\u00e4n tapasi vierailullaan mm. puhemies Jussi Halla-ahon ja eduskuntaryhmien edustajia. Keskusteluissa k\u00e4siteltiin esimerkiksi kahdenv\u00e4lisi\u00e4 suhteita, Suomen ja Serbian ajankohtaisia poliittisia asioita ja [&hellip;]<\/p>\n","protected":false},"author":3,"featured_media":11405,"comment_status":"open","ping_status":"open","sticky":false,"template":"","format":"standard","meta":{"footnotes":""},"categories":[49,138],"tags":[],"_links":{"self":[{"href":"https:\/\/www.uutispeili.fi\/index.php\/wp-json\/wp\/v2\/posts\/11404"}],"collection":[{"href":"https:\/\/www.uutispeili.fi\/index.php\/wp-json\/wp\/v2\/posts"}],"about":[{"href":"https:\/\/www.uutispeili.fi\/index.php\/wp-json\/wp\/v2\/types\/post"}],"author":[{"embeddable":true,"href":"https:\/\/www.uutispeili.fi\/index.php\/wp-json\/wp\/v2\/users\/3"}],"replies":[{"embeddable":true,"href":"https:\/\/www.uutispeili.fi\/index.php\/wp-json\/wp\/v2\/comments?post=11404"}],"version-history":[{"count":1,"href":"https:\/\/www.uutispeili.fi\/index.php\/wp-json\/wp\/v2\/posts\/11404\/revisions"}],"predecessor-version":[{"id":11406,"href":"https:\/\/www.uutispeili.fi\/index.php\/wp-json\/wp\/v2\/posts\/11404\/revisions\/11406"}],"wp:featuredmedia":[{"embeddable":true,"href":"https:\/\/www.uutispeili.fi\/index.php\/wp-json\/wp\/v2\/media\/11405"}],"wp:attachment":[{"href":"https:\/\/www.uutispeili.fi\/index.php\/wp-json\/wp\/v2\/media?parent=11404"}],"wp:term":[{"taxonomy":"category","embeddable":true,"href":"https:\/\/www.uutispeili.fi\/index.php\/wp-json\/wp\/v2\/categories?post=11404"},{"taxonomy":"post_tag","embeddable":true,"href":"https:\/\/www.uutispeili.fi\/index.php\/wp-json\/wp\/v2\/tags?post=11404"}],"curies":[{"name":"wp","href":"https:\/\/api.w.org\/{rel}","templated":true}]}}