{"id":11401,"date":"2026-03-06T18:35:58","date_gmt":"2026-03-06T16:35:58","guid":{"rendered":"https:\/\/www.uutispeili.fi\/?p=11401"},"modified":"2026-03-06T18:36:41","modified_gmt":"2026-03-06T16:36:41","slug":"suuri-valiokunta-sai-selvityksia-eu-kokouksista-ja-energia-alan-lainsaadantohankkeista","status":"publish","type":"post","link":"https:\/\/www.uutispeili.fi\/index.php\/2026\/03\/06\/suuri-valiokunta-sai-selvityksia-eu-kokouksista-ja-energia-alan-lainsaadantohankkeista\/","title":{"rendered":"Suuri valiokunta sai selvityksi\u00e4 EU-kokouksista ja energia-alan lains\u00e4\u00e4d\u00e4nt\u00f6hankkeista"},"content":{"rendered":"<p><strong>Perjantain kokouksessaan suuri valiokunta sai ajankohtaiskatsaukset EU-asioihin ja k\u00e4sitteli useita sosiaali-, talous-, maatalous- ja energia-alojen lains\u00e4\u00e4d\u00e4nt\u00f6hankkeita.<\/strong><\/p>\n<p>(Arkistokuva: Eduskunta \/ suuri valiokunta.)<\/p>\n<p><strong>Eduskunnan suuri valiokunta<\/strong> kokoontui perjantaina 6. maaliskuuta 2026. Valiokunta sai kokouksessaan muun muassa selvityksi\u00e4 ajankohtaisista EU-asioista.<\/p>\n<p>Valiokunta kuuli sosiaali- ja terveysministeri <strong>Wille Rydman<\/strong>ia (ps.) ty\u00f6llisyys\u2011, sosiaalipolitiikka\u2011, terveys\u2011 ja kuluttaja-asioiden neuvoston tulevasta kokouksesta 9. maaliskuuta Brysseliss\u00e4.<\/p>\n<p>Kansanedustajat esittiv\u00e4t ministeri Rydmanille kysymyksi\u00e4 liittyen muun muassa tulevaan EU:n k\u00f6yhyydenvastaiseen strategiaan ja Suomen asemoitumiseen sek\u00e4 teko\u00e4lyn hy\u00f6dynt\u00e4miseen ja ongelmiin, kuten tietoturvaan ja luotettavuuteen.<\/p>\n<p>Lis\u00e4ksi valiokunta sai selvityksen euroryhm\u00e4n ja <strong>ECOFIN<\/strong>-neuvoston tulevista kokouksista (9.-10.3.2026) Brysseliss\u00e4. Selvityksen antoi valtiovarainministerin poliittinen valtiosihteeri <strong>Riikka Slunga\u2011Poutsalo<\/strong> valtiovarainministeri <strong>Riikka Purra<\/strong>n (Perussuomalaiset.) ollessa estyneen\u00e4.<\/p>\n<h2>EU\u2011lains\u00e4\u00e4d\u00e4nt\u00f6ehdotukset maatalous\u2011 ja elintarvikealalta<\/h2>\n<p>Valiokunta k\u00e4sitteli <strong>EU:n komission<\/strong> ehdotusta muuttaa EU:n <em>luomuasetusta<\/em>, jonka tavoitteena on selkeytt\u00e4\u00e4 luomutuotteiden merkint\u00f6j\u00e4 ja tuontij\u00e4rjestelyj\u00e4 sek\u00e4 kevent\u00e4\u00e4 hallinnollista taakkaa erityisesti pienille toimijoille. Suuri valiokunta yhtyi maa- ja mets\u00e4valiokunnan lausunnon mukaisesti valtioneuvoston kantaan.<\/p>\n<p>Valiokunta k\u00e4sitteli my\u00f6s komission esitt\u00e4m\u00e4\u00e4 elintarvike\u2011 ja rehulains\u00e4\u00e4d\u00e4nn\u00f6n s\u00e4\u00e4d\u00f6skokonaisuutta (&#8221;Omnibus X&#8221;), jolla yksinkertaistetaan ja vahvistetaan unionin s\u00e4\u00e4ntely\u00e4. Tavoitteena on selkeytt\u00e4\u00e4 vaatimuksia ja nopeuttaa menettelyj\u00e4 muun muassa kasvinsuojeluaineiden, biosidien ja rehun lis\u00e4aineiden hyv\u00e4ksynn\u00f6iss\u00e4 sek\u00e4 ajanmukaistaa valvontaa ja m\u00e4\u00e4ritelmi\u00e4. My\u00f6s t\u00e4ss\u00e4 suuri valiokunta yhtyi ymp\u00e4rist\u00f6valiokunnan ja maa- ja mets\u00e4talousvaliokunnan lausuntojen mukaisesti valtioneuvoston kantaan.<\/p>\n<p>Kokouksessaan valiokunta kuuli lis\u00e4ksi asiantuntijoita energia\u2011alan lains\u00e4\u00e4d\u00e4nt\u00f6hankkeista, jotka koskevat Euroopan laajuisten energiainfrastruktuurien suuntaviivoja sek\u00e4 uusiutuvan energian tuotannon ja energiainfrastruktuurien lupamenettelyjen nopeuttamista. Kuultavina olivat ty\u00f6\u2011 ja elinkeinoministeri\u00f6n, ymp\u00e4rist\u00f6ministeri\u00f6n ja Energiateollisuus ry:n asiantuntijat. <strong>WWF Suomi<\/strong> toimitti asiakokonaisuuksiin kirjalliset lausunnot. <img loading=\"lazy\" decoding=\"async\" class=\"alignnone size-full wp-image-144\" src=\"https:\/\/www.uutispeili.fi\/wp-content\/uploads\/2023\/11\/di.gold_.gif\" alt=\"\" width=\"11\" height=\"11\" \/><\/p>\n","protected":false},"excerpt":{"rendered":"<p>Perjantain kokouksessaan suuri valiokunta sai ajankohtaiskatsaukset EU-asioihin ja k\u00e4sitteli useita sosiaali-, talous-, maatalous- ja energia-alojen lains\u00e4\u00e4d\u00e4nt\u00f6hankkeita. (Arkistokuva: Eduskunta \/ suuri valiokunta.) Eduskunnan suuri valiokunta kokoontui perjantaina 6. maaliskuuta 2026. Valiokunta sai kokouksessaan muun muassa selvityksi\u00e4 ajankohtaisista EU-asioista. Valiokunta kuuli sosiaali- ja terveysministeri Wille Rydmania (ps.) ty\u00f6llisyys\u2011, sosiaalipolitiikka\u2011, terveys\u2011 ja kuluttaja-asioiden neuvoston tulevasta kokouksesta 9. maaliskuuta [&hellip;]<\/p>\n","protected":false},"author":3,"featured_media":11264,"comment_status":"open","ping_status":"open","sticky":false,"template":"","format":"standard","meta":{"footnotes":""},"categories":[49,51],"tags":[],"_links":{"self":[{"href":"https:\/\/www.uutispeili.fi\/index.php\/wp-json\/wp\/v2\/posts\/11401"}],"collection":[{"href":"https:\/\/www.uutispeili.fi\/index.php\/wp-json\/wp\/v2\/posts"}],"about":[{"href":"https:\/\/www.uutispeili.fi\/index.php\/wp-json\/wp\/v2\/types\/post"}],"author":[{"embeddable":true,"href":"https:\/\/www.uutispeili.fi\/index.php\/wp-json\/wp\/v2\/users\/3"}],"replies":[{"embeddable":true,"href":"https:\/\/www.uutispeili.fi\/index.php\/wp-json\/wp\/v2\/comments?post=11401"}],"version-history":[{"count":2,"href":"https:\/\/www.uutispeili.fi\/index.php\/wp-json\/wp\/v2\/posts\/11401\/revisions"}],"predecessor-version":[{"id":11403,"href":"https:\/\/www.uutispeili.fi\/index.php\/wp-json\/wp\/v2\/posts\/11401\/revisions\/11403"}],"wp:featuredmedia":[{"embeddable":true,"href":"https:\/\/www.uutispeili.fi\/index.php\/wp-json\/wp\/v2\/media\/11264"}],"wp:attachment":[{"href":"https:\/\/www.uutispeili.fi\/index.php\/wp-json\/wp\/v2\/media?parent=11401"}],"wp:term":[{"taxonomy":"category","embeddable":true,"href":"https:\/\/www.uutispeili.fi\/index.php\/wp-json\/wp\/v2\/categories?post=11401"},{"taxonomy":"post_tag","embeddable":true,"href":"https:\/\/www.uutispeili.fi\/index.php\/wp-json\/wp\/v2\/tags?post=11401"}],"curies":[{"name":"wp","href":"https:\/\/api.w.org\/{rel}","templated":true}]}}