{"id":11380,"date":"2026-03-05T13:10:05","date_gmt":"2026-03-05T11:10:05","guid":{"rendered":"https:\/\/www.uutispeili.fi\/?p=11380"},"modified":"2026-03-05T13:10:06","modified_gmt":"2026-03-05T11:10:06","slug":"muistin-virkistamiseksi-iran-suostui-genevessa-luopumaan-uraanin-varastoimisesta","status":"publish","type":"post","link":"https:\/\/www.uutispeili.fi\/index.php\/2026\/03\/05\/muistin-virkistamiseksi-iran-suostui-genevessa-luopumaan-uraanin-varastoimisesta\/","title":{"rendered":"Muistin virkist\u00e4miseksi: Iran suostui Genevess\u00e4 luopumaan uraanin varastoimisesta"},"content":{"rendered":"<p><strong>Qatarin emiirikunnassa toimiva al-Jazeera-mediatalo kertoi 28. helmikuuta, -ennen Trumpin ja Netanyahun yll\u00e4tyshy\u00f6kk\u00e4yst\u00e4 Iraniin- ett\u00e4 pahin kiistakysymys oli ratkennut\u00a0 Yhdysvaltain ja Iranin neuvotteluissa Genevess\u00e4.<\/strong><\/p>\n<p>(Kuvaan on k\u00e4ytetty mm. <strong>Nina Paley<\/strong>n aineistoa.)<\/p>\n<blockquote><p>&#8221;<strong>Iran<\/strong> suostui ep\u00e4suorissa neuvotteluissa <strong>Yhdysvaltojen<\/strong> kanssa, ettei koskaan varastoi rikastettua uraania, sanoi <strong>Oman<\/strong>in diplomaattijohtaja ja kuvaili kehityst\u00e4 merkitt\u00e4v\u00e4ksi l\u00e4pimurroksi.&#8221; al-Jazeera 28.02. 2026.<\/p><\/blockquote>\n<p>Omanin ulkoministeri <strong>Badr bin Hamad al-Busaidi<\/strong> sanoo, ett\u00e4 Yhdysvaltojen ja Iranin v\u00e4liset viimeaikaiset ep\u00e4suorat neuvottelut ovat &#8221;<em>edistyneet merkitt\u00e4v\u00e4sti<\/em>&#8221; ja diplomatian on annettava tehd\u00e4 ty\u00f6ns\u00e4. Neuvottelut k\u00e4ytiin Oman ulkoministerin v\u00e4litt\u00e4ess\u00e4 <strong>Genevess\u00e4<\/strong>, Omanin suurl\u00e4hetyst\u00f6n tiloissa.<\/p>\n<ul>\n<li>Neuvottelukierros <strong>Geneve<\/strong>ss\u00e4 p\u00e4\u00e4ttyi torstaina (27.02.),<\/li>\n<li>Yhdysvaltain ja Israelin ilmahy\u00f6kk\u00e4ykset alkoivat varhain lauantaina (28.02.)<\/li>\n<li>Yhdysvaltojen ja Iranin osapuolten odotettiin tapaavan uudelleen maanantaina (02.02.)\u00a0 <strong>Wien<\/strong>iss\u00e4, It\u00e4vallassa, ep\u00e4suorien neuvottelujen merkeiss\u00e4.<\/li>\n<\/ul>\n<p>Omanin ulkoministeri Busaidi sanoi my\u00f6s perjantaina (28.02.) uskovansa, ett\u00e4 kaikki Iranin ja Yhdysvaltojen v\u00e4lisen sopimuksen ongelmat voidaan ratkaista &#8221;<em>sovinnollisesti ja kattavasti<\/em>&#8221; muutamassa kuukaudessa.<\/p>\n<blockquote><p>\u201dRauhansopimus on ulottuvillamme&#8230; jos vain annamme diplomatialle tilaa sen saavuttamiseksi\u201d, Al Busaidi sanoi CBS Newsin haastattelussa Washington DC:ss\u00e4 sen j\u00e4lkeen, kun Oman toimi v\u00e4litt\u00e4j\u00e4n\u00e4 Yhdysvaltojen ja Iranin v\u00e4listen ep\u00e4suorien neuvottelujen kolmannella kierroksella Genevess\u00e4 torstaina.<\/p><\/blockquote>\n<p><img loading=\"lazy\" decoding=\"async\" class=\"aligncenter wp-image-4697 size-full\" src=\"https:\/\/www.uutispeili.fi\/wp-content\/uploads\/2025\/01\/trump-iran-nuclear800450.png\" alt=\"\" width=\"800\" height=\"450\" srcset=\"https:\/\/www.uutispeili.fi\/wp-content\/uploads\/2025\/01\/trump-iran-nuclear800450.png 800w, https:\/\/www.uutispeili.fi\/wp-content\/uploads\/2025\/01\/trump-iran-nuclear800450-300x169.png 300w, https:\/\/www.uutispeili.fi\/wp-content\/uploads\/2025\/01\/trump-iran-nuclear800450-768x432.png 768w\" sizes=\"(max-width: 800px) 100vw, 800px\" \/><\/p>\n<blockquote><p>\u201dJos perimm\u00e4isen\u00e4 tavoitteena on varmistaa, ettei Iranilla voi olla ydinasetta ikuisiksi ajoiksi, mielest\u00e4ni olemme ratkaisseet ongelman n\u00e4iden neuvottelujen avulla sopimalla eritt\u00e4in t\u00e4rke\u00e4st\u00e4 l\u00e4pimurrosta, jota ei ole koskaan ennen saavutettu\u201d, Al Busaidi sanoi.<\/p><\/blockquote>\n<h2>&#8221;<em>Iranilla ei koskaan tule olemaan ydinmateriaalia, jolla voitaisiin tehd\u00e4 pommi<\/em>&#8221;<\/h2>\n<p>&#8221;<em>Uskon, ett\u00e4 t\u00e4rkein yksitt\u00e4inen saavutus on sopimus, jonka mukaan Iranilla ei koskaan tule olemaan ydinmateriaalia, jolla voitaisiin tehd\u00e4 pommi<\/em>&#8221;, sanoi perjantaina (28.02.) Omanin ulkoministeri.<\/p>\n<blockquote><p>&#8221;Nyt puhumme nollavarastoimisesta, ja se on eritt\u00e4in, eritt\u00e4in t\u00e4rke\u00e4\u00e4, koska jos et voi varastoida rikastettua materiaalia, et voi mitenk\u00e4\u00e4n itse asiassa valmistaa pommia&#8221;, ministeri lis\u00e4si.<\/p><\/blockquote>\n<p>Omanin ulkoministerin mukaan <strong>IAEA<\/strong> (YK:n Kansainv\u00e4linen atomienergiaj\u00e4rjest\u00f6) suorittaisi t\u00e4ydellisen ja kattavan tarkastuksen Iranin ydin-kohteissa.<\/p>\n<h2>Jo rikastetut uraanit laimennetaan<\/h2>\n<p>Al Busaidi sanoi my\u00f6s, ett\u00e4 Iran my\u00f6ntyi\u00a0 laimentamaan nykyiset ydinmateriaalivarastonsa, -enint\u00e4\u00e4n 60%;n pitoisuuksia- voimalak\u00e4ytt\u00f6\u00f6n sopivaan pitoisuuteen (0.365%:iin).<\/p>\n<blockquote><p>\u201dT\u00e4m\u00e4 on jotain t\u00e4ysin uutta. Se tekee rikastusv\u00e4itteest\u00e4 v\u00e4hemm\u00e4n merkityksellisen, koska nyt puhumme nollavarastoinnin toteuttamisesta\u201d, Al Busaidi sanoi.<\/p><\/blockquote>\n<h2><em>&#8221;Uskon, ett\u00e4 Iran on avoin keskustelemaan kaikesta&#8221;<\/em><\/h2>\n<p>Yhdysvaltojen viimeaikaisista (uusista) vaatimuksista -koskien Iranin ohjusohjelmaa- Al Busaidi sanoi: <em>&#8221;Uskon, ett\u00e4 Iran on avoin keskustelemaan kaikesta&#8221;<\/em>.<\/p>\n<p>Kysytt\u00e4ess\u00e4, uskooko h\u00e4n, ett\u00e4 Geneven viimeaikaisissa neuvotteluissa k\u00e4siteltiin riitt\u00e4v\u00e4sti Yhdysvaltojen hy\u00f6kk\u00e4yksen est\u00e4miseksi Iraniin , ministeri vastasi: &#8221;<em>Toivon niin<\/em>.&#8221;<\/p>\n<blockquote><p>&#8221;&#8230; Kokonaiskuva on se, ett\u00e4 sopimus on meid\u00e4n k\u00e4siss\u00e4mme&#8221;, sanoi Omanin ulkoministeri.<\/p><\/blockquote>\n<p>Al Busaidi kommentoi tilannetta perjantaina tavattuaan \u200b\u200bYhdysvaltain varapresidentin <strong>J. D. Vance<\/strong>n.<\/p>\n<p><img loading=\"lazy\" decoding=\"async\" class=\"aligncenter wp-image-10795 size-full\" src=\"https:\/\/www.uutispeili.fi\/wp-content\/uploads\/2026\/02\/trump-pahoja-asioita800450.png\" alt=\"\" width=\"800\" height=\"450\" srcset=\"https:\/\/www.uutispeili.fi\/wp-content\/uploads\/2026\/02\/trump-pahoja-asioita800450.png 800w, https:\/\/www.uutispeili.fi\/wp-content\/uploads\/2026\/02\/trump-pahoja-asioita800450-300x169.png 300w, https:\/\/www.uutispeili.fi\/wp-content\/uploads\/2026\/02\/trump-pahoja-asioita800450-768x432.png 768w\" sizes=\"(max-width: 800px) 100vw, 800px\" \/><\/p>\n<h2>Trumpilla &#8217;<em>pahat mieless\u00e4<\/em>&#8217;<\/h2>\n<p>Yhdysvaltain presidentti Donald Trump sanoikin perjantaina (28.02.), ettei ole tyytyv\u00e4inen Genevess\u00e4 p\u00e4\u00e4ttyneisiin neuvotteluihin.<\/p>\n<blockquote><p>\u201dEmme ole t\u00e4ysin tyytyv\u00e4isi\u00e4 tapaan, jolla he neuvottelevat\u201d, Trump sanoi toimittajille Washingtonissa ja lis\u00e4si, ett\u00e4 &#8221;Iranin tulisi tehd\u00e4 sopimus\u201d. &#8221;He olisivat fiksuja, jos tekisiv\u00e4t sopimuksen.&#8221;<\/p><\/blockquote>\n<h2>Oliko Trump lainkaan &#8217;<em>k\u00e4rryill\u00e4<\/em>&#8217;?<\/h2>\n<p>Trump sanoi my\u00f6hemmin, ett\u00e4 h\u00e4n pit\u00e4isi parempana, jos Yhdysvaltojen ei tarvitsisi k\u00e4ytt\u00e4\u00e4 sotilaallista voimaa, \u201d<em>mutta joskus se on pakko tehd\u00e4<\/em>\u201d.<\/p>\n<p>T\u00e4t\u00e4 kirjoitettaessa Trump levitt\u00e4\u00e4 tuhoa Iraniin mm. asutuskeskuspommituksina, ja kerskakuluttaa Yhdysvaltain vaikeasti korvattavaa korkeateknologista sotamateriaalia.<\/p>\n<p>Iranin hengiss\u00e4 olevat johtajat roiskivat ballistisia ohjuksia ja drooneja pitkin L\u00e4hi-It\u00e4\u00e4, madaltaen eskalaation kynnyst\u00e4. Yhdess\u00e4 Trumpin kanssa he voivat muuttaa konfliktin globaaliksi. (&#8221;<em>So biblical!&#8221;<\/em>) <img loading=\"lazy\" decoding=\"async\" class=\"alignnone size-full wp-image-144\" src=\"https:\/\/www.uutispeili.fi\/wp-content\/uploads\/2023\/11\/di.gold_.gif\" alt=\"\" width=\"11\" height=\"11\" \/><\/p>\n<p>(Kaikki sitaatit al-Jazeeran julkaisemassa muodossa.)<\/p>\n<p>Luettavaa<\/p>\n<ul>\n<li><a href=\"https:\/\/www.aljazeera.com\/news\/2026\/2\/28\/peace-within-reach-as-iran-agrees-no-nuclear-material-stockpile-oman-fm\" target=\"_blank\" rel=\"noopener\"><strong>al-Jazeera<\/strong><\/a> 28.02. 2026,<\/li>\n<li><a href=\"https:\/\/www.aljazeera.com\/news\/2026\/2\/27\/iran-says-us-must-drop-excessive-demands-in-nuclear-negotiations\" target=\"_blank\" rel=\"noopener\"><strong>al-Jazeera<\/strong><\/a> 27.02. 2026,<\/li>\n<li><a href=\"https:\/\/www.aljazeera.com\/news\/2026\/2\/27\/omans-foreign-minister-meets-with-uss-vance-as-middle-east-tensions-rise\" target=\"_blank\" rel=\"noopener\"><strong>al-Jazeera<\/strong><\/a> 27.02. 2026,<\/li>\n<\/ul>\n<h2>Aiempia uutisia:<\/h2>\n<p>04.03. 2026:<\/p>\n<blockquote class=\"wp-embedded-content\" data-secret=\"Rv3JijvAmO\"><p><a href=\"https:\/\/www.uutispeili.fi\/index.php\/2026\/03\/04\/kuka-on-oikeassa\/\">Kuka on oikeassa?<\/a><\/p><\/blockquote>\n<p><iframe class=\"wp-embedded-content\" sandbox=\"allow-scripts\" security=\"restricted\" style=\"position: absolute; clip: rect(1px, 1px, 1px, 1px);\" title=\"&#8221;Kuka on oikeassa?&#8221; &#8212; \" src=\"https:\/\/www.uutispeili.fi\/index.php\/2026\/03\/04\/kuka-on-oikeassa\/embed\/#?secret=VBYKL4vtU2#?secret=Rv3JijvAmO\" data-secret=\"Rv3JijvAmO\" width=\"600\" height=\"338\" frameborder=\"0\" marginwidth=\"0\" marginheight=\"0\" scrolling=\"no\"><\/iframe><\/p>\n<p>20.06. <strong>2025<\/strong>:<\/p>\n<blockquote class=\"wp-embedded-content\" data-secret=\"tmmRvr8HXl\"><p><a href=\"https:\/\/www.uutispeili.fi\/index.php\/2025\/06\/20\/vapaa-tiedonvalitys-tehoaa-iranin-hulluihin-pappeihin-paremmin-kuin-trumpin-ihmepommi-ja-netanyahun-uho\/\">Vapaa tiedonv\u00e4litys tehoaa Iranin hulluihin pappeihin paremmin, kuin Trumpin ihmepommi ja Netanyahun uho<\/a><\/p><\/blockquote>\n<p><iframe class=\"wp-embedded-content\" sandbox=\"allow-scripts\" security=\"restricted\" style=\"position: absolute; clip: rect(1px, 1px, 1px, 1px);\" title=\"&#8221;Vapaa tiedonv\u00e4litys tehoaa Iranin hulluihin pappeihin paremmin, kuin Trumpin ihmepommi ja Netanyahun uho&#8221; &#8212; \" src=\"https:\/\/www.uutispeili.fi\/index.php\/2025\/06\/20\/vapaa-tiedonvalitys-tehoaa-iranin-hulluihin-pappeihin-paremmin-kuin-trumpin-ihmepommi-ja-netanyahun-uho\/embed\/#?secret=pjt1fq6Z6t#?secret=tmmRvr8HXl\" data-secret=\"tmmRvr8HXl\" width=\"600\" height=\"338\" frameborder=\"0\" marginwidth=\"0\" marginheight=\"0\" scrolling=\"no\"><\/iframe><\/p>\n<p>28.02. 2026:<\/p>\n<blockquote class=\"wp-embedded-content\" data-secret=\"5qVtB4yBs1\"><p><a href=\"https:\/\/www.uutispeili.fi\/index.php\/2026\/02\/28\/li-andersson-naiden-herrojen-toiminta-on-vaaraksi-meille-kaikille\/\">Li Andersson: &#8217;N\u00e4iden herrojen toiminta on vaaraksi meille kaikille&#8217;<\/a><\/p><\/blockquote>\n<p><iframe class=\"wp-embedded-content\" sandbox=\"allow-scripts\" security=\"restricted\" style=\"position: absolute; clip: rect(1px, 1px, 1px, 1px);\" title=\"&#8221;Li Andersson: &#8217;N\u00e4iden herrojen toiminta on vaaraksi meille kaikille&#8217;&#8221; &#8212; \" src=\"https:\/\/www.uutispeili.fi\/index.php\/2026\/02\/28\/li-andersson-naiden-herrojen-toiminta-on-vaaraksi-meille-kaikille\/embed\/#?secret=AkzqOtAeTq#?secret=5qVtB4yBs1\" data-secret=\"5qVtB4yBs1\" width=\"600\" height=\"338\" frameborder=\"0\" marginwidth=\"0\" marginheight=\"0\" scrolling=\"no\"><\/iframe><\/p>\n<p>28.02. 2026:<\/p>\n<blockquote class=\"wp-embedded-content\" data-secret=\"fWSJndUuQZ\"><p><a href=\"https:\/\/www.uutispeili.fi\/index.php\/2026\/02\/28\/yhdysvaltain-ja-israelin-ilmaiskuilla-iraniin-metsastetaan-hallinnon-karkea-niin-keta-siella\/\">Yhdysvaltain ja Israelin ilmaiskuilla Iraniin mets\u00e4stet\u00e4\u00e4n hallinnon k\u00e4rke\u00e4, -niin ket\u00e4 siell\u00e4?<\/a><\/p><\/blockquote>\n<p><iframe class=\"wp-embedded-content\" sandbox=\"allow-scripts\" security=\"restricted\" style=\"position: absolute; clip: rect(1px, 1px, 1px, 1px);\" title=\"&#8221;Yhdysvaltain ja Israelin ilmaiskuilla Iraniin mets\u00e4stet\u00e4\u00e4n hallinnon k\u00e4rke\u00e4, -niin ket\u00e4 siell\u00e4?&#8221; &#8212; \" src=\"https:\/\/www.uutispeili.fi\/index.php\/2026\/02\/28\/yhdysvaltain-ja-israelin-ilmaiskuilla-iraniin-metsastetaan-hallinnon-karkea-niin-keta-siella\/embed\/#?secret=6JcQsw0DGS#?secret=fWSJndUuQZ\" data-secret=\"fWSJndUuQZ\" width=\"600\" height=\"338\" frameborder=\"0\" marginwidth=\"0\" marginheight=\"0\" scrolling=\"no\"><\/iframe><\/p>\n<p>26.02. 2026:<\/p>\n<blockquote class=\"wp-embedded-content\" data-secret=\"mFrZVWXOxB\"><p><a href=\"https:\/\/www.uutispeili.fi\/index.php\/2026\/02\/26\/iranin-ja-yhdysvaltain-neuvotteluissa-merkittavaa-edistysta-genevessa\/\">Iranin ja Yhdysvaltain neuvotteluissa &#8217;merkitt\u00e4v\u00e4\u00e4 edistyst\u00e4&#8217; Genevess\u00e4<\/a><\/p><\/blockquote>\n<p><iframe class=\"wp-embedded-content\" sandbox=\"allow-scripts\" security=\"restricted\" style=\"position: absolute; clip: rect(1px, 1px, 1px, 1px);\" title=\"&#8221;Iranin ja Yhdysvaltain neuvotteluissa &#8217;merkitt\u00e4v\u00e4\u00e4 edistyst\u00e4&#8217; Genevess\u00e4&#8221; &#8212; \" src=\"https:\/\/www.uutispeili.fi\/index.php\/2026\/02\/26\/iranin-ja-yhdysvaltain-neuvotteluissa-merkittavaa-edistysta-genevessa\/embed\/#?secret=wYDrnPeFua#?secret=mFrZVWXOxB\" data-secret=\"mFrZVWXOxB\" width=\"600\" height=\"338\" frameborder=\"0\" marginwidth=\"0\" marginheight=\"0\" scrolling=\"no\"><\/iframe><\/p>\n<p>25.02. 2026:<\/p>\n<blockquote class=\"wp-embedded-content\" data-secret=\"pf9U1zPDjt\"><p><a href=\"https:\/\/www.uutispeili.fi\/index.php\/2026\/02\/25\/iranin-ja-yhdysvaltain-neuvottelijat-torstaina-genevessa-toivoa-on-tai-sitten-ei\/\">Iranin ja Yhdysvaltain neuvottelijat torstaina Genevess\u00e4, -toivoa on, tai sitten ei<\/a><\/p><\/blockquote>\n<p><iframe class=\"wp-embedded-content\" sandbox=\"allow-scripts\" security=\"restricted\" style=\"position: absolute; clip: rect(1px, 1px, 1px, 1px);\" title=\"&#8221;Iranin ja Yhdysvaltain neuvottelijat torstaina Genevess\u00e4, -toivoa on, tai sitten ei&#8221; &#8212; \" src=\"https:\/\/www.uutispeili.fi\/index.php\/2026\/02\/25\/iranin-ja-yhdysvaltain-neuvottelijat-torstaina-genevessa-toivoa-on-tai-sitten-ei\/embed\/#?secret=xgb3WvTIDB#?secret=pf9U1zPDjt\" data-secret=\"pf9U1zPDjt\" width=\"600\" height=\"338\" frameborder=\"0\" marginwidth=\"0\" marginheight=\"0\" scrolling=\"no\"><\/iframe><\/p>\n<p>01.11. 2025:<\/p>\n<blockquote class=\"wp-embedded-content\" data-secret=\"3lEa7ip8Xj\"><p><a href=\"https:\/\/www.uutispeili.fi\/index.php\/2025\/11\/01\/teheranissa-vietetaan-halloweenia\/\">Teheranissa vietet\u00e4\u00e4n Halloweenia<\/a><\/p><\/blockquote>\n<p><iframe class=\"wp-embedded-content\" sandbox=\"allow-scripts\" security=\"restricted\" style=\"position: absolute; clip: rect(1px, 1px, 1px, 1px);\" title=\"&#8221;Teheranissa vietet\u00e4\u00e4n Halloweenia&#8221; &#8212; \" src=\"https:\/\/www.uutispeili.fi\/index.php\/2025\/11\/01\/teheranissa-vietetaan-halloweenia\/embed\/#?secret=PBNQdZFz1G#?secret=3lEa7ip8Xj\" data-secret=\"3lEa7ip8Xj\" width=\"600\" height=\"338\" frameborder=\"0\" marginwidth=\"0\" marginheight=\"0\" scrolling=\"no\"><\/iframe><\/p>\n","protected":false},"excerpt":{"rendered":"<p>Qatarin emiirikunnassa toimiva al-Jazeera-mediatalo kertoi 28. helmikuuta, -ennen Trumpin ja Netanyahun yll\u00e4tyshy\u00f6kk\u00e4yst\u00e4 Iraniin- ett\u00e4 pahin kiistakysymys oli ratkennut\u00a0 Yhdysvaltain ja Iranin neuvotteluissa Genevess\u00e4. (Kuvaan on k\u00e4ytetty mm. Nina Paleyn aineistoa.) &#8221;Iran suostui ep\u00e4suorissa neuvotteluissa Yhdysvaltojen kanssa, ettei koskaan varastoi rikastettua uraania, sanoi Omanin diplomaattijohtaja ja kuvaili kehityst\u00e4 merkitt\u00e4v\u00e4ksi l\u00e4pimurroksi.&#8221; al-Jazeera 28.02. 2026. Omanin ulkoministeri Badr [&hellip;]<\/p>\n","protected":false},"author":3,"featured_media":11381,"comment_status":"open","ping_status":"open","sticky":false,"template":"","format":"standard","meta":{"footnotes":""},"categories":[31,112,107,71,116,127],"tags":[],"_links":{"self":[{"href":"https:\/\/www.uutispeili.fi\/index.php\/wp-json\/wp\/v2\/posts\/11380"}],"collection":[{"href":"https:\/\/www.uutispeili.fi\/index.php\/wp-json\/wp\/v2\/posts"}],"about":[{"href":"https:\/\/www.uutispeili.fi\/index.php\/wp-json\/wp\/v2\/types\/post"}],"author":[{"embeddable":true,"href":"https:\/\/www.uutispeili.fi\/index.php\/wp-json\/wp\/v2\/users\/3"}],"replies":[{"embeddable":true,"href":"https:\/\/www.uutispeili.fi\/index.php\/wp-json\/wp\/v2\/comments?post=11380"}],"version-history":[{"count":2,"href":"https:\/\/www.uutispeili.fi\/index.php\/wp-json\/wp\/v2\/posts\/11380\/revisions"}],"predecessor-version":[{"id":11384,"href":"https:\/\/www.uutispeili.fi\/index.php\/wp-json\/wp\/v2\/posts\/11380\/revisions\/11384"}],"wp:featuredmedia":[{"embeddable":true,"href":"https:\/\/www.uutispeili.fi\/index.php\/wp-json\/wp\/v2\/media\/11381"}],"wp:attachment":[{"href":"https:\/\/www.uutispeili.fi\/index.php\/wp-json\/wp\/v2\/media?parent=11380"}],"wp:term":[{"taxonomy":"category","embeddable":true,"href":"https:\/\/www.uutispeili.fi\/index.php\/wp-json\/wp\/v2\/categories?post=11380"},{"taxonomy":"post_tag","embeddable":true,"href":"https:\/\/www.uutispeili.fi\/index.php\/wp-json\/wp\/v2\/tags?post=11380"}],"curies":[{"name":"wp","href":"https:\/\/api.w.org\/{rel}","templated":true}]}}