{"id":11149,"date":"2026-02-23T15:31:10","date_gmt":"2026-02-23T13:31:10","guid":{"rendered":"https:\/\/www.uutispeili.fi\/?p=11149"},"modified":"2026-02-23T15:31:11","modified_gmt":"2026-02-23T13:31:11","slug":"kaja-kallas-diplomaattinen-ratkaisu-iranin-kiistaan","status":"publish","type":"post","link":"https:\/\/www.uutispeili.fi\/index.php\/2026\/02\/23\/kaja-kallas-diplomaattinen-ratkaisu-iranin-kiistaan\/","title":{"rendered":"Kaja Kallas: &#8221;Diplomaattinen ratkaisu&#8221; Iranin kiistaan"},"content":{"rendered":"<p><strong>Trumpin sotaisuus huolettaa: Euroopan Unionin ulkoasioiden ja turvallisuuspolitiikan korkea edustaja Kaja Kallas kehotti t\u00e4n\u00e4\u00e4n maanantaina etsim\u00e4\u00e4n &#8221;<em>diplomaattista ratkaisua<\/em>&#8221; Yhdysvaltain presidentti Donald Trumpin uhatessa sotilaallisella iskuilla Irania.<\/strong><\/p>\n<p>(Kuva<\/p>\n<blockquote><p>&#8221;Emme tarvitse uutta sotaa t\u00e4lle alueelle&#8221;, <strong>Kaja Kallas<\/strong> sanoi maanantaina ennen EU:n ulkoministerien kokousta.<\/p>\n<p>&#8221;On totta, ett\u00e4 Iran on heikoimmassa asemassa kuin koskaan. Meid\u00e4n pit\u00e4isi todella k\u00e4ytt\u00e4\u00e4 t\u00e4m\u00e4 hetki diplomaattisen ratkaisun l\u00f6yt\u00e4miseen.&#8221;<\/p><\/blockquote>\n<p><strong>Yhdysvaltain<\/strong> ja <strong>Iranin<\/strong> kiista koski alun perin Iranin edellisen hallituksen (uskonnolliskonservatiivien) hanketta ydinpommin rakentamiseksi. Iran on jo -hallituksensa ja mm. uskonnollisen johtajan <strong>Ali<\/strong> <strong>Khamenei<\/strong>n ilmoituksella- luopunut ydinpommi-hankkeesta, mutta Yhdysvallat on lis\u00e4nnyt vaatimuksiaan terroristiryhmien (Hezbollah, Hamas, huthi-kapinoitsijat) tukemisen lopettamiseen, ballististen ohjuksien tuotannosta luopumiseen ja uraanin rikastamisen lopettamiseen kokonaisuudessaan.<\/p>\n<p>Iranin kanta on, ettei rauhanomaiseen k\u00e4ytt\u00f6\u00f6n riitt\u00e4v\u00e4n uraanin -rikastustaso 0.365%- rikastamisesta luovuta. Iran on <strong>YK:n ydinsulkusopimuksen<\/strong> allekirjoittaja. Vuoden 2015 &#8221;Iranin ydinsopimus&#8221; (Iran nuclear deal, JCPOA) salli Iranille rauhanomaiseen k\u00e4ytt\u00f6\u00f6n riitt\u00e4v\u00e4n uraaninrikastamisen (0.365%). Trump irtisanoi sopimuksen ensimm\u00e4isell\u00e4 kaudellaan v.2018. -Noin vuoden viiveell\u00e4 t\u00e4m\u00e4n j\u00e4lkeen Iran kororri rikastustasoa 60%:iin (mik\u00e4 ei riit\u00e4 pommiin).<\/p>\n<p>Ei n\u00e4yt\u00e4 todenn\u00e4k\u00f6iselt\u00e4, ett\u00e4 Iran suostuu kaikkiin Trumpin vaatimuksiin ennen h\u00e4nen asettamaansa m\u00e4\u00e4r\u00e4aikaa. <img loading=\"lazy\" decoding=\"async\" class=\"alignnone size-full wp-image-144\" src=\"https:\/\/www.uutispeili.fi\/wp-content\/uploads\/2023\/11\/di.gold_.gif\" alt=\"\" width=\"11\" height=\"11\" \/><\/p>\n<p>Luettavaa:<\/p>\n<ul>\n<li><a href=\"https:\/\/english.alarabiya.net\/News\/middle-east\/2026\/02\/23\/eu-foreign-policy-chief-calls-for-diplomatic-solution-on-iran\" target=\"_blank\" rel=\"noopener\"><strong>al-Arabiya<\/strong><\/a> 22.02. 2026.<\/li>\n<\/ul>\n<p>16.02. 2026:<\/p>\n<blockquote class=\"wp-embedded-content\" data-secret=\"eHydb4dHVH\"><p><a href=\"https:\/\/www.uutispeili.fi\/index.php\/2026\/02\/16\/iranin-ulkoministeri-ja-iaean-johtaja-tapasivat-maanantaina-ennen-yhdysvallat-iran-neuvotteluja\/\">Iranin ulkoministeri ja IAEA:n johtaja tapasivat maanantaina, -ennen Yhdysvallat-Iran neuvotteluja<\/a><\/p><\/blockquote>\n<p><iframe class=\"wp-embedded-content\" sandbox=\"allow-scripts\" security=\"restricted\" style=\"position: absolute; clip: rect(1px, 1px, 1px, 1px);\" title=\"&#8221;Iranin ulkoministeri ja IAEA:n johtaja tapasivat maanantaina, -ennen Yhdysvallat-Iran neuvotteluja&#8221; &#8212; \" src=\"https:\/\/www.uutispeili.fi\/index.php\/2026\/02\/16\/iranin-ulkoministeri-ja-iaean-johtaja-tapasivat-maanantaina-ennen-yhdysvallat-iran-neuvotteluja\/embed\/#?secret=UzpY6MT4Xi#?secret=eHydb4dHVH\" data-secret=\"eHydb4dHVH\" width=\"600\" height=\"338\" frameborder=\"0\" marginwidth=\"0\" marginheight=\"0\" scrolling=\"no\"><\/iframe><\/p>\n<p>03.02. 2026:<\/p>\n<blockquote class=\"wp-embedded-content\" data-secret=\"wkd7s2CDem\"><p><a href=\"https:\/\/www.uutispeili.fi\/index.php\/2026\/02\/03\/trump-vaatii-iranilta-uraanin-rikastamisesta-luopumista-tai-muuten\/\">Trump vaatii Iranilta uraanin rikastamisesta luopumista, &#8221;tai muuten&#8230;&#8221;<\/a><\/p><\/blockquote>\n<p><iframe class=\"wp-embedded-content\" sandbox=\"allow-scripts\" security=\"restricted\" style=\"position: absolute; clip: rect(1px, 1px, 1px, 1px);\" title=\"&#8221;Trump vaatii Iranilta uraanin rikastamisesta luopumista, &#8221;tai muuten&#8230;&#8221;&#8221; &#8212; \" src=\"https:\/\/www.uutispeili.fi\/index.php\/2026\/02\/03\/trump-vaatii-iranilta-uraanin-rikastamisesta-luopumista-tai-muuten\/embed\/#?secret=aJZ412zRVb#?secret=wkd7s2CDem\" data-secret=\"wkd7s2CDem\" width=\"600\" height=\"338\" frameborder=\"0\" marginwidth=\"0\" marginheight=\"0\" scrolling=\"no\"><\/iframe><\/p>\n<p>29.01. 2026:<\/p>\n<blockquote class=\"wp-embedded-content\" data-secret=\"uSihFVSi5o\"><p><a href=\"https:\/\/www.uutispeili.fi\/index.php\/2026\/01\/29\/venaja-evakuoi-vakensa-iranin-ydinlaitoksesta-saudi-arabia-ei-salli-yhdysvaltain-sotilaallisia-ylilentoja-iraniin\/\">Ven\u00e4j\u00e4 evakuoi v\u00e4kens\u00e4 Iranin ydinlaitoksesta, Saudi-Arabia ei salli Yhdysvaltain sotilaallisia ylilentoja Iraniin<\/a><\/p><\/blockquote>\n<p><iframe class=\"wp-embedded-content\" sandbox=\"allow-scripts\" security=\"restricted\" style=\"position: absolute; clip: rect(1px, 1px, 1px, 1px);\" title=\"&#8221;Ven\u00e4j\u00e4 evakuoi v\u00e4kens\u00e4 Iranin ydinlaitoksesta, Saudi-Arabia ei salli Yhdysvaltain sotilaallisia ylilentoja Iraniin&#8221; &#8212; \" src=\"https:\/\/www.uutispeili.fi\/index.php\/2026\/01\/29\/venaja-evakuoi-vakensa-iranin-ydinlaitoksesta-saudi-arabia-ei-salli-yhdysvaltain-sotilaallisia-ylilentoja-iraniin\/embed\/#?secret=dWmNd2oZ9F#?secret=uSihFVSi5o\" data-secret=\"uSihFVSi5o\" width=\"600\" height=\"338\" frameborder=\"0\" marginwidth=\"0\" marginheight=\"0\" scrolling=\"no\"><\/iframe><\/p>\n","protected":false},"excerpt":{"rendered":"<p>Trumpin sotaisuus huolettaa: Euroopan Unionin ulkoasioiden ja turvallisuuspolitiikan korkea edustaja Kaja Kallas kehotti t\u00e4n\u00e4\u00e4n maanantaina etsim\u00e4\u00e4n &#8221;diplomaattista ratkaisua&#8221; Yhdysvaltain presidentti Donald Trumpin uhatessa sotilaallisella iskuilla Irania. (Kuva &#8221;Emme tarvitse uutta sotaa t\u00e4lle alueelle&#8221;, Kaja Kallas sanoi maanantaina ennen EU:n ulkoministerien kokousta. &#8221;On totta, ett\u00e4 Iran on heikoimmassa asemassa kuin koskaan. Meid\u00e4n pit\u00e4isi todella k\u00e4ytt\u00e4\u00e4 t\u00e4m\u00e4 [&hellip;]<\/p>\n","protected":false},"author":3,"featured_media":11150,"comment_status":"open","ping_status":"open","sticky":false,"template":"","format":"standard","meta":{"footnotes":""},"categories":[112,71,116,127],"tags":[],"_links":{"self":[{"href":"https:\/\/www.uutispeili.fi\/index.php\/wp-json\/wp\/v2\/posts\/11149"}],"collection":[{"href":"https:\/\/www.uutispeili.fi\/index.php\/wp-json\/wp\/v2\/posts"}],"about":[{"href":"https:\/\/www.uutispeili.fi\/index.php\/wp-json\/wp\/v2\/types\/post"}],"author":[{"embeddable":true,"href":"https:\/\/www.uutispeili.fi\/index.php\/wp-json\/wp\/v2\/users\/3"}],"replies":[{"embeddable":true,"href":"https:\/\/www.uutispeili.fi\/index.php\/wp-json\/wp\/v2\/comments?post=11149"}],"version-history":[{"count":2,"href":"https:\/\/www.uutispeili.fi\/index.php\/wp-json\/wp\/v2\/posts\/11149\/revisions"}],"predecessor-version":[{"id":11154,"href":"https:\/\/www.uutispeili.fi\/index.php\/wp-json\/wp\/v2\/posts\/11149\/revisions\/11154"}],"wp:featuredmedia":[{"embeddable":true,"href":"https:\/\/www.uutispeili.fi\/index.php\/wp-json\/wp\/v2\/media\/11150"}],"wp:attachment":[{"href":"https:\/\/www.uutispeili.fi\/index.php\/wp-json\/wp\/v2\/media?parent=11149"}],"wp:term":[{"taxonomy":"category","embeddable":true,"href":"https:\/\/www.uutispeili.fi\/index.php\/wp-json\/wp\/v2\/categories?post=11149"},{"taxonomy":"post_tag","embeddable":true,"href":"https:\/\/www.uutispeili.fi\/index.php\/wp-json\/wp\/v2\/tags?post=11149"}],"curies":[{"name":"wp","href":"https:\/\/api.w.org\/{rel}","templated":true}]}}