{"id":11141,"date":"2026-02-22T22:59:52","date_gmt":"2026-02-22T20:59:52","guid":{"rendered":"https:\/\/www.uutispeili.fi\/?p=11141"},"modified":"2026-02-22T22:59:53","modified_gmt":"2026-02-22T20:59:53","slug":"tanskan-paaministeri-mette-fredriksen-kuittaili-trumpille-pohjoismaisella-terveydenhoidolla","status":"publish","type":"post","link":"https:\/\/www.uutispeili.fi\/index.php\/2026\/02\/22\/tanskan-paaministeri-mette-fredriksen-kuittaili-trumpille-pohjoismaisella-terveydenhoidolla\/","title":{"rendered":"Tanskan p\u00e4\u00e4ministeri Mette Fredriksen kuittaili Trumpille pohjoismaisella terveydenhoidolla"},"content":{"rendered":"<p><strong>Yhdysvaltain arrogantti presidentti Donald Trump kertoi l\u00e4hett\u00e4v\u00e4ns\u00e4 sairaalalaivan Gr\u00f6nlantiin, jossa h\u00e4nen mukaansa on terveydellinen h\u00e4t\u00e4. Tanskan p\u00e4\u00e4ministeri Mette Fredriksen vastasi Instagrammissa.<\/strong><\/p>\n<p>(Kuvan aineisto: Mette Fredriksen \/ Instagram.)<\/p>\n<h2>&#8221;<em>Vakuutukset ja omaisuutesi eiv\u00e4t m\u00e4\u00e4r\u00e4\u00e4, saatko asianmukaista hoitoa<\/em>&#8221;<\/h2>\n<blockquote><p>&#8221;Olen iloinen, ett\u00e4 saan asua maassa, jossa kaikilla on vapaa ja tasa-arvoinen p\u00e4\u00e4sy terveydenhoitoon.<br \/>\nMiss\u00e4 vakuutukset ja omaisuutesi eiv\u00e4t m\u00e4\u00e4r\u00e4\u00e4, saatko asianmukaista hoitoa.<br \/>\nTerveydenhuoltoon on saatavilla my\u00f6s <strong>Gr\u00f6nlannissa<\/strong> ilmainen p\u00e4\u00e4sy.<br \/>\nSiunattua sunnuntaita kaikille.&#8221; <strong>Mette Fredriksen<\/strong> 22. helmikuuta <a href=\"https:\/\/www.instagram.com\/p\/DVDhQQijZs0\/\" target=\"_blank\" rel=\"noopener\">Instagrammissa<\/a>.<\/p><\/blockquote>\n<p><a href=\"https:\/\/www.instagram.com\/p\/DVDhQQijZs0\/\"><img loading=\"lazy\" decoding=\"async\" class=\"aligncenter wp-image-11142 size-full\" src=\"https:\/\/www.uutispeili.fi\/wp-content\/uploads\/2026\/02\/mette2202inst.png\" alt=\"\" width=\"425\" height=\"398\" srcset=\"https:\/\/www.uutispeili.fi\/wp-content\/uploads\/2026\/02\/mette2202inst.png 425w, https:\/\/www.uutispeili.fi\/wp-content\/uploads\/2026\/02\/mette2202inst-300x281.png 300w\" sizes=\"(max-width: 425px) 100vw, 425px\" \/><\/a><\/p>\n<p>Tanskan p\u00e4\u00e4ministeri Mette Fredriksen (sosialidemokraatit) on profiloitunut mm. tiukalla maahanmuuttopolitiikalla. <img loading=\"lazy\" decoding=\"async\" class=\"alignnone size-full wp-image-144\" src=\"https:\/\/www.uutispeili.fi\/wp-content\/uploads\/2023\/11\/di.gold_.gif\" alt=\"\" width=\"11\" height=\"11\" \/><\/p>\n<p>10.02. 2026:<\/p>\n<blockquote class=\"wp-embedded-content\" data-secret=\"hhUfcYU36e\"><p><a href=\"https:\/\/www.uutispeili.fi\/index.php\/2026\/02\/20\/kongressiedustajilta-huojentava-viesti-nb8-maille-gronlantiin-ei-kosketa\/\">Kongressiedustajilta huojentava viesti NB8-maille: Gr\u00f6nlantiin ei kosketa<\/a><\/p><\/blockquote>\n<p><iframe class=\"wp-embedded-content\" sandbox=\"allow-scripts\" security=\"restricted\" style=\"position: absolute; clip: rect(1px, 1px, 1px, 1px);\" title=\"&#8221;Kongressiedustajilta huojentava viesti NB8-maille: Gr\u00f6nlantiin ei kosketa&#8221; &#8212; \" src=\"https:\/\/www.uutispeili.fi\/index.php\/2026\/02\/20\/kongressiedustajilta-huojentava-viesti-nb8-maille-gronlantiin-ei-kosketa\/embed\/#?secret=0xZRf9WrwI#?secret=hhUfcYU36e\" data-secret=\"hhUfcYU36e\" width=\"600\" height=\"338\" frameborder=\"0\" marginwidth=\"0\" marginheight=\"0\" scrolling=\"no\"><\/iframe><\/p>\n<p>19.01. 2026:<\/p>\n<blockquote class=\"wp-embedded-content\" data-secret=\"NG6ylnFJ5I\"><p><a href=\"https:\/\/www.uutispeili.fi\/index.php\/2026\/01\/19\/yrjo-rautio-trump-gronlanti-tullit\/\">Yrj\u00f6 Rautio: Trump, Gr\u00f6nlanti, tullit<\/a><\/p><\/blockquote>\n<p><iframe class=\"wp-embedded-content\" sandbox=\"allow-scripts\" security=\"restricted\" style=\"position: absolute; clip: rect(1px, 1px, 1px, 1px);\" title=\"&#8221;Yrj\u00f6 Rautio: Trump, Gr\u00f6nlanti, tullit&#8221; &#8212; \" src=\"https:\/\/www.uutispeili.fi\/index.php\/2026\/01\/19\/yrjo-rautio-trump-gronlanti-tullit\/embed\/#?secret=bqGfdb14kq#?secret=NG6ylnFJ5I\" data-secret=\"NG6ylnFJ5I\" width=\"600\" height=\"338\" frameborder=\"0\" marginwidth=\"0\" marginheight=\"0\" scrolling=\"no\"><\/iframe><\/p>\n","protected":false},"excerpt":{"rendered":"<p>Yhdysvaltain arrogantti presidentti Donald Trump kertoi l\u00e4hett\u00e4v\u00e4ns\u00e4 sairaalalaivan Gr\u00f6nlantiin, jossa h\u00e4nen mukaansa on terveydellinen h\u00e4t\u00e4. Tanskan p\u00e4\u00e4ministeri Mette Fredriksen vastasi Instagrammissa. (Kuvan aineisto: Mette Fredriksen \/ Instagram.) &#8221;Vakuutukset ja omaisuutesi eiv\u00e4t m\u00e4\u00e4r\u00e4\u00e4, saatko asianmukaista hoitoa&#8221; &#8221;Olen iloinen, ett\u00e4 saan asua maassa, jossa kaikilla on vapaa ja tasa-arvoinen p\u00e4\u00e4sy terveydenhoitoon. Miss\u00e4 vakuutukset ja omaisuutesi eiv\u00e4t m\u00e4\u00e4r\u00e4\u00e4, [&hellip;]<\/p>\n","protected":false},"author":3,"featured_media":11145,"comment_status":"open","ping_status":"open","sticky":false,"template":"","format":"standard","meta":{"footnotes":""},"categories":[247,175,9,116,127],"tags":[],"_links":{"self":[{"href":"https:\/\/www.uutispeili.fi\/index.php\/wp-json\/wp\/v2\/posts\/11141"}],"collection":[{"href":"https:\/\/www.uutispeili.fi\/index.php\/wp-json\/wp\/v2\/posts"}],"about":[{"href":"https:\/\/www.uutispeili.fi\/index.php\/wp-json\/wp\/v2\/types\/post"}],"author":[{"embeddable":true,"href":"https:\/\/www.uutispeili.fi\/index.php\/wp-json\/wp\/v2\/users\/3"}],"replies":[{"embeddable":true,"href":"https:\/\/www.uutispeili.fi\/index.php\/wp-json\/wp\/v2\/comments?post=11141"}],"version-history":[{"count":2,"href":"https:\/\/www.uutispeili.fi\/index.php\/wp-json\/wp\/v2\/posts\/11141\/revisions"}],"predecessor-version":[{"id":11146,"href":"https:\/\/www.uutispeili.fi\/index.php\/wp-json\/wp\/v2\/posts\/11141\/revisions\/11146"}],"wp:featuredmedia":[{"embeddable":true,"href":"https:\/\/www.uutispeili.fi\/index.php\/wp-json\/wp\/v2\/media\/11145"}],"wp:attachment":[{"href":"https:\/\/www.uutispeili.fi\/index.php\/wp-json\/wp\/v2\/media?parent=11141"}],"wp:term":[{"taxonomy":"category","embeddable":true,"href":"https:\/\/www.uutispeili.fi\/index.php\/wp-json\/wp\/v2\/categories?post=11141"},{"taxonomy":"post_tag","embeddable":true,"href":"https:\/\/www.uutispeili.fi\/index.php\/wp-json\/wp\/v2\/tags?post=11141"}],"curies":[{"name":"wp","href":"https:\/\/api.w.org\/{rel}","templated":true}]}}