{"id":10992,"date":"2026-02-16T16:48:06","date_gmt":"2026-02-16T14:48:06","guid":{"rendered":"https:\/\/www.uutispeili.fi\/?p=10992"},"modified":"2026-02-16T17:15:05","modified_gmt":"2026-02-16T15:15:05","slug":"iranin-ulkoministeri-ja-iaean-johtaja-tapasivat-maanantaina-ennen-yhdysvallat-iran-neuvotteluja","status":"publish","type":"post","link":"https:\/\/www.uutispeili.fi\/index.php\/2026\/02\/16\/iranin-ulkoministeri-ja-iaean-johtaja-tapasivat-maanantaina-ennen-yhdysvallat-iran-neuvotteluja\/","title":{"rendered":"Iranin ulkoministeri ja IAEA:n johtaja tapasivat maanantaina, -ennen Yhdysvallat-Iran neuvotteluja"},"content":{"rendered":"<p><strong>Yhdysvaltain ja Iranin edustajat tapaavat huomenna tiistaina Genevess\u00e4, aiheena kiista Iranin\u00a0uraanin rikastamisesta.<\/strong><\/p>\n<p>T\u00e4n\u00e4\u00e4n <strong>Iran<\/strong>in ulkoministeri <strong>Abbas Araghchi<\/strong> tapasi <strong>YK<\/strong>:n ydinvoiman valvontaj\u00e4rjest\u00f6n, <strong>IAEA<\/strong>:n, johtajan <strong>Rafael Grossi<\/strong>n maanantaina ennen Washingtonin ja Teheranin v\u00e4lisi\u00e4 neuvotteluja.<\/p>\n<ul>\n<li>Iranin luopuminen ydinaseen tavoittelusta kirjattiin v.2015 &#8217;<em>Iran nuclear deal<\/em>:iin&#8217; &#8211;<strong>Iranin ydinsopimukseen<\/strong> (JCPOA)- jonka allekirjoittivat suurvallat ja Iran.<\/li>\n<li><strong>Yhdysvaltain<\/strong> presidentti <strong>Donald Trump<\/strong> irroitti maansa sopimuksesta v.2018, ja k\u00e4ynnisti Iraniin kohdistuvat kauppapakotteet uudelleen.<\/li>\n<li>Pari vuotta sopimuksen irtisanomisen j\u00e4lkeen silloinen Iranin johto -presidentti <strong>Ibrahim Raisi<\/strong> ja uskonnolliskonservatiivit- aloittivat uraanin rikastamisen yli JCPOA:n salliman 0,365%:n pitoisuuden halkeamiskelpoista isotooppia. -Ensin 30%:iin, jolla ei ole mit\u00e4\u00e4n rauhanomaista k\u00e4ytt\u00f6\u00e4, mutta ei sotilaallistakaan.<\/li>\n<li>Iranin konservatiivisen hallituksen aikana Iran rikasti noin 400kg 60%:sta uraanioksiidia. -Pommiin tarvitaan 90%:sta.<\/li>\n<li>Vuoden 2023 presidentinvaaleissa konservatiivit k\u00e4rsiv\u00e4t r\u00f6k\u00e4letappion, eik\u00e4 ydinase n\u00e4yt\u00e4 sen j\u00e4lkeen olleen hallitukselle korkea prioriteetti.<\/li>\n<li>Kes\u00e4kuussa 2025 Yhdysvallat ja <strong>Israel<\/strong> pommittivat Irania, tuhoten mm. uraaninrikastamis-sentrifugeja, mutta valmis uraani (60%:sta) oli piilossa.<\/li>\n<li>Koko t\u00e4n\u00e4 aikana Iranin hallitukset ovat joutuneet kiinnitt\u00e4m\u00e4\u00e4n huomiota protesteihin ja kapinointiin.<\/li>\n<li>Yhdysvallat uhkaa Irania edelleenkin sotilaallisilla toimilla, ja Trumpin hallinto on kirist\u00e4nyt vaatimuksiaan Iranille: My\u00f6s JCPOA-sopimuksessa sallittu 0,365%:n uraani, -joka riitt\u00e4\u00e4 kaikkeen rauhanomaiseen k\u00e4ytt\u00f6\u00f6n- on kieltovaatimuksen alainen.<\/li>\n<li>Yhdysvallat vaatii Irania my\u00f6s lopettamaan ballististen ohjusten valmistamisen. (Niit\u00e4 ei juuri nyt valmisteta muutenkaan.)<\/li>\n<li>Iranin kanta on, ett\u00e4 0,365%:n rikastustasosta ei tingit\u00e4, -eik\u00e4 ohjuksista keskustella, ainakaan t\u00e4ll\u00e4 kierroksella.<\/li>\n<\/ul>\n<p>&#8221;<em>Yhdysvaltojen sotilaallisen l\u00e4sn\u00e4olon lis\u00e4\u00e4ntyess\u00e4 kummallakaan osapuolella on vain v\u00e4h\u00e4n selkeit\u00e4 kompromissin merkkej\u00e4<\/em>&#8221;, kirjoittaa lehti t\u00e4n\u00e4\u00e4n,<\/p>\n<p><a href=\"https:\/\/x.com\/rafaelmgrossi\/status\/2023322158127329381\"><img loading=\"lazy\" decoding=\"async\" class=\"aligncenter wp-image-10993 size-full\" src=\"https:\/\/www.uutispeili.fi\/wp-content\/uploads\/2026\/02\/grossi1602x.png\" alt=\"\" width=\"543\" height=\"568\" srcset=\"https:\/\/www.uutispeili.fi\/wp-content\/uploads\/2026\/02\/grossi1602x.png 543w, https:\/\/www.uutispeili.fi\/wp-content\/uploads\/2026\/02\/grossi1602x-287x300.png 287w\" sizes=\"(max-width: 543px) 100vw, 543px\" \/><\/a><\/p>\n<blockquote><p>&#8221;K\u00e4vin juuri perusteellisia teknisi\u00e4 keskusteluja Iranin ulkoministerin kanssa valmistautuakseni huomenna Genevess\u00e4 pidett\u00e4viin t\u00e4rkeisiin neuvotteluihin&#8221;, Grossi sanoi X-viestiss\u00e4\u00e4n. &#8221;Juuri p\u00e4\u00e4ttyiv\u00e4t perusteelliset tekniset keskustelut Iranin ulkoministerin @araghchin kanssa valmistautuakseen huomenna Genevess\u00e4 pidett\u00e4viin t\u00e4rkeisiin neuvotteluihin.&#8221;<\/p><\/blockquote>\n<ul>\n<li><a href=\"https:\/\/x.com\/rafaelmgrossi\/status\/2023322158127329381\" target=\"_blank\" rel=\"noopener\">https:\/\/x.com\/rafaelmgrossi\/status\/2023322158127329381<\/a><\/li>\n<\/ul>\n<p>Tapaaminen Grossin kanssa sattuu sopivasti ennen Yhdysvaltojen ja Iranin ep\u00e4suorissa neuvotteluissa tiistaina (17.02.) <strong>Geneve<\/strong>ss\u00e4.<\/p>\n<h2>Iranilla sotaharjoitus Hormuz-salmessa<\/h2>\n<p>Iran aloitti maanantaina sotilasharjoituksen\u00a0 <strong>Hormuzin-salmessa<\/strong>, joka on t\u00e4rke\u00e4 kansainv\u00e4linen vesiv\u00e4yl\u00e4 ja \u00f6ljynvientireitti. Persianlahden arabimaat ovatkin vedonneet diplomatiaan kiistan ratkaisemiseksi.<\/p>\n<p><strong>Iranin islamilainen vallankumouskaarti<\/strong> nimesi harjoituksensa vihjailevasti: \u201d<em>Hormuzzinsalmen \u00e4lyk\u00e4s hallinta<\/em>\u201d, puolivirallinen <em>Tasnim<\/em>-uutistoimisto kertoi maanantaina.<\/p>\n<blockquote><p>&#8221;Uskon, ett\u00e4 t\u00e4ss\u00e4 on tilaisuus p\u00e4\u00e4st\u00e4 diplomaattisesti sopimukseen, joka k\u00e4sittelee meit\u00e4 huolestuttavia asioita. Olemme eritt\u00e4in avoimia ja my\u00f6nteisesti suhtautuvia siihen. Mutta en halua my\u00f6sk\u00e4\u00e4n liioitella sit\u00e4. Se tulee olemaan vaikeaa. Kenen tahansa on ollut eritt\u00e4in vaikeaa tehd\u00e4 todellisia sopimuksia Iranin kanssa, koska olemme tekemisiss\u00e4 radikaalien shiialaisten pappien kanssa, jotka tekev\u00e4t teologisia, eiv\u00e4t geopoliittisia p\u00e4\u00e4t\u00f6ksi\u00e4&#8221;, sanoi Yhdysvaltain ulkoministeri <strong>Marco Rubio<\/strong> maanantaina <strong>Unkari<\/strong>ssa, jossa h\u00e4n vierailee.<\/p><\/blockquote>\n<p>Iran on toistuvasti uhannut sulkea Hormuzinsalmen vastatoimena mahdollisille hy\u00f6kk\u00e4yksille. Salmen kautta kulkee viidennes maailmanlaajuisista \u00f6ljyvirroista, ja sulku nostaisi raaka\u00f6ljyn hintaa jyrk\u00e4sti.<\/p>\n<h2>Iran julistaa kompromissihaluaan<\/h2>\n<blockquote><p>Iranin varaulkoministeri <strong>Majid Takht-Ravanchi<\/strong> kertoi sunnuntaina <em>BBC<\/em>:lle Iranin olevan valmis kompromissiin ydinohjelmastaan \u200b\u200bvastineeksi pakotteiden lievent\u00e4misest\u00e4&#8217;. &#8221;Amerikan vuoro todistaa, ett\u00e4 he haluavat tehd\u00e4 sopimuksen&#8221;.<\/p><\/blockquote>\n<h2>IAEA:lla on kysymyksi\u00e4 Iranille<\/h2>\n<p>IAEA:n johtaja Grossi lienee maanantain tapaamisessa toistanut Iranin ulkoministerille kysymyksen, johon IAEA on jo kuukausia vaatinut vastausta: Mit\u00e4 Iranin 440 kilon eritt\u00e4in rikastetun uraanin (60%) varastolle tapahtui Israelin ja Yhdysvaltojen kes\u00e4kuisen\u00a0 iskujen j\u00e4lkeen.<\/p>\n<p>IAEA:n tarkastusten jatkuminen Iranissa -mm. <strong>Natanz<\/strong>issa, <strong>Fordowi<\/strong>ssa ja <strong>Isfahan<\/strong>issa joita kes\u00e4kuussa pommitettiin- lienee my\u00f6s puheenaihe.<\/p>\n<p>Israelin p\u00e4\u00e4ministeri <strong>Benjamin Netanjahu<\/strong> sanoi sunnuntaina (15.02.) kertoneensa Trumpille viime viikolla, ettei pelk\u00e4st\u00e4\u00e4n pelk\u00e4st\u00e4\u00e4n rikastusprosessin pys\u00e4ytt\u00e4minen riit\u00e4: Koko Iranin ydininfrastruktuurin purkaminen on sis\u00e4llytett\u00e4v\u00e4 Iranin-Yhdysvaltain mahdolliseen sopimukseen.\u00a0<img loading=\"lazy\" decoding=\"async\" class=\"alignnone size-full wp-image-144\" src=\"https:\/\/www.uutispeili.fi\/wp-content\/uploads\/2023\/11\/di.gold_.gif\" alt=\"\" width=\"11\" height=\"11\" \/><\/p>\n<p>Luettavaa:<\/p>\n<ul>\n<li><a href=\"https:\/\/english.alarabiya.net\/News\/middle-east\/2026\/02\/16\/iran-s-foreign-minister-says-he-will-meet-iaea-director-ahead-of-renewed-us-talks-\" target=\"_blank\" rel=\"noopener\"><strong>al-Arabiya<\/strong><\/a> 16.02. 2026,<\/li>\n<li><a href=\"https:\/\/www.timesofisrael.com\/irans-foreign-minister-meets-with-un-nuclear-chief-ahead-of-2nd-round-of-us-talks\/\" target=\"_blank\" rel=\"noopener\"><strong>The Times of Israel<\/strong><\/a> 16.02. 2026,<\/li>\n<\/ul>\n","protected":false},"excerpt":{"rendered":"<p>Yhdysvaltain ja Iranin edustajat tapaavat huomenna tiistaina Genevess\u00e4, aiheena kiista Iranin\u00a0uraanin rikastamisesta. T\u00e4n\u00e4\u00e4n Iranin ulkoministeri Abbas Araghchi tapasi YK:n ydinvoiman valvontaj\u00e4rjest\u00f6n, IAEA:n, johtajan Rafael Grossin maanantaina ennen Washingtonin ja Teheranin v\u00e4lisi\u00e4 neuvotteluja. Iranin luopuminen ydinaseen tavoittelusta kirjattiin v.2015 &#8217;Iran nuclear deal:iin&#8217; &#8211;Iranin ydinsopimukseen (JCPOA)- jonka allekirjoittivat suurvallat ja Iran. Yhdysvaltain presidentti Donald Trump irroitti maansa [&hellip;]<\/p>\n","protected":false},"author":3,"featured_media":10994,"comment_status":"open","ping_status":"open","sticky":false,"template":"","format":"standard","meta":{"footnotes":""},"categories":[112,71,116,148,127],"tags":[],"_links":{"self":[{"href":"https:\/\/www.uutispeili.fi\/index.php\/wp-json\/wp\/v2\/posts\/10992"}],"collection":[{"href":"https:\/\/www.uutispeili.fi\/index.php\/wp-json\/wp\/v2\/posts"}],"about":[{"href":"https:\/\/www.uutispeili.fi\/index.php\/wp-json\/wp\/v2\/types\/post"}],"author":[{"embeddable":true,"href":"https:\/\/www.uutispeili.fi\/index.php\/wp-json\/wp\/v2\/users\/3"}],"replies":[{"embeddable":true,"href":"https:\/\/www.uutispeili.fi\/index.php\/wp-json\/wp\/v2\/comments?post=10992"}],"version-history":[{"count":2,"href":"https:\/\/www.uutispeili.fi\/index.php\/wp-json\/wp\/v2\/posts\/10992\/revisions"}],"predecessor-version":[{"id":10997,"href":"https:\/\/www.uutispeili.fi\/index.php\/wp-json\/wp\/v2\/posts\/10992\/revisions\/10997"}],"wp:featuredmedia":[{"embeddable":true,"href":"https:\/\/www.uutispeili.fi\/index.php\/wp-json\/wp\/v2\/media\/10994"}],"wp:attachment":[{"href":"https:\/\/www.uutispeili.fi\/index.php\/wp-json\/wp\/v2\/media?parent=10992"}],"wp:term":[{"taxonomy":"category","embeddable":true,"href":"https:\/\/www.uutispeili.fi\/index.php\/wp-json\/wp\/v2\/categories?post=10992"},{"taxonomy":"post_tag","embeddable":true,"href":"https:\/\/www.uutispeili.fi\/index.php\/wp-json\/wp\/v2\/tags?post=10992"}],"curies":[{"name":"wp","href":"https:\/\/api.w.org\/{rel}","templated":true}]}}