{"id":10921,"date":"2026-02-11T13:31:22","date_gmt":"2026-02-11T11:31:22","guid":{"rendered":"https:\/\/www.uutispeili.fi\/?p=10921"},"modified":"2026-02-11T13:32:04","modified_gmt":"2026-02-11T11:32:04","slug":"kansanedustaja-antikainen-totuus-imane-khelifista-on-nyt-julki","status":"publish","type":"post","link":"https:\/\/www.uutispeili.fi\/index.php\/2026\/02\/11\/kansanedustaja-antikainen-totuus-imane-khelifista-on-nyt-julki\/","title":{"rendered":"Kansanedustaja Antikainen: Totuus Imane Khelifist\u00e4 on nyt julki"},"content":{"rendered":"<p><strong>Kun fyysisesti selv\u00e4sti muita naisia vahvempi algerialainen nyrkkeilij\u00e4 Imane Khelif voitti kultaa Pariisin olympialaisissa 2024 naisten sarjassa, nousi esiin huoli naisten turvallisuudesta ja naisten urheilun reiluudesta. <\/strong><\/p>\n<p>N\u00e4m\u00e4 huolensa esitt\u00e4j\u00e4t leimattiin nopeasti <em>transfobisiksi<\/em>, tiet\u00e4m\u00e4tt\u00f6miksi tai jopa <em><strong>Kreml<\/strong>in k\u00e4tyreiksi<\/em>. muistuttaa kansanedustaja <strong>Sanna Antikainen<\/strong> (Perussuomalaiset).<\/p>\n<p><strong>Imane Khelif<\/strong> voitti naisten sarjassa olympiakultaa, ja menestyst\u00e4 juhlistettiin laajasti, samalla kun alkuper\u00e4iset huolet kilpailun reiluudesta sivuutettiin.<\/p>\n<blockquote><p>&#8211; Kun ihmiset nostivat esiin huolen naisten urheilun reiluudesta, keskustelu k\u00e4\u00e4ntyi nopeasti leimaamiseen. T\u00e4m\u00e4 vaikeutti asiallista ja rauhallista pohdintaa, toteaa Antikainen.<\/p><\/blockquote>\n<p>Antikainen muistuttaa, ett\u00e4 tuolloin suomalaisessa uutisoinnissa painopiste oli pitk\u00e4lti Khelifiin kohdistuneessa vihamielisess\u00e4 puheessa ja kiusaamisen tuomitsemisessa. Samalla kysymykset naisten turvallisuudesta, reilusta kilpailusta ja biologisista eroista j\u00e4iv\u00e4t taka-alalle.<\/p>\n<h2>Keskustelu n\u00e4htiin <em>kulttuurisotana<\/em><\/h2>\n<blockquote><p>&#8211; Osa keskustelusta sai piirteit\u00e4, joissa biologisista realiteeteista puhuminen n\u00e4htiin osana laajempaa kulttuurisotaa. T\u00e4m\u00e4 ei edist\u00e4nyt ymm\u00e4rryst\u00e4 eik\u00e4 rakentavaa vuoropuhelua, Antikainen sanoo.<\/p><\/blockquote>\n<h2>&#8230;sitten Khelif kertoi itse<\/h2>\n<p>Khelif on nyt itse kertonut julkisuudessa, ett\u00e4 h\u00e4nell\u00e4 on miehiseen hormonitoimintaan ja kromosomistoon liittyvi\u00e4 biologisia tekij\u00f6it\u00e4, ja ett\u00e4 h\u00e4n on k\u00e4ynyt hormonihoidoissa alentamassa testosteronitasojaan. Antikaisen mukaan t\u00e4m\u00e4 muuttaa keskustelun l\u00e4ht\u00f6kohtia olennaisesti.<\/p>\n<blockquote><p>&#8211; Kyse ei ole en\u00e4\u00e4 spekulaatiosta tai sosiaalisen median kohusta, vaan urheilijan omista sanoista. Siksi olisi perusteltua, ett\u00e4 asiasta k\u00e4yt\u00e4isiin nyt avoin jatkokeskustelu, Antikainen toteaa.<\/p><\/blockquote>\n<p><em>&#8211; Miss\u00e4 ovat nyt ne laajemmat analyysit ja pohdinnat. Kun uutta tietoa tulee esiin, olisi t\u00e4rke\u00e4\u00e4 arvioida aiempaa keskustelua ja johtop\u00e4\u00e4t\u00f6ksi\u00e4 uudelleen. Kyse ei ole yksitt\u00e4isen urheilijan arvottamisesta, vaan periaatteellisesta kysymyksest\u00e4, kuten miten naisten urheilun reiluus turvataan ja miten vaikeistakin biologisista kysymyksist\u00e4 voidaan puhua ilman leimaamista. Se on sek\u00e4 urheilun ett\u00e4 julkisen keskustelun uskottavuuden kannalta olennaista<\/em>, Antikainen painottaa. <img loading=\"lazy\" decoding=\"async\" class=\"alignnone size-full wp-image-144\" src=\"https:\/\/www.uutispeili.fi\/wp-content\/uploads\/2023\/11\/di.gold_.gif\" alt=\"\" width=\"11\" height=\"11\" \/><\/p>\n<p>(Uutispeili ei ole muokannut artikkelin sis\u00e4lt\u00f6\u00e4.)<\/p>\n","protected":false},"excerpt":{"rendered":"<p>Kun fyysisesti selv\u00e4sti muita naisia vahvempi algerialainen nyrkkeilij\u00e4 Imane Khelif voitti kultaa Pariisin olympialaisissa 2024 naisten sarjassa, nousi esiin huoli naisten turvallisuudesta ja naisten urheilun reiluudesta. N\u00e4m\u00e4 huolensa esitt\u00e4j\u00e4t leimattiin nopeasti transfobisiksi, tiet\u00e4m\u00e4tt\u00f6miksi tai jopa Kremlin k\u00e4tyreiksi. muistuttaa kansanedustaja Sanna Antikainen (Perussuomalaiset). Imane Khelif voitti naisten sarjassa olympiakultaa, ja menestyst\u00e4 juhlistettiin laajasti, samalla kun alkuper\u00e4iset [&hellip;]<\/p>\n","protected":false},"author":3,"featured_media":6630,"comment_status":"open","ping_status":"open","sticky":false,"template":"","format":"standard","meta":{"footnotes":""},"categories":[49,9,12],"tags":[],"_links":{"self":[{"href":"https:\/\/www.uutispeili.fi\/index.php\/wp-json\/wp\/v2\/posts\/10921"}],"collection":[{"href":"https:\/\/www.uutispeili.fi\/index.php\/wp-json\/wp\/v2\/posts"}],"about":[{"href":"https:\/\/www.uutispeili.fi\/index.php\/wp-json\/wp\/v2\/types\/post"}],"author":[{"embeddable":true,"href":"https:\/\/www.uutispeili.fi\/index.php\/wp-json\/wp\/v2\/users\/3"}],"replies":[{"embeddable":true,"href":"https:\/\/www.uutispeili.fi\/index.php\/wp-json\/wp\/v2\/comments?post=10921"}],"version-history":[{"count":1,"href":"https:\/\/www.uutispeili.fi\/index.php\/wp-json\/wp\/v2\/posts\/10921\/revisions"}],"predecessor-version":[{"id":10922,"href":"https:\/\/www.uutispeili.fi\/index.php\/wp-json\/wp\/v2\/posts\/10921\/revisions\/10922"}],"wp:featuredmedia":[{"embeddable":true,"href":"https:\/\/www.uutispeili.fi\/index.php\/wp-json\/wp\/v2\/media\/6630"}],"wp:attachment":[{"href":"https:\/\/www.uutispeili.fi\/index.php\/wp-json\/wp\/v2\/media?parent=10921"}],"wp:term":[{"taxonomy":"category","embeddable":true,"href":"https:\/\/www.uutispeili.fi\/index.php\/wp-json\/wp\/v2\/categories?post=10921"},{"taxonomy":"post_tag","embeddable":true,"href":"https:\/\/www.uutispeili.fi\/index.php\/wp-json\/wp\/v2\/tags?post=10921"}],"curies":[{"name":"wp","href":"https:\/\/api.w.org\/{rel}","templated":true}]}}