{"id":10465,"date":"2026-01-17T20:25:43","date_gmt":"2026-01-17T18:25:43","guid":{"rendered":"https:\/\/www.uutispeili.fi\/?p=10465"},"modified":"2026-01-17T20:44:57","modified_gmt":"2026-01-17T18:44:57","slug":"syyriassa-tilanne-jatkuu","status":"publish","type":"post","link":"https:\/\/www.uutispeili.fi\/index.php\/2026\/01\/17\/syyriassa-tilanne-jatkuu\/","title":{"rendered":"Syyriassa tilanne jatkuu"},"content":{"rendered":"<p><strong>Yhdysvaltain sotilaskomentokeskus Centcom ja Koillis-Syyrian itsehallinto yritt\u00e4v\u00e4t hillit\u00e4 eskalaatiota Syyriassa taistelujen jatkuessa Damaskoksen HTS-hallituksen ja kurdien v\u00e4lill\u00e4.<\/strong><\/p>\n<p><span dir=\"auto\"><strong>Pohjois- ja It\u00e4-Syyrian autonomisen hallinnon<\/strong> (Autonomous Adminstration of North and East Syria, AANES) ulkosuhdeosaston puheenjohtaja (ulkoministeri) <strong>Ilham Ahmad<\/strong> syytti lauantaina Syyrian v\u00e4liaikaishallitusta &#8211;<strong>al-Shara&#8217;a<\/strong>n hallintoa- vet\u00e4ytymissopimuksen rikkomisesta <strong>It\u00e4-Aleppo<\/strong>ssa, ja sanoi, ett\u00e4 sopimusrikkomus on k\u00e4ynnist\u00e4nyt kiivaita taisteluita <strong>Masakanah<\/strong>in kaupungissa.<\/span><\/p>\n<p><span dir=\"auto\">\u00a0Ahmadin V-viestin mukaan <strong>Syyrian demokraattiset joukot<\/strong> (SDF) olivat eilen sopineet vet\u00e4v\u00e4ns\u00e4 yksikk\u00f6ns\u00e4 <strong>Eufrat<\/strong>-joen l\u00e4nsirannalta, -mm. <strong>Dayr Hafiri<\/strong>n ja Maskanahin kaupungeista, kansainv\u00e4lisen v\u00e4lityksen avulla tehdyn sopimuksen mukaisesti.<\/span><\/p>\n<figure class=\"wp-block-embed is-type-rich is-provider-twitter wp-block-embed-twitter\">\n<div class=\"wp-block-embed__wrapper\">\n<div class=\"twitter-tweet twitter-tweet-rendered\"><iframe id=\"twitter-widget-0\" class=\"\" title=\"X-viesti\" src=\"https:\/\/platform.twitter.com\/embed\/Tweet.html?creatorScreenName=NPA_English&amp;dnt=true&amp;embedId=twitter-widget-0&amp;features=eyJ0ZndfdGltZWxpbmVfbGlzdCI6eyJidWNrZXQiOltdLCJ2ZXJzaW9uIjpudWxsfSwidGZ3X2ZvbGxvd2VyX2NvdW50X3N1bnNldCI6eyJidWNrZXQiOnRydWUsInZlcnNpb24iOm51bGx9LCJ0ZndfdHdlZXRfZWRpdF9iYWNrZW5kIjp7ImJ1Y2tldCI6Im9uIiwidmVyc2lvbiI6bnVsbH0sInRmd19yZWZzcmNfc2Vzc2lvbiI6eyJidWNrZXQiOiJvbiIsInZlcnNpb24iOm51bGx9LCJ0ZndfZm9zbnJfc29mdF9pbnRlcnZlbnRpb25zX2VuYWJsZWQiOnsiYnVja2V0Ijoib24iLCJ2ZXJzaW9uIjpudWxsfSwidGZ3X21peGVkX21lZGlhXzE1ODk3Ijp7ImJ1Y2tldCI6InRyZWF0bWVudCIsInZlcnNpb24iOm51bGx9LCJ0ZndfZXhwZXJpbWVudHNfY29va2llX2V4cGlyYXRpb24iOnsiYnVja2V0IjoxMjA5NjAwLCJ2ZXJzaW9uIjpudWxsfSwidGZ3X3Nob3dfYmlyZHdhdGNoX3Bpdm90c19lbmFibGVkIjp7ImJ1Y2tldCI6Im9uIiwidmVyc2lvbiI6bnVsbH0sInRmd19kdXBsaWNhdGVfc2NyaWJlc190b19zZXR0aW5ncyI6eyJidWNrZXQiOiJvbiIsInZlcnNpb24iOm51bGx9LCJ0ZndfdXNlX3Byb2ZpbGVfaW1hZ2Vfc2hhcGVfZW5hYmxlZCI6eyJidWNrZXQiOiJvbiIsInZlcnNpb24iOm51bGx9LCJ0ZndfdmlkZW9faGxzX2R5bmFtaWNfbWFuaWZlc3RzXzE1MDgyIjp7ImJ1Y2tldCI6InRydWVfYml0cmF0ZSIsInZlcnNpb24iOm51bGx9LCJ0ZndfbGVnYWN5X3RpbWVsaW5lX3N1bnNldCI6eyJidWNrZXQiOnRydWUsInZlcnNpb24iOm51bGx9LCJ0ZndfdHdlZXRfZWRpdF9mcm9udGVuZCI6eyJidWNrZXQiOiJvbiIsInZlcnNpb24iOm51bGx9fQ%3D%3D&amp;frame=false&amp;hideCard=false&amp;hideThread=false&amp;id=2012478470681464996&amp;lang=en&amp;origin=https%3A%2F%2Fnpasyria.com%2Fen%2F134709%2F&amp;sessionId=ad88f2f68646ab78f92d1e4496188a441d3c5f8b&amp;siteScreenName=NPA_English&amp;theme=light&amp;widgetsVersion=2615f7e52b7e0%3A1702314776716&amp;width=550px\" frameborder=\"0\" scrolling=\"no\" allowfullscreen=\"allowfullscreen\" data-tweet-id=\"2012478470681464996\" data-mce-fragment=\"1\"><\/iframe><\/div>\n<\/div>\n<\/figure>\n<p><span dir=\"auto\">\u00a0Ahmad<\/span> sanoi, ett\u00e4 Syyrian v\u00e4liaikaishallitukseen kytk\u00f6ksiss\u00e4 olevat joukot eiv\u00e4t kunnioittaneet sopimuksen ehtoja.<\/p>\n<blockquote><p>\u201dSyyrian siirtym\u00e4hallitukseen (STG) kytk\u00f6ksiss\u00e4 olevat yksik\u00f6t ovat kuitenkin rikkoneet t\u00e4t\u00e4 sopimusta\u201d, Ahmad kirjoitti ja lis\u00e4si, ett\u00e4 Maskanahissa on parhaillaan k\u00e4ynniss\u00e4 kiivaita yhteenottoja osapuolten v\u00e4lill\u00e4.<\/p><\/blockquote>\n<p>Ahmad varoitti, ett\u00e4 eskaloituminen uhkaa vet\u00e4\u00e4 Aleppon it\u00e4isen maaseudun uuteen konfliktiin, ja heikent\u00e4\u00e4 kansainv\u00e4listen sovittelijoiden pyrkimyksi\u00e4 tilanteen rauhoittamiseen.<\/p>\n<p>Paikalliset l\u00e4hteet kertoivat uutistoimisto <strong>North Press<\/strong>ille, ett\u00e4 Masakanahissa ja sen ymp\u00e4rist\u00f6ss\u00e4 on k\u00e4ytetty raskaita aseita, ja ett\u00e4 ne ovat her\u00e4tt\u00e4neet asukkaissa pelkoja.<\/p>\n<p>Ahmad esitti lausuntonsa vain tunteja sen j\u00e4lkeen, kun Syyrian armeijan operaatiojohto ilmoitti joukkojensa tunkeutuneen Dayr Hafiriin ja etenev\u00e4n kohti Masakanahia. SDF on kuvaillut siirtoa ennenaikaiseksi, ja aiempien sopimusten vastaiseksi.<\/p>\n<p><strong>Yhdysvaltain keskuskomennon<\/strong> (CENTCOM) komentaja, amiraali <strong>Brad Cooper<\/strong>, ilmaisi lauantaina tyytyv\u00e4isyytens\u00e4 Syyrian tilanteen k\u00e4rjistymisen est\u00e4miseksi, ja kehotti Syyrian hallitusta lopettamaan hy\u00f6kk\u00e4ystoimet keskeisill\u00e4 pohjoisilla alueilla.<\/p>\n<p><a href=\"https:\/\/x.com\/CENTCOM\/status\/2012563385452314819\"><img loading=\"lazy\" decoding=\"async\" class=\"aligncenter wp-image-10466 size-full\" src=\"https:\/\/www.uutispeili.fi\/wp-content\/uploads\/2026\/01\/centcom-brad.cooper1701x.png\" alt=\"\" width=\"443\" height=\"361\" srcset=\"https:\/\/www.uutispeili.fi\/wp-content\/uploads\/2026\/01\/centcom-brad.cooper1701x.png 443w, https:\/\/www.uutispeili.fi\/wp-content\/uploads\/2026\/01\/centcom-brad.cooper1701x-300x244.png 300w\" sizes=\"(max-width: 443px) 100vw, 443px\" \/><\/a><\/p>\n<ul>\n<li><a href=\"https:\/\/x.com\/CENTCOM\/status\/2012563385452314819\" target=\"_blank\" rel=\"noopener\">https:\/\/x.com\/CENTCOM\/status\/2012563385452314819<\/a><\/li>\n<\/ul>\n<p>Sosiaalisen median X-alustalla levitetyss\u00e4 viestiss\u00e4 Cooper sanoi:<\/p>\n<blockquote><p>&#8221;Suhtaudumme my\u00f6nteisesti kaikkien Syyrian osapuolten jatkuviin ponnisteluihin eskaloitumisen est\u00e4miseksi ja ratkaisun tavoittelemiseksi vuoropuhelun kautta.&#8221;<\/p>\n<p><span style=\"font-size: revert; color: initial;\">&#8221;Me kehotamme Syyrian hallituksen joukkoja lopettamaan kaikki hy\u00f6kk\u00e4ystoimet Aleppon ja al-Tabqan v\u00e4lisill\u00e4 alueilla ja korosti, ett\u00e4 yhteiset ponnistelut ovat ratkaisevan t\u00e4rkeit\u00e4 laajemmassa taistelussa ISIS-ryhm\u00e4\u00e4 vastaan&#8230;&#8221;<\/span><\/p><\/blockquote>\n<p>Yhdysvaltain armeijan komentaja korosti my\u00f6s Syyrian kumppanien ja koalitiojoukkojen kanssa teht\u00e4v\u00e4n koordinoinnin t\u00e4rkeytt\u00e4 ISISin painostamisen yll\u00e4pit\u00e4misess\u00e4 ja totesi, ett\u00e4 rauhanomainen Syyria, joka on &#8221;<em>sopusoinnussa itsens\u00e4 ja naapuriensa kanssa, on v\u00e4ltt\u00e4m\u00e4t\u00f6nt\u00e4 alueen rauhalle ja vakaudelle<\/em>&#8221;.<\/p>\n<p>Amiraali otti kantaa tilanteeseen samaan aikaan, kun raportoidaan yhteenotoista Syyrian hallituksen yksik\u00f6iden ja kurdien johtamien Syyrian demokraattisten joukkojen (SDF) liittolaisten v\u00e4lill\u00e4.<\/p>\n<p>Amiraali Cooperin vetoomus on linjassa jatkuvien kansainv\u00e4listen vetoomusten kanssa vuoropuhelusta ja tilanteen lievent\u00e4misest\u00e4. My\u00f6s <strong>Ranska<\/strong>n ja kurdien alueelliset johtajat ovat viimeaikaisissa diplomaattisissa keskusteluissa kehottaneet malttia, korostaen neuvottelujen tarvetta Damaskoksen ja alueellisten toimijoiden v\u00e4listen erimielisyyksien ratkaisemiseksi. <img loading=\"lazy\" decoding=\"async\" class=\"alignnone size-full wp-image-144\" src=\"https:\/\/www.uutispeili.fi\/wp-content\/uploads\/2023\/11\/di.gold_.gif\" alt=\"\" width=\"11\" height=\"11\" \/><\/p>\n<p>Luettavaa:<\/p>\n<ul>\n<li><a href=\"https:\/\/npasyria.com\/en\/134730\/\" target=\"_blank\" rel=\"noopener\"><strong>North Press Agency<\/strong><\/a> 17.01. 2026.<\/li>\n<li><a href=\"https:\/\/npasyria.com\/en\/134709\/\" target=\"_blank\" rel=\"noopener\"><strong>North Press Agency<\/strong><\/a> 17.01. 2026.<\/li>\n<li><a href=\"https:\/\/english.alarabiya.net\/News\/middle-east\/2026\/01\/17\/syria-kurdish-force-accuses-government-of-betrayal\" target=\"_blank\" rel=\"noopener\"><strong>al-Arabiya<\/strong><\/a> 17.01. 2026,<\/li>\n<\/ul>\n<h2>Aiempia uutisia:<\/h2>\n<p>13.01. 2026:<\/p>\n<blockquote class=\"wp-embedded-content\" data-secret=\"hedYBtqIUj\"><p><a href=\"https:\/\/www.uutispeili.fi\/index.php\/2026\/01\/13\/samaan-aikaan-syyriassa-etninen-puhdistus-riehuu-aleppon-kurdi-kaupunginosissa\/\">Samaan aikaan Syyriassa: Etninen puhdistus riehuu Aleppon kurdi-kaupunginosissa<\/a><\/p><\/blockquote>\n<p><iframe class=\"wp-embedded-content\" sandbox=\"allow-scripts\" security=\"restricted\" style=\"position: absolute; clip: rect(1px, 1px, 1px, 1px);\" title=\"&#8221;Samaan aikaan Syyriassa: Etninen puhdistus riehuu Aleppon kurdi-kaupunginosissa&#8221; &#8212; \" src=\"https:\/\/www.uutispeili.fi\/index.php\/2026\/01\/13\/samaan-aikaan-syyriassa-etninen-puhdistus-riehuu-aleppon-kurdi-kaupunginosissa\/embed\/#?secret=26FjZpK6GP#?secret=hedYBtqIUj\" data-secret=\"hedYBtqIUj\" width=\"600\" height=\"338\" frameborder=\"0\" marginwidth=\"0\" marginheight=\"0\" scrolling=\"no\"><\/iframe><\/p>\n<p>15,01, 2026:<\/p>\n<blockquote class=\"wp-embedded-content\" data-secret=\"oOfCoZfbnx\"><p><a href=\"https:\/\/www.uutispeili.fi\/index.php\/2026\/01\/15\/terroristijarjesto-isis-aikoo-hyodyntaa-damaskoksen-al-qaeda-hallituksen-toimia-ja-vapauttaa-al-holiin-vangittuja-jaseniaan\/\">Terroristij\u00e4rjest\u00f6 &#8217;ISIS&#8217; aikoo hy\u00f6dynt\u00e4\u00e4 Damaskoksen al-Qaeda-hallituksen toimia, ja vapauttaa al-Hol&#8217;iin vangittuja j\u00e4seni\u00e4\u00e4n<\/a><\/p><\/blockquote>\n<p><iframe class=\"wp-embedded-content\" sandbox=\"allow-scripts\" security=\"restricted\" style=\"position: absolute; clip: rect(1px, 1px, 1px, 1px);\" title=\"&#8221;Terroristij\u00e4rjest\u00f6 &#8217;ISIS&#8217; aikoo hy\u00f6dynt\u00e4\u00e4 Damaskoksen al-Qaeda-hallituksen toimia, ja vapauttaa al-Hol&#8217;iin vangittuja j\u00e4seni\u00e4\u00e4n&#8221; &#8212; \" src=\"https:\/\/www.uutispeili.fi\/index.php\/2026\/01\/15\/terroristijarjesto-isis-aikoo-hyodyntaa-damaskoksen-al-qaeda-hallituksen-toimia-ja-vapauttaa-al-holiin-vangittuja-jaseniaan\/embed\/#?secret=dCKDjHVll3#?secret=oOfCoZfbnx\" data-secret=\"oOfCoZfbnx\" width=\"600\" height=\"338\" frameborder=\"0\" marginwidth=\"0\" marginheight=\"0\" scrolling=\"no\"><\/iframe><\/p>\n<p>11.03. 2025:<\/p>\n<blockquote class=\"wp-embedded-content\" data-secret=\"kAd6bPJxcJ\"><p><a href=\"https:\/\/www.uutispeili.fi\/index.php\/2025\/03\/11\/ilham-ahmad-sdfn-ja-hallituksen-sopimuksen-tavoitteena-on-pysayttaa-vakivalta-syyrian-rannikko-maakunnissa\/\">Ilhan Ahmad: SDF:n ja hallituksen sopimuksen tavoitteena on pys\u00e4ytt\u00e4\u00e4 v\u00e4kivalta Syyrian rannikko-maakunnissa<\/a><\/p><\/blockquote>\n<p><iframe class=\"wp-embedded-content\" sandbox=\"allow-scripts\" security=\"restricted\" style=\"position: absolute; clip: rect(1px, 1px, 1px, 1px);\" title=\"&#8221;Ilhan Ahmad: SDF:n ja hallituksen sopimuksen tavoitteena on pys\u00e4ytt\u00e4\u00e4 v\u00e4kivalta Syyrian rannikko-maakunnissa&#8221; &#8212; \" src=\"https:\/\/www.uutispeili.fi\/index.php\/2025\/03\/11\/ilham-ahmad-sdfn-ja-hallituksen-sopimuksen-tavoitteena-on-pysayttaa-vakivalta-syyrian-rannikko-maakunnissa\/embed\/#?secret=2zpAzfWvuF#?secret=kAd6bPJxcJ\" data-secret=\"kAd6bPJxcJ\" width=\"600\" height=\"338\" frameborder=\"0\" marginwidth=\"0\" marginheight=\"0\" scrolling=\"no\"><\/iframe><\/p>\n","protected":false},"excerpt":{"rendered":"<p>Yhdysvaltain sotilaskomentokeskus Centcom ja Koillis-Syyrian itsehallinto yritt\u00e4v\u00e4t hillit\u00e4 eskalaatiota Syyriassa taistelujen jatkuessa Damaskoksen HTS-hallituksen ja kurdien v\u00e4lill\u00e4. Pohjois- ja It\u00e4-Syyrian autonomisen hallinnon (Autonomous Adminstration of North and East Syria, AANES) ulkosuhdeosaston puheenjohtaja (ulkoministeri) Ilham Ahmad syytti lauantaina Syyrian v\u00e4liaikaishallitusta &#8211;al-Shara&#8217;an hallintoa- vet\u00e4ytymissopimuksen rikkomisesta It\u00e4-Aleppossa, ja sanoi, ett\u00e4 sopimusrikkomus on k\u00e4ynnist\u00e4nyt kiivaita taisteluita Masakanahin kaupungissa. \u00a0Ahmadin [&hellip;]<\/p>\n","protected":false},"author":3,"featured_media":10469,"comment_status":"open","ping_status":"open","sticky":false,"template":"","format":"standard","meta":{"footnotes":""},"categories":[122,127],"tags":[],"_links":{"self":[{"href":"https:\/\/www.uutispeili.fi\/index.php\/wp-json\/wp\/v2\/posts\/10465"}],"collection":[{"href":"https:\/\/www.uutispeili.fi\/index.php\/wp-json\/wp\/v2\/posts"}],"about":[{"href":"https:\/\/www.uutispeili.fi\/index.php\/wp-json\/wp\/v2\/types\/post"}],"author":[{"embeddable":true,"href":"https:\/\/www.uutispeili.fi\/index.php\/wp-json\/wp\/v2\/users\/3"}],"replies":[{"embeddable":true,"href":"https:\/\/www.uutispeili.fi\/index.php\/wp-json\/wp\/v2\/comments?post=10465"}],"version-history":[{"count":4,"href":"https:\/\/www.uutispeili.fi\/index.php\/wp-json\/wp\/v2\/posts\/10465\/revisions"}],"predecessor-version":[{"id":10472,"href":"https:\/\/www.uutispeili.fi\/index.php\/wp-json\/wp\/v2\/posts\/10465\/revisions\/10472"}],"wp:featuredmedia":[{"embeddable":true,"href":"https:\/\/www.uutispeili.fi\/index.php\/wp-json\/wp\/v2\/media\/10469"}],"wp:attachment":[{"href":"https:\/\/www.uutispeili.fi\/index.php\/wp-json\/wp\/v2\/media?parent=10465"}],"wp:term":[{"taxonomy":"category","embeddable":true,"href":"https:\/\/www.uutispeili.fi\/index.php\/wp-json\/wp\/v2\/categories?post=10465"},{"taxonomy":"post_tag","embeddable":true,"href":"https:\/\/www.uutispeili.fi\/index.php\/wp-json\/wp\/v2\/tags?post=10465"}],"curies":[{"name":"wp","href":"https:\/\/api.w.org\/{rel}","templated":true}]}}