{"id":10404,"date":"2026-01-13T22:30:36","date_gmt":"2026-01-13T20:30:36","guid":{"rendered":"https:\/\/www.uutispeili.fi\/?p=10404"},"modified":"2026-01-14T12:15:38","modified_gmt":"2026-01-14T10:15:38","slug":"samaan-aikaan-syyriassa-etninen-puhdistus-riehuu-aleppon-kurdi-kaupunginosissa","status":"publish","type":"post","link":"https:\/\/www.uutispeili.fi\/index.php\/2026\/01\/13\/samaan-aikaan-syyriassa-etninen-puhdistus-riehuu-aleppon-kurdi-kaupunginosissa\/","title":{"rendered":"Samaan aikaan Syyriassa: Etninen puhdistus riehuu Aleppon kurdi-kaupunginosissa"},"content":{"rendered":"<p><strong><em>V\u00e4est\u00f6nvaihto<\/em> ei ole Erdoganin islamistisessa Turkissa <em>salaliittoteoria<\/em>, vaan osa virallista politiikkaa: Par&#8217;aikaa syyrialaisen Aleppon kaupungin n. 650 000:st\u00e4 kurdi-taustaisesta kaupunkilaisista 412 000 on karkotettu kodeistaan Turkin tukeman <em>al-Qaeda-vetoisen<\/em> hallituksen toimesta.<\/strong><\/p>\n<p>Maailman huomion keskittyess\u00e4 muualle <strong>Syyria<\/strong>n v\u00e4liaikainen hallitus, jota dominoi terroristij\u00e4rjest\u00f6 <strong>al-Qaeda<\/strong>n (-kyll\u00e4, se <strong>Osama<\/strong>n pulju!) syyrialainen osasto, <strong>Hay&#8217;at Tahrir al-Sham<\/strong> (HTS), ja jonka &#8221;<em>Syyrian<\/em> <em>turvallisuusjoukoksi&#8221;<\/em> nime\u00e4m\u00e4\u00e4n laumaan on rekrytoitu -entisten &#8221;<strong>ISIS<\/strong>:n&#8221; sotuteiden lis\u00e4ksi- Syyrian sis\u00e4llissodan aikana maahan valuneita kansainv\u00e4lisi\u00e4 jihadisteja, mm. <strong>Turkmenia<\/strong>sta, <strong>Uzbekistan<\/strong>ista, -ties mist\u00e4, -my\u00f6s <strong>Dagestan<\/strong>ista.<\/p>\n<p>T\u00e4m\u00e4 joukko oli tullut Syyriaan HTS:n ja &#8221;<strong><em>islamilaisen valtion<\/em><\/strong>&#8221; (ISIS) kutsusta, k\u00e4ym\u00e4\u00e4n uskonsotaa ns. kalifaatin puolesta. 2014-2018 he vainosivat <em>kristittyj\u00e4, jezidej\u00e4<\/em> -kaikkia tois-uskoisia- ja<em> kurdeja<\/em>. Lokakuussa 2019 -Turkin hy\u00f6k\u00e4tess\u00e4 sis\u00e4llissodasta jo rauhoittuneeseen osaan Syyria, sen pohjois- ja koillis-osaan, n\u00e4m\u00e4 jihadistit olivat taas &#8221;<em>jumalan t\u00f6iss\u00e4<\/em>&#8221;, -oman sairaan ymm\u00e4rryksens\u00e4 mukaan.<\/p>\n<blockquote><p>Kurdit ovat siis kohdanneet heid\u00e4t jo kahteen kertaan, ja ly\u00f6neet heid\u00e4t molemmilla kerroilla. Nyt islamisti-terroristit ovat taas vanhalla asiallaan\u00a0 Damaskoksen hallituksen -siis HTS:n- lopun alla.<\/p><\/blockquote>\n<p>Pohjois- ja It\u00e4-Syyrian autonomisen hallinnon (<em>Autonomous adminstration of North and East Syria<\/em>, AANES) ulkosuhdep\u00e4\u00e4llikk\u00f6 (&#8217;ulkoministeri&#8217;) <strong>Ilham Ahmed<\/strong> varoitti t\u00e4n\u00e4\u00e4n tiistaina, ett\u00e4 Syyrian meneill\u00e4\u00e4n olevat tapahtumat aiheuttavat vakavia riskej\u00e4 maalle ja laajemmalle alueelle ja lis\u00e4\u00e4v\u00e4t ulkomaisten v\u00e4liintulojen ja terrorismin uudelleen nousun todenn\u00e4k\u00f6isyytt\u00e4 Syyrian rajojen ulkopuolellakin.<\/p>\n<p><a href=\"https:\/\/x.com\/TheAlawiteEcho\/status\/2011105357498601579\"><img loading=\"lazy\" decoding=\"async\" class=\"aligncenter wp-image-10409 size-full\" src=\"https:\/\/www.uutispeili.fi\/wp-content\/uploads\/2026\/01\/ilhan.ahmad0000x.png\" alt=\"\" width=\"419\" height=\"484\" srcset=\"https:\/\/www.uutispeili.fi\/wp-content\/uploads\/2026\/01\/ilhan.ahmad0000x.png 419w, https:\/\/www.uutispeili.fi\/wp-content\/uploads\/2026\/01\/ilhan.ahmad0000x-260x300.png 260w\" sizes=\"(max-width: 419px) 100vw, 419px\" \/><\/a><\/p>\n<div class=\"css-175oi2r r-18u37iz r-136ojw6\">\n<div class=\"css-175oi2r r-1iusvr4 r-16y2uox r-1777fci\">\n<div class=\"css-175oi2r r-zl2h9q\">\n<div class=\"css-175oi2r r-k4xj1c r-18u37iz r-1wtj0ep\">\n<div class=\"css-175oi2r r-1d09ksm r-18u37iz r-1wbh5a2\">\n<div class=\"css-175oi2r r-1wbh5a2 r-dnmrzs r-1ny4l3l\">\n<div id=\"id__e96l8585cxa\" class=\"css-175oi2r r-1wbh5a2 r-dnmrzs r-1ny4l3l\" data-testid=\"User-Name\">\n<div class=\"css-175oi2r r-1awozwy r-18u37iz r-1wbh5a2 r-dnmrzs\">\n<div class=\"css-175oi2r r-1wbh5a2 r-dnmrzs\">\n<div class=\"css-175oi2r r-1awozwy r-18u37iz r-1wbh5a2 r-dnmrzs\">\n<blockquote>\n<div class=\"css-146c3p1 r-bcqeeo r-1ttztb7 r-qvutc0 r-37j5jr r-a023e6 r-rjixqe r-b88u0q r-1awozwy r-6koalj r-1udh08x r-3s2u2q\" dir=\"ltr\"><span class=\"css-1jxf684 r-dnmrzs r-1udh08x r-1udbk01 r-3s2u2q r-bcqeeo r-1ttztb7 r-qvutc0 r-poiln3\"><span class=\"css-1jxf684 r-bcqeeo r-1ttztb7 r-qvutc0 r-poiln3\"><span dir=\"auto\">Alaviittien kaiku <\/span><\/span><\/span><span style=\"color: initial;\">@TheAlawiteEcho: <\/span><span class=\"r-18u37iz\" style=\"color: initial;\"><a class=\"css-1jxf684 r-bcqeeo r-1ttztb7 r-qvutc0 r-poiln3 r-1loqt21\" dir=\"ltr\" role=\"link\" href=\"https:\/\/x.com\/hashtag\/Damascus?src=hashtag_click\"><span dir=\"auto\">&#8221; #Damaskoksen<\/span><\/a><\/span><span dir=\"auto\" style=\"color: initial;\"><span class=\"css-1jxf684 r-bcqeeo r-1ttztb7 r-qvutc0 r-poiln3\"> v\u00e4itteiss\u00e4 rikkomuksista on ristiriita . Esimerkiksi Syyrian rannikolla he sanovat, ett\u00e4 siell\u00e4 oli miliisej\u00e4, jotka hy\u00f6kk\u00e4siv\u00e4t ja tekiv\u00e4t iskun, mutta he eiv\u00e4t t\u00e4smenn\u00e4, ett\u00e4 ne olivat osa Syyrian armeijaa.&#8221; Elham Ahmad &#8211; <\/span><span class=\"r-18u37iz\"><a class=\"css-1jxf684 r-bcqeeo r-1ttztb7 r-qvutc0 r-poiln3 r-1loqt21\" dir=\"ltr\" role=\"link\" href=\"https:\/\/x.com\/hashtag\/SDF?src=hashtag_click\">#SDF<\/a><\/span><\/span><span class=\"css-1jxf684 r-bcqeeo r-1ttztb7 r-qvutc0 r-poiln3\" style=\"color: initial;\"><span dir=\"auto\"> :n toimeenpanevan neuvoston puheenjohtaja<\/span><\/span><\/div>\n<\/blockquote>\n<\/div>\n<\/div>\n<\/div>\n<\/div>\n<\/div>\n<\/div>\n<\/div>\n<\/div>\n<\/div>\n<\/div>\n<p>Ahmed sanoi ,lehdist\u00f6tilaisuudessa, johon uutistoimisto <strong>North Press<\/strong> osallistui, ett\u00e4 Syyrian siirtym\u00e4kauden hallitus (al-Jolanin HTS-hallitus) on ensisijainen vastuussa 10. maaliskuuta tehdyn (Syyrian sis\u00e4isen yhteisty\u00f6-) sopimuksen t\u00e4yt\u00e4nt\u00f6\u00f6npanon ep\u00e4onnistumisesta.<\/p>\n<p>Ahmed lis\u00e4si, ett\u00e4 viimeaikaiset tapahtumat <strong>Aleppo<\/strong>n (kurdien asuttamassa) <strong>Sheikh Maqsoud<\/strong>in kaupunginosassa alkoivat kurdialueisiin kohdistuneella mediakampanjalla. H\u00e4n huomautti, ett\u00e4 hallitukseen kytk\u00f6ksiss\u00e4 olevat ryhmittym\u00e4t olivat toistuvasti hy\u00f6k\u00e4nneet kaupunginosiin viime kuukausina, mik\u00e4 oli h\u00e4nen mukaansa luonut kriisin.<\/p>\n<p>Ahmed totesi, ett\u00e4 Syyrian puolustusministeri\u00f6 ilmoitti virallisesti sotilasoperaatiosta Sheikh Maqsoudia ja <strong>Ashrafieh<\/strong>ia (kaupunginosaa) vastaan.<\/p>\n<p><strong>Syyrian demokraattiset joukot<\/strong> (SDF, &#8217;kurdiarmeija)) olivat vet\u00e4ytyneet kaupunginosista 1. huhtikuuta tehdyn sopimuksen mukaisesti, mutta hallitus jatkoi SDF:n esitt\u00e4mist\u00e4 l\u00e4sn\u00e4 olevina ja aloitti raskaan hy\u00f6kk\u00e4yksen, johon osallistui noin 80 panssarivaunua.<\/p>\n<figure id=\"attachment_10413\" aria-describedby=\"caption-attachment-10413\" style=\"width: 446px\" class=\"wp-caption aligncenter\"><a href=\"https:\/\/x.com\/kurdistannews24\/status\/2010948475882782953\"><img loading=\"lazy\" decoding=\"async\" class=\"wp-image-10413 size-full\" src=\"https:\/\/www.uutispeili.fi\/wp-content\/uploads\/2026\/01\/aleppo13012026-uzbekki.png\" alt=\"\" width=\"446\" height=\"421\" srcset=\"https:\/\/www.uutispeili.fi\/wp-content\/uploads\/2026\/01\/aleppo13012026-uzbekki.png 446w, https:\/\/www.uutispeili.fi\/wp-content\/uploads\/2026\/01\/aleppo13012026-uzbekki-300x283.png 300w\" sizes=\"(max-width: 446px) 100vw, 446px\" \/><\/a><figcaption id=\"caption-attachment-10413\" class=\"wp-caption-text\">&#8217;Vierastaistelijoita&#8217; Syyriassa.<\/figcaption><\/figure>\n<h2>Ei-syyrialaiset ja ei-arabit mukana hy\u00f6kk\u00e4yksiss\u00e4<\/h2>\n<blockquote><p><strong>Video<\/strong> <a href=\"https:\/\/x.com\/kurdistannews24\/status\/2011125029975793906\" target=\"_blank\" rel=\"noopener\">linkiss\u00e4<\/a> (englanniksi): Kurdien imaami <strong>Dr. Morshed Khaznavi<\/strong> sanoo: &#8221;Nykyinen Syyrian arabiarmeija ei ole aidosti syyrialainen eik\u00e4 edusta Syyrian kansaa. Se koostuu uiguureista, uzbekeista ja muista ulkomaalaisista elementeist\u00e4. Ainoa laillinen Syyrian armeija on SDF eli Syyrian demokraattiset joukot.&#8221;<\/p><\/blockquote>\n<p>Ahmedin mukaan iskuissa kuoli 48 ihmist\u00e4 ja loukkaantui 118, ja kymmeni\u00e4 on edelleen kateissa. H\u00e4n syytti hy\u00f6kk\u00e4\u00e4ji\u00e4 vakavista loukkauksista Aleppossa ja paljasti, ett\u00e4 <strong>Islamilaisen valtion<\/strong> (ISIS), uiguurimilitanttien, turkkilaisten ryhmien ja muiden ulkomaisten ryhmien taistelijat osallistuivat hy\u00f6kk\u00e4yksiin \u0161eikki Maqsoudia ja Ashrafiehia vastaan.<\/p>\n<figure id=\"attachment_10392\" aria-describedby=\"caption-attachment-10392\" style=\"width: 680px\" class=\"wp-caption aligncenter\"><img loading=\"lazy\" decoding=\"async\" class=\"wp-image-10392 size-full\" src=\"https:\/\/www.uutispeili.fi\/wp-content\/uploads\/2026\/01\/sharaa-julani0000.png\" alt=\"\" width=\"680\" height=\"677\" srcset=\"https:\/\/www.uutispeili.fi\/wp-content\/uploads\/2026\/01\/sharaa-julani0000.png 680w, https:\/\/www.uutispeili.fi\/wp-content\/uploads\/2026\/01\/sharaa-julani0000-300x300.png 300w, https:\/\/www.uutispeili.fi\/wp-content\/uploads\/2026\/01\/sharaa-julani0000-150x150.png 150w\" sizes=\"(max-width: 680px) 100vw, 680px\" \/><figcaption id=\"caption-attachment-10392\" class=\"wp-caption-text\">Al-Jolani vasemmalla, ja al-Shara&#8217;a oikealla, -mutta heh\u00e4n ovat sama hemmo!<\/figcaption><\/figure>\n<h3>&#8217;V\u00e4hemmist\u00f6jen suojeleminen ja ulkomaalaisten taistelijoiden poistuminen pakotteiden poistamisen ehto&#8217;<\/h3>\n<p>Ahmed korosti edelleen, ett\u00e4 yksi <strong>Yhdysvaltojen<\/strong> ja l\u00e4nsimaiden Syyriaan kohdistuneiden pakotteiden poistamisen ehdoista oli v\u00e4hemmist\u00f6jen suojeleminen ja ulkomaalaisten taistelijoiden poistuminen Syyriasta.<\/p>\n<blockquote><p>\u00a0AANESin &#8217;ulkoministeri&#8217; sanoi, ett\u00e4 hallitus on sen sijaan kohdistanut iskuja <strong>alaviitteihi<\/strong>n, <strong>druuseihin<\/strong>, <strong>kristittyihin<\/strong> ja nyt <strong>kurdeihin<\/strong>.<\/p><\/blockquote>\n<p>H\u00e4n kehotti Yhdysvaltojen hallitusta selvent\u00e4m\u00e4\u00e4n kantaansa Syyrian hallituksen toimiin ja korosti, ett\u00e4 kurdit eiv\u00e4t ole vahingoittaneet Damaskoksen hallitusta tai mit\u00e4\u00e4n muutakaan osapuolta, vaan pikemminkin suojelleet aluetta ISISilt\u00e4.<\/p>\n<p>Ahmed korosti, ett\u00e4 AANES on edelleen sitoutunut vuoropuheluun ja neuvotteluihin edellytt\u00e4en, ett\u00e4 hy\u00f6kk\u00e4ykset loppuvat ja kurdien suojelulle Aleppossa ja <strong>Afrin<\/strong>issa annetaan takeet.<\/p>\n<h2>Erdogan avasi suunsa<\/h2>\n<p>\u201d<em>Aleppon viimeaikaiset tapahtumat tarjoavat historiallisen tilaisuuden 10. maaliskuuta tehdyn sopimuksen t\u00e4yt\u00e4nt\u00f6\u00f6npanoon<\/em>\u201d, Erdogan sanoi tiistaina, antamatta lis\u00e4tietoja mekanismeista tai aikataulusta.<\/p>\n<p>Turkin presidentin totuuden s\u00e4\u00e4steli\u00e4s k\u00e4ytt\u00f6 toistaa h\u00e4nen fraasejaan lokakuussa 2019. silloin Erdogan v\u00e4itti tulevansa yuomaan rauhaa Syyriaan, -siis panssarivaunut letkan k\u00e4rjess\u00e4- mutta sy\u00f6ksikin jo sis\u00e4llissodan ja ISIS:n tuhoista jo rauhoittuneen osan Syyriaa uuteen kaaokseen.<\/p>\n<h2>Jihadistien &#8217;<em>vierastaistelijat&#8217;<\/em><\/h2>\n<p>Syyrian sis\u00e4llissota, josta pian tuli hyvin kansainv\u00e4linen, alkoi jo 2012, <strong>Bashar al-Assad<\/strong>in hallituksen ja sen poliittisten vastustajien konfliktina. Irakin alueella alunperin perustettu &#8217;<strong><em>Irakin ja Syyrian islamilainen valtio<\/em><\/strong>&#8217; (ISIS) -johtajanaan <strong>Abu Bakr al-Baghdadi-<\/strong> k\u00e4ytti tilaisuuden hyv\u00e4kseen, ja valtasi nopeasti pohjoisen Irakin ja osan Syyriaa v.2014,<\/p>\n<p>Vuoteen 2018 menness\u00e4 al-Assadin atmeija oli kutistanut ISIS:n alueet l\u00e4ntisess\u00e4 Syyriassa, ja kurdien SDF it\u00e4isess\u00e4, ISIS ja muutkin jihadistit saivat uuden tilaisuuden Erdoganin komentaessa Turkin armeijan hy\u00f6kk\u00e4\u00e4m\u00e4\u00e4n Syyriaan lokakuussa 2019.<\/p>\n<p>Assadin hallinto kaatui v.2024 joulukuussa, ja sen alueet valtasi HTS. -Eufratin it\u00e4puolista osaa HTS ei onnistunut kaappaamaan, kuten ei Assadkaan:\u00a0 Siell\u00e4 olivat AANES ja SDF.<\/p>\n<p>Radikaali-islamistinen HTS -ja sen johtaja <strong>al-Jolani<\/strong> (al-Jawlani) hy\u00f6tyiv\u00e4t Assadin hallinnon t\u00f6rkeyksist\u00e4, ja saivat ansiotonta ymm\u00e4rryst\u00e4 maailmalla. Al-Jolani itse p\u00e4\u00e4si jopa &#8217;<em>Oval Officeen<\/em>&#8217;, miss\u00e4 on harvoin n\u00e4hty al-Qaedan v\u00e4ke\u00e4.<\/p>\n<p>Edellinen kerta taisi olla, kun Yhdysvaltain silloinen presidentti <strong>Barack Obama<\/strong> seurasi TV-vastaanottimesta <strong>Osama Bin Ladin<\/strong>in eliminoimista Yhdysvaltain erikoisjoukkojen toimesta <strong>Abottanbad<\/strong>issa <strong>Pakistan<\/strong>issa. No, Trump ylitt\u00e4\u00e4 kaikessa edelt\u00e4j\u00e4ns\u00e4! <img loading=\"lazy\" decoding=\"async\" class=\"alignnone size-full wp-image-144\" src=\"https:\/\/www.uutispeili.fi\/wp-content\/uploads\/2023\/11\/di.gold_.gif\" alt=\"\" width=\"11\" height=\"11\" \/><\/p>\n<p>Luettavaa:<\/p>\n<ul>\n<li><a href=\"https:\/\/npasyria.com\/en\/134538\/\" target=\"_blank\" rel=\"noopener\"><strong>North Press Agency<\/strong><\/a> 13.01. 2026,<\/li>\n<li><a href=\"https:\/\/npasyria.com\/en\/134507\/\" target=\"_blank\" rel=\"noopener\"><strong>North Ptess Agency<\/strong><\/a> 13.01. 2026,<\/li>\n<\/ul>\n<p>Aiemmissa julkaisuissa:<\/p>\n<p>22.09. 2025:<\/p>\n<blockquote class=\"wp-embedded-content\" data-secret=\"CnLO5oJzhv\"><p><a href=\"https:\/\/www.uutispeili.fi\/index.php\/2025\/09\/22\/syyrian-al-qaeda-johtaja-new-yorkissa-kristittyjen-asuinalueet-palavat-syyriassa\/\">Syyrian al-Qaeda-johtaja New Yorkissa, kristittyjen asuinalueet palavat Syyriassa<\/a><\/p><\/blockquote>\n<p><iframe class=\"wp-embedded-content\" sandbox=\"allow-scripts\" security=\"restricted\" style=\"position: absolute; clip: rect(1px, 1px, 1px, 1px);\" title=\"&#8221;Syyrian al-Qaeda-johtaja New Yorkissa, kristittyjen asuinalueet palavat Syyriassa&#8221; &#8212; \" src=\"https:\/\/www.uutispeili.fi\/index.php\/2025\/09\/22\/syyrian-al-qaeda-johtaja-new-yorkissa-kristittyjen-asuinalueet-palavat-syyriassa\/embed\/#?secret=6l37dLfC44#?secret=CnLO5oJzhv\" data-secret=\"CnLO5oJzhv\" width=\"600\" height=\"338\" frameborder=\"0\" marginwidth=\"0\" marginheight=\"0\" scrolling=\"no\"><\/iframe><\/p>\n<p>01.08. 2025:<\/p>\n<blockquote class=\"wp-embedded-content\" data-secret=\"zD0MfXRsys\"><p><a href=\"https:\/\/www.uutispeili.fi\/index.php\/2025\/08\/01\/yk-varoittaa-al-qaedan-ja-islamilaisen-valtion-aktivoitumisesta-afrikassa-ja-syyriassa\/\">YK varoittaa al-Qaedan ja &#8221;islamilaisen valtion&#8221; aktivoitumisesta Afrikassa ja Syyriassa<\/a><\/p><\/blockquote>\n<p><iframe class=\"wp-embedded-content\" sandbox=\"allow-scripts\" security=\"restricted\" style=\"position: absolute; clip: rect(1px, 1px, 1px, 1px);\" title=\"&#8221;YK varoittaa al-Qaedan ja &#8221;islamilaisen valtion&#8221; aktivoitumisesta Afrikassa ja Syyriassa&#8221; &#8212; \" src=\"https:\/\/www.uutispeili.fi\/index.php\/2025\/08\/01\/yk-varoittaa-al-qaedan-ja-islamilaisen-valtion-aktivoitumisesta-afrikassa-ja-syyriassa\/embed\/#?secret=c3pnprFtrv#?secret=zD0MfXRsys\" data-secret=\"zD0MfXRsys\" width=\"600\" height=\"338\" frameborder=\"0\" marginwidth=\"0\" marginheight=\"0\" scrolling=\"no\"><\/iframe><\/p>\n<p>01.01. 2026:<\/p>\n<blockquote class=\"wp-embedded-content\" data-secret=\"4wIp2QQvDT\"><p><a href=\"https:\/\/www.uutispeili.fi\/index.php\/2026\/01\/07\/syyrian-hallituksen-joukot-ja-kurdit-ottaneet-yhteen-aleppossa-kurdikomentaja-varoittaa-etnisista-yhteenotoista\/\">Syyrian hallituksen joukot ja kurdit ottaneet yhteen Aleppossa, kurdikomentaja varoittaa etnisist\u00e4 puhdistuksista<\/a><\/p><\/blockquote>\n<p><iframe class=\"wp-embedded-content\" sandbox=\"allow-scripts\" security=\"restricted\" style=\"position: absolute; clip: rect(1px, 1px, 1px, 1px);\" title=\"&#8221;Syyrian hallituksen joukot ja kurdit ottaneet yhteen Aleppossa, kurdikomentaja varoittaa etnisist\u00e4 puhdistuksista&#8221; &#8212; \" src=\"https:\/\/www.uutispeili.fi\/index.php\/2026\/01\/07\/syyrian-hallituksen-joukot-ja-kurdit-ottaneet-yhteen-aleppossa-kurdikomentaja-varoittaa-etnisista-yhteenotoista\/embed\/#?secret=MWi60CXU7b#?secret=4wIp2QQvDT\" data-secret=\"4wIp2QQvDT\" width=\"600\" height=\"338\" frameborder=\"0\" marginwidth=\"0\" marginheight=\"0\" scrolling=\"no\"><\/iframe><\/p>\n<p>10.11. 2025:<\/p>\n<blockquote class=\"wp-embedded-content\" data-secret=\"eaxDchQHJr\"><p><a href=\"https:\/\/www.uutispeili.fi\/index.php\/2025\/11\/10\/al-sharaa-washingtonissa\/\">Al-Shara&#8217;a Washingtonissa<\/a><\/p><\/blockquote>\n<p><iframe class=\"wp-embedded-content\" sandbox=\"allow-scripts\" security=\"restricted\" style=\"position: absolute; clip: rect(1px, 1px, 1px, 1px);\" title=\"&#8221;Al-Shara&#8217;a Washingtonissa&#8221; &#8212; \" src=\"https:\/\/www.uutispeili.fi\/index.php\/2025\/11\/10\/al-sharaa-washingtonissa\/embed\/#?secret=UXqmNCpOcc#?secret=eaxDchQHJr\" data-secret=\"eaxDchQHJr\" width=\"600\" height=\"338\" frameborder=\"0\" marginwidth=\"0\" marginheight=\"0\" scrolling=\"no\"><\/iframe><\/p>\n<p>25.12. 2025:<\/p>\n<blockquote class=\"wp-embedded-content\" data-secret=\"nhzpXpXo7W\"><p><a href=\"https:\/\/www.uutispeili.fi\/index.php\/2025\/12\/25\/joulu-qamishlissa\/\">Joulu Qamishlissa<\/a><\/p><\/blockquote>\n<p><iframe class=\"wp-embedded-content\" sandbox=\"allow-scripts\" security=\"restricted\" style=\"position: absolute; clip: rect(1px, 1px, 1px, 1px);\" title=\"&#8221;Joulu Qamishlissa&#8221; &#8212; \" src=\"https:\/\/www.uutispeili.fi\/index.php\/2025\/12\/25\/joulu-qamishlissa\/embed\/#?secret=KcQ5qkv25x#?secret=nhzpXpXo7W\" data-secret=\"nhzpXpXo7W\" width=\"600\" height=\"338\" frameborder=\"0\" marginwidth=\"0\" marginheight=\"0\" scrolling=\"no\"><\/iframe><\/p>\n<p>10.12. 2024:<\/p>\n<blockquote class=\"wp-embedded-content\" data-secret=\"kT2s8VYcnk\"><p><a href=\"https:\/\/www.uutispeili.fi\/index.php\/2024\/12\/10\/miten-kay-joulunvietto-syyriassa-htsn-jihadistien-vallan-alla\/\">Miten k\u00e4y joulunvietto Syyriassa HTS:n jihadistien vallan alla<\/a><\/p><\/blockquote>\n<p><iframe class=\"wp-embedded-content\" sandbox=\"allow-scripts\" security=\"restricted\" style=\"position: absolute; clip: rect(1px, 1px, 1px, 1px);\" title=\"&#8221;Miten k\u00e4y joulunvietto Syyriassa HTS:n jihadistien vallan alla&#8221; &#8212; \" src=\"https:\/\/www.uutispeili.fi\/index.php\/2024\/12\/10\/miten-kay-joulunvietto-syyriassa-htsn-jihadistien-vallan-alla\/embed\/#?secret=n03r84rfy4#?secret=kT2s8VYcnk\" data-secret=\"kT2s8VYcnk\" width=\"600\" height=\"338\" frameborder=\"0\" marginwidth=\"0\" marginheight=\"0\" scrolling=\"no\"><\/iframe><\/p>\n<p>23.11. 2025:<\/p>\n<blockquote class=\"wp-embedded-content\" data-secret=\"DCuhncbyuV\"><p><a href=\"https:\/\/www.uutispeili.fi\/index.php\/2025\/11\/23\/syyrian-valiaikainen-presidentti-poseeraa-ykssa-ja-valkoisessa-talossa-samaan-aikaan-kun-hanen-terroristinsa-vainoavat-vahemmistoja-syyriassa\/\">Syyrian v\u00e4liaikainen presidentti poseeraa YK:ssa ja &#8217;Valkoisessa Talossa&#8217;, -samaan aikaan kun h\u00e4nen terroristinsa vainoavat v\u00e4hemmist\u00f6j\u00e4 Syyriassa<\/a><\/p><\/blockquote>\n<p><iframe class=\"wp-embedded-content\" sandbox=\"allow-scripts\" security=\"restricted\" style=\"position: absolute; clip: rect(1px, 1px, 1px, 1px);\" title=\"&#8221;Syyrian v\u00e4liaikainen presidentti poseeraa YK:ssa ja &#8217;Valkoisessa Talossa&#8217;, -samaan aikaan kun h\u00e4nen terroristinsa vainoavat v\u00e4hemmist\u00f6j\u00e4 Syyriassa&#8221; &#8212; \" src=\"https:\/\/www.uutispeili.fi\/index.php\/2025\/11\/23\/syyrian-valiaikainen-presidentti-poseeraa-ykssa-ja-valkoisessa-talossa-samaan-aikaan-kun-hanen-terroristinsa-vainoavat-vahemmistoja-syyriassa\/embed\/#?secret=j2P6j5Y8t3#?secret=DCuhncbyuV\" data-secret=\"DCuhncbyuV\" width=\"600\" height=\"338\" frameborder=\"0\" marginwidth=\"0\" marginheight=\"0\" scrolling=\"no\"><\/iframe><\/p>\n<p>07.11. 2025:<\/p>\n<blockquote class=\"wp-embedded-content\" data-secret=\"3VAtiyhafj\"><p><a href=\"https:\/\/www.uutispeili.fi\/index.php\/2025\/11\/07\/yhdysvallat-poisti-syyrian-al-qaeda-taustaiseen-valiaikaiseen-presidenttiin-kohdistuvat-pakotteet\/\">Yhdysvallat poisti Syyrian al-Qaeda-taustaiseen v\u00e4liaikaiseen presidenttiin kohdistuvat pakotteet<\/a><\/p><\/blockquote>\n<p><iframe class=\"wp-embedded-content\" sandbox=\"allow-scripts\" security=\"restricted\" style=\"position: absolute; clip: rect(1px, 1px, 1px, 1px);\" title=\"&#8221;Yhdysvallat poisti Syyrian al-Qaeda-taustaiseen v\u00e4liaikaiseen presidenttiin kohdistuvat pakotteet&#8221; &#8212; \" src=\"https:\/\/www.uutispeili.fi\/index.php\/2025\/11\/07\/yhdysvallat-poisti-syyrian-al-qaeda-taustaiseen-valiaikaiseen-presidenttiin-kohdistuvat-pakotteet\/embed\/#?secret=lAGvCUdTds#?secret=3VAtiyhafj\" data-secret=\"3VAtiyhafj\" width=\"600\" height=\"338\" frameborder=\"0\" marginwidth=\"0\" marginheight=\"0\" scrolling=\"no\"><\/iframe><\/p>\n<p>07.10. 2025:<\/p>\n<blockquote class=\"wp-embedded-content\" data-secret=\"3tKcd7oHJa\"><p><a href=\"https:\/\/www.uutispeili.fi\/index.php\/2025\/10\/07\/yhdysvalyojen-centcom-ja-trumpin-syyrian-lahettilas-damaskoksessa-aselepo-hallituksen-ja-kurdien-valille\/\">Yhdysvaltojen CENTCOM ja Trumpin Syyrian-l\u00e4hettil\u00e4s Damaskoksessa, aselepo hallituksen ja kurdien v\u00e4lille<\/a><\/p><\/blockquote>\n<p><iframe class=\"wp-embedded-content\" sandbox=\"allow-scripts\" security=\"restricted\" style=\"position: absolute; clip: rect(1px, 1px, 1px, 1px);\" title=\"&#8221;Yhdysvaltojen CENTCOM ja Trumpin Syyrian-l\u00e4hettil\u00e4s Damaskoksessa, aselepo hallituksen ja kurdien v\u00e4lille&#8221; &#8212; \" src=\"https:\/\/www.uutispeili.fi\/index.php\/2025\/10\/07\/yhdysvalyojen-centcom-ja-trumpin-syyrian-lahettilas-damaskoksessa-aselepo-hallituksen-ja-kurdien-valille\/embed\/#?secret=JWPUUAxkAO#?secret=3tKcd7oHJa\" data-secret=\"3tKcd7oHJa\" width=\"600\" height=\"338\" frameborder=\"0\" marginwidth=\"0\" marginheight=\"0\" scrolling=\"no\"><\/iframe><\/p>\n","protected":false},"excerpt":{"rendered":"<p>V\u00e4est\u00f6nvaihto ei ole Erdoganin islamistisessa Turkissa salaliittoteoria, vaan osa virallista politiikkaa: Par&#8217;aikaa syyrialaisen Aleppon kaupungin n. 650 000:st\u00e4 kurdi-taustaisesta kaupunkilaisista 412 000 on karkotettu kodeistaan Turkin tukeman al-Qaeda-vetoisen hallituksen toimesta. Maailman huomion keskittyess\u00e4 muualle Syyrian v\u00e4liaikainen hallitus, jota dominoi terroristij\u00e4rjest\u00f6 al-Qaedan (-kyll\u00e4, se Osaman pulju!) syyrialainen osasto, Hay&#8217;at Tahrir al-Sham (HTS), ja jonka &#8221;Syyrian turvallisuusjoukoksi&#8221; [&hellip;]<\/p>\n","protected":false},"author":3,"featured_media":10405,"comment_status":"open","ping_status":"open","sticky":false,"template":"","format":"standard","meta":{"footnotes":""},"categories":[31,244,122,80],"tags":[],"_links":{"self":[{"href":"https:\/\/www.uutispeili.fi\/index.php\/wp-json\/wp\/v2\/posts\/10404"}],"collection":[{"href":"https:\/\/www.uutispeili.fi\/index.php\/wp-json\/wp\/v2\/posts"}],"about":[{"href":"https:\/\/www.uutispeili.fi\/index.php\/wp-json\/wp\/v2\/types\/post"}],"author":[{"embeddable":true,"href":"https:\/\/www.uutispeili.fi\/index.php\/wp-json\/wp\/v2\/users\/3"}],"replies":[{"embeddable":true,"href":"https:\/\/www.uutispeili.fi\/index.php\/wp-json\/wp\/v2\/comments?post=10404"}],"version-history":[{"count":5,"href":"https:\/\/www.uutispeili.fi\/index.php\/wp-json\/wp\/v2\/posts\/10404\/revisions"}],"predecessor-version":[{"id":10430,"href":"https:\/\/www.uutispeili.fi\/index.php\/wp-json\/wp\/v2\/posts\/10404\/revisions\/10430"}],"wp:featuredmedia":[{"embeddable":true,"href":"https:\/\/www.uutispeili.fi\/index.php\/wp-json\/wp\/v2\/media\/10405"}],"wp:attachment":[{"href":"https:\/\/www.uutispeili.fi\/index.php\/wp-json\/wp\/v2\/media?parent=10404"}],"wp:term":[{"taxonomy":"category","embeddable":true,"href":"https:\/\/www.uutispeili.fi\/index.php\/wp-json\/wp\/v2\/categories?post=10404"},{"taxonomy":"post_tag","embeddable":true,"href":"https:\/\/www.uutispeili.fi\/index.php\/wp-json\/wp\/v2\/tags?post=10404"}],"curies":[{"name":"wp","href":"https:\/\/api.w.org\/{rel}","templated":true}]}}