{"id":10390,"date":"2026-01-13T18:31:03","date_gmt":"2026-01-13T16:31:03","guid":{"rendered":"https:\/\/www.uutispeili.fi\/?p=10390"},"modified":"2026-01-13T20:33:25","modified_gmt":"2026-01-13T18:33:25","slug":"trump-kielsi-muslimiveljeskunnan-mita-sanoo-erdogan","status":"publish","type":"post","link":"https:\/\/www.uutispeili.fi\/index.php\/2026\/01\/13\/trump-kielsi-muslimiveljeskunnan-mita-sanoo-erdogan\/","title":{"rendered":"Trump kielsi Muslimiveljeskunnan, mit\u00e4 sanoo Erdogan"},"content":{"rendered":"<p><strong>Yhdysvaltain presidentin Donald Trumpin p\u00e4\u00e4t\u00f6s todeta terroristij\u00e4rjest\u00f6iksi osia &#8217;<em>Muslimiveljeskunnasta<\/em>&#8217; (Muslim Brotherhood) saattaa et\u00e4\u00e4nnytt\u00e4\u00e4 h\u00e4nt\u00e4 liittolaisestaan Turkin presidentist\u00e4, Recep Tayyip Erdoganista, arvelee saudilehti t\u00e4n\u00e4\u00e4n. Tarkastelemme.<\/strong><\/p>\n<p>Lokakuussa 2019 silloin ensimm\u00e4ist\u00e4 kauttaan istuva Yhdysvaltain presidentti Donald Trump hy\u00f6l\u00e4si terroristij\u00e4rjest\u00f6 &#8217;<strong><em>islamilaisen valtion<\/em><\/strong>&#8221; (ISIS, ISIL, Da&#8217;esh) vastaisen sodan p\u00e4\u00e4liittolaisen -ja <strong>Syyrian<\/strong> alueella t\u00e4rkeimm\u00e4n toimijan- kurdien <strong>SDF<\/strong>:n, ja asettui tukemaan <strong>Erdoganin<\/strong> sotaretke\u00e4 Syyriaan.<\/p>\n<p>Syyrian t\u00e4m\u00e4nhetkisen presidentin, <strong>al-Qaeda<\/strong>n syyrialais-osaston <strong>HTS<\/strong>:n johtajan, <strong>Muhammed al-Shara&#8217;a<\/strong>n, vastaanotto &#8217;<em>Oval Officessa<\/em>&#8217; -ilman hattuiluja- kertoo yh\u00e4 jatkuvasta Trump-Erdo -yhdensuuntaisuudesta. Al-Sshara&#8217;a on kuitenkin presidentti Bushin aikana Yhdysvaltain vihollislistassa l\u00e4hell\u00e4 k\u00e4rke\u00e4 olleen <strong>Osama Bin Laden<\/strong>in organisaation &#8217;piirip\u00e4\u00e4llikk\u00e4&#8217;, ja terrorisminvastaisessa sodassa vihollisen komentajia.<\/p>\n<blockquote><p>Syyrian sis\u00e4llissodan aikana HTS &#8211;<strong>Hay&#8217;at Tahrir al-Sham<\/strong>&#8211; nautti ilmeisesti <strong>Turkin<\/strong> suojelusta, mahdollisesti logistista tukea. -T\u00e4m\u00e4 on huomioitava Turkin ja Muslimiveljeskunnan suhdetta tarkasteltaessa.<\/p><\/blockquote>\n<figure id=\"attachment_10392\" aria-describedby=\"caption-attachment-10392\" style=\"width: 680px\" class=\"wp-caption aligncenter\"><img loading=\"lazy\" decoding=\"async\" class=\"wp-image-10392 size-full\" src=\"https:\/\/www.uutispeili.fi\/wp-content\/uploads\/2026\/01\/sharaa-julani0000.png\" alt=\"\" width=\"680\" height=\"677\" srcset=\"https:\/\/www.uutispeili.fi\/wp-content\/uploads\/2026\/01\/sharaa-julani0000.png 680w, https:\/\/www.uutispeili.fi\/wp-content\/uploads\/2026\/01\/sharaa-julani0000-300x300.png 300w, https:\/\/www.uutispeili.fi\/wp-content\/uploads\/2026\/01\/sharaa-julani0000-150x150.png 150w\" sizes=\"(max-width: 680px) 100vw, 680px\" \/><figcaption id=\"caption-attachment-10392\" class=\"wp-caption-text\">Muhammed al-Shara&#8217;a, terroristinimelt\u00e4\u00e4n al-Jolani (al-Jawlani).<\/figcaption><\/figure>\n<p>Trump on -paitsi hyys\u00e4nnyt &#8217;<em>ovaalissa<\/em>&#8217; korkeaa jihadisti-terroristia, my\u00f6s poistanut Syyriaan kohdistettuja pakotteita. -Samaan aikaan Damaskoksen HTS-hallinnon vaino uskonnollisia v\u00e4hemmist\u00f6j\u00e4 &#8211;<em>alawiitteja<\/em>, <em>druuseja<\/em> ja <em>kristittyj\u00e4<\/em>&#8211; kohtaan on kiihtynyt.<\/p>\n<blockquote><p>Huolimatta kansainv\u00e4lisen yhteis\u00f6n painostuksesta al-Shara&#8217;a ei ole edist\u00e4nyt Syyrian hallinnon kattavuutta, vaan ominut valtaa sunni-islamisteille, ja ahdistanut <strong>Koillis-Syyrian<\/strong> kurdi-itsehallintoa. Par&#8217;aikaa HTS-hallinto toteuttaa kurdiv\u00e4est\u00f6n karkotusta mm. <strong>Aleppo<\/strong>sta, ja hy\u00f6kk\u00e4\u00e4 sotilaallisesti.<\/p><\/blockquote>\n<p>Trumpin suopeus l\u00e4nsimaista arvoyhteis\u00f6\u00e4 vastustavaa\u00a0 -ja ihmisoikeuksia polkevaa- HTS-hallintoa kohtaan, -joka ei edes yrit\u00e4 k\u00e4tke\u00e4 v\u00e4kivaltaisuuttaan ja islamismiaan- olisi hyvin erikoista, jos h\u00e4n ei muissakin asioissa suosisi &#8221;<em>l\u00e4nnen<\/em>&#8221; vihollisia.<\/p>\n<blockquote><p>Trumpin Syyrian-politiikka -molemmilla kausillaan- on ymm\u00e4rretty toisen &#8221;<em>kovan j\u00e4tk\u00e4n<\/em>&#8221; -Erdoganin- suosimiseksi.<\/p><\/blockquote>\n<p>Trumpia on yritetty ymm\u00e4rt\u00e4\u00e4 sill\u00e4, ett\u00e4 on tarkastelu h\u00e4nen persoonallisuuttaan: Trump on turhautunut jostakin, -oletettavasti- ja hakee hyv\u00e4ksynt\u00e4\u00e4 hahmoilta, joita voi luonnehtia &#8221;<em>korttelin kusp\u00e4isimmiksi<\/em> <em>kundeiksi<\/em>&#8221;:&#8217;<\/p>\n<blockquote><p>T\u00e4m\u00e4nkaltainen henkil\u00f6 ei osaa\/viitsi huomioida muita, eik\u00e4 k\u00e4ytt\u00e4ytymiss\u00e4\u00e4nt\u00f6j\u00e4, vaan \u00f6ykk\u00e4ilee mahdollisimman vastenmielisesti, -ja saattaa jopa saada siit\u00e4 ylim\u00e4\u00e4r\u00e4isi\u00e4 kiksej\u00e4?<\/p><\/blockquote>\n<p>Kuvattuun persoonallisuush\u00e4ir\u00f6iseen tyyppiin voidaan lukea -erdon lis\u00f6ksi- mm. <strong>Pohjois-Korean<\/strong> rakettiukko <strong>Kim<\/strong> (en muista j\u00e4rjestysnumeroa), ja Ven\u00e4j\u00e4n <strong>Vladimir Putin,<\/strong> -joka saanee pian epiteetin tsaristisen perinteen mukaan (suuri?, julma? -vain <em>Jaroslav viisas<\/em> ei kelpaa esikuvaksi &#8211;<strong>Kiova<\/strong>n hallitsijana, ellei muustakin syyst\u00e4?)<\/p>\n<blockquote><p>Toki, Trump on ep\u00e4r\u00f6im\u00e4tt\u00e4 pett\u00e4nyt Yhdysvaltain perinteiset liittolaiset, <strong>NATO<\/strong>:n, <strong>Taiwan<\/strong>in, etc., mutta n\u00e4it\u00e4 kulman-kundi -kavereitaan h\u00e4n ei pet\u00e4? -Ellei nyt Erdogania?<\/p><\/blockquote>\n<p>Muslimiveljeskunta onnistui saamaan oman miehens\u00e4 presidentiksi <strong>Egypti<\/strong>in, &#8211;<strong>Mursi<\/strong>n- mutta onneksi Egyptin armeijan hyv\u00e4t ihmiset tekiv\u00e4t sotilasvallankaappauksen. Miss\u00e4 m\u00e4\u00e4rin veljeskunta auttoi Erdogania, se j\u00e4\u00e4 tarkasteluun.<\/p>\n<p><strong>Qatar<\/strong>in emiirikunta mainitaan usein Muslimiveljeskunnan vaikutuksen alaisena. Qatar on my\u00f6s Yhdysvaltain yhteiskumppani, jolla oli rooli <strong>Gazan-kaistan<\/strong> sotkun selvitt\u00e4misess\u00e4. Saudi-lehti kysyy, et\u00e4\u00e4nnytt\u00e4\u00e4k\u00f6 Trumpin p\u00e4\u00e4t\u00f6s Yhdysvaltoja Qatarista?<\/p>\n<figure id=\"attachment_10395\" aria-describedby=\"caption-attachment-10395\" style=\"width: 330px\" class=\"wp-caption aligncenter\"><img loading=\"lazy\" decoding=\"async\" class=\"wp-image-10395 size-full\" src=\"https:\/\/www.uutispeili.fi\/wp-content\/uploads\/2026\/01\/muslin-brotherhood000leima.png\" alt=\"\" width=\"330\" height=\"330\" srcset=\"https:\/\/www.uutispeili.fi\/wp-content\/uploads\/2026\/01\/muslin-brotherhood000leima.png 330w, https:\/\/www.uutispeili.fi\/wp-content\/uploads\/2026\/01\/muslin-brotherhood000leima-300x300.png 300w, https:\/\/www.uutispeili.fi\/wp-content\/uploads\/2026\/01\/muslin-brotherhood000leima-150x150.png 150w\" sizes=\"(max-width: 330px) 100vw, 330px\" \/><figcaption id=\"caption-attachment-10395\" class=\"wp-caption-text\">Muslim Brotherhood, leima.<\/figcaption><\/figure>\n<h2>Muslim Brotherhood, -vanhin islamistikonspiraatio<\/h2>\n<p><strong>Hassan al-Banna<\/strong> perusti Muslimiveljeskunnan Egyptiss\u00e4 vuonna 1928, ja Egypti oli my\u00f6s ensimm\u00e4inen valtio, jossa t\u00e4m\u00e4 salak\u00e4hm\u00e4ilev\u00e4 j\u00e4rjest\u00f6 kiellettiin. Kun poliittinen islam n\u00e4ytt\u00e4ytyi p\u00e4iv\u00e4nlossa v.1979, &#8211;<strong>Mekan<\/strong> <strong>kapinan<\/strong> my\u00f6t\u00e4, veljeskunta piti roolinsa pysy\u00e4 taustalla, ja solmia lankoja.<\/p>\n<blockquote><p>Terroristij\u00e4rjest\u00f6j\u00e4 tulee ja menee, veljeskunta taustalla pysyy.<\/p><\/blockquote>\n<p>Yhdysvallat on siis julistanut Muslimiveljeskunnan kolme <strong>L\u00e4hi-id\u00e4n<\/strong> haaraa &#8211; <strong>libanonilaisen<\/strong>, <strong>jordanialaisen<\/strong> \u200b\u200bja <strong>egyptil\u00e4isen<\/strong> osaston- terroristij\u00e4rjest\u00f6iksi, ja asettaa niille ja niiden j\u00e4senille pakotteita.<\/p>\n<blockquote><p>P\u00e4\u00e4t\u00f6ksell\u00e4 voi olla vaikutuksia Yhdysvaltojen suhteisiin liittolaistensa Qatarin ja Turkin kanssa, kysyy saudi-toimittaja.<\/p><\/blockquote>\n<p><strong>Yhdysvaltain ulkoministeri\u00f6<\/strong> luokitteli veljeskunnan <strong>Libanon<\/strong>in haaran <em>ulkomaiseksi terroristij\u00e4rjest\u00f6ksi<\/em>, mik\u00e4 on vakavin luokittelutyyppi, ja tekee ryhm\u00e4n aineellisen tukemisen Yhdysvalloissa rikokseksi.<\/p>\n<p><strong>Jordania<\/strong>n ja Egyptin haarat listattiin valtiovarainministeri\u00f6ss\u00e4 erityisesti nimettyjen globaalien terroristien joukkoon <strong>Hamas<\/strong>in tukemisen vuoksi. -Samalla tuli kirjattua, ett\u00e4 Hamas kuuluu veljeskunnan rypp\u00e4\u00e4seen. <strong>Turkin<\/strong> tuki Hamasille on sitten ollut keskustelunaiheena ennenkin.<\/p>\n<p>\u201d<em>N\u00e4m\u00e4 nimitykset heijastavat jatkuvan ja pitk\u00e4j\u00e4nteisen pyrkimyksen alkua Muslimiveljeskunnan osastojen v\u00e4kivallan ja ep\u00e4vakauden est\u00e4miseksi miss\u00e4 tahansa niit\u00e4 esiintyykin<\/em>\u201d, ulkoministeri <strong>Marco Rubi<\/strong>o sanoi lausunnossaan.<\/p>\n<blockquote><p>\u201dYhdysvallat tulee k\u00e4ytt\u00e4m\u00e4\u00e4n kaikkia k\u00e4ytett\u00e4viss\u00e4 olevia v\u00e4lineit\u00e4 riist\u00e4\u00e4kseen n\u00e4ilt\u00e4 Muslimiveljeskunnan osastoilta resurssit terrorismin harjoittamiseen tai tukemiseen\u201d, sanoi Rubio.<\/p><\/blockquote>\n<p>Oikein hyv\u00e4, Mr.Rubio! -Mutta mik\u00e4 t\u00e4\u00e4 on??<\/p>\n<p><img loading=\"lazy\" decoding=\"async\" class=\"aligncenter wp-image-9282 size-full\" src=\"https:\/\/www.uutispeili.fi\/wp-content\/uploads\/2025\/11\/al-sharaa-rubio10112025-800445.png\" alt=\"\" width=\"800\" height=\"445\" srcset=\"https:\/\/www.uutispeili.fi\/wp-content\/uploads\/2025\/11\/al-sharaa-rubio10112025-800445.png 800w, https:\/\/www.uutispeili.fi\/wp-content\/uploads\/2025\/11\/al-sharaa-rubio10112025-800445-300x167.png 300w, https:\/\/www.uutispeili.fi\/wp-content\/uploads\/2025\/11\/al-sharaa-rubio10112025-800445-768x427.png 768w\" sizes=\"(max-width: 800px) 100vw, 800px\" \/><\/p>\n<p>Luettavaa:<\/p>\n<ul>\n<li><a href=\"https:\/\/english.alarabiya.net\/News\/united-states\/2026\/01\/13\/trump-administration-labels-three-muslim-brotherhood-branches-as-terrorist-organizations-\" target=\"_blank\" rel=\"noopener\"><strong>al-Arabiya<\/strong><\/a> 13.01. 2026<\/li>\n<\/ul>\n<p>Aiemmissa julkaisuissa:<\/p>\n<p>26.11. 2025:<\/p>\n<blockquote class=\"wp-embedded-content\" data-secret=\"QlX9Gv7zqm\"><p><a href=\"https:\/\/www.uutispeili.fi\/index.php\/2025\/11\/26\/trump-kaynnisti-muslim-brotherhoodin-luokittamisen-ulkomaiseksi-terroristijarjestoksi\/\">Trump k\u00e4ynnisti &#8217;Muslim Brotherhoodin&#8217; luokittamisen &#8217;ulkomaiseksi terroristij\u00e4rjest\u00f6ksi&#8217;<\/a><\/p><\/blockquote>\n<p><iframe class=\"wp-embedded-content\" sandbox=\"allow-scripts\" security=\"restricted\" style=\"position: absolute; clip: rect(1px, 1px, 1px, 1px);\" title=\"&#8221;Trump k\u00e4ynnisti &#8217;Muslim Brotherhoodin&#8217; luokittamisen &#8217;ulkomaiseksi terroristij\u00e4rjest\u00f6ksi&#8217;&#8221; &#8212; \" src=\"https:\/\/www.uutispeili.fi\/index.php\/2025\/11\/26\/trump-kaynnisti-muslim-brotherhoodin-luokittamisen-ulkomaiseksi-terroristijarjestoksi\/embed\/#?secret=7qwASsG3We#?secret=QlX9Gv7zqm\" data-secret=\"QlX9Gv7zqm\" width=\"600\" height=\"338\" frameborder=\"0\" marginwidth=\"0\" marginheight=\"0\" scrolling=\"no\"><\/iframe><\/p>\n<p>13.08. 2025:<\/p>\n<blockquote class=\"wp-embedded-content\" data-secret=\"a9ZZA5Q6fZ\"><p><a href=\"https:\/\/www.uutispeili.fi\/index.php\/2025\/08\/13\/rubio-sanoo-muslim-brotherhood-on-terroristijarjesto\/\">Rubio sanoo: &#8217;Muslim Brotherhood&#8217; on terroristij\u00e4rjest\u00f6<\/a><\/p><\/blockquote>\n<p><iframe class=\"wp-embedded-content\" sandbox=\"allow-scripts\" security=\"restricted\" style=\"position: absolute; clip: rect(1px, 1px, 1px, 1px);\" title=\"&#8221;Rubio sanoo: &#8217;Muslim Brotherhood&#8217; on terroristij\u00e4rjest\u00f6&#8221; &#8212; \" src=\"https:\/\/www.uutispeili.fi\/index.php\/2025\/08\/13\/rubio-sanoo-muslim-brotherhood-on-terroristijarjesto\/embed\/#?secret=bVy2H8PsEj#?secret=a9ZZA5Q6fZ\" data-secret=\"a9ZZA5Q6fZ\" width=\"600\" height=\"338\" frameborder=\"0\" marginwidth=\"0\" marginheight=\"0\" scrolling=\"no\"><\/iframe><\/p>\n<p>12.12. 2024:<\/p>\n<blockquote class=\"wp-embedded-content\" data-secret=\"Va80I7hejL\"><p><a href=\"https:\/\/www.uutispeili.fi\/index.php\/2024\/12\/12\/syyrian-tuore-hallinto-jaadytti-perustuslain-kurdihallinto-sovinnollinen-damaskoksen-suuntaan\/\">Syyrian tuore hallinto j\u00e4\u00e4dytti perustuslain, &#8217;kurdihallinto&#8217; sovinnollinen Damaskoksen suuntaan<\/a><\/p><\/blockquote>\n<p><iframe class=\"wp-embedded-content\" sandbox=\"allow-scripts\" security=\"restricted\" style=\"position: absolute; clip: rect(1px, 1px, 1px, 1px);\" title=\"&#8221;Syyrian tuore hallinto j\u00e4\u00e4dytti perustuslain, &#8217;kurdihallinto&#8217; sovinnollinen Damaskoksen suuntaan&#8221; &#8212; \" src=\"https:\/\/www.uutispeili.fi\/index.php\/2024\/12\/12\/syyrian-tuore-hallinto-jaadytti-perustuslain-kurdihallinto-sovinnollinen-damaskoksen-suuntaan\/embed\/#?secret=PyGjpFeKaM#?secret=Va80I7hejL\" data-secret=\"Va80I7hejL\" width=\"600\" height=\"338\" frameborder=\"0\" marginwidth=\"0\" marginheight=\"0\" scrolling=\"no\"><\/iframe><\/p>\n<p>30.09. 2025:<\/p>\n<blockquote class=\"wp-embedded-content\" data-secret=\"HwchUTSjxn\"><p><a href=\"https:\/\/www.uutispeili.fi\/index.php\/2025\/09\/30\/qatar-egypti-ja-turkki-taivuttelevat-hamasia-hyvaksymaan-trumpin-rauhansuunnitelman\/\">Qatar, Egypti ja Turkki taivuttelevat Hamasia hyv\u00e4ksym\u00e4\u00e4n Trumpin rauhansuunnitelman<\/a><\/p><\/blockquote>\n<p><iframe class=\"wp-embedded-content\" sandbox=\"allow-scripts\" security=\"restricted\" style=\"position: absolute; clip: rect(1px, 1px, 1px, 1px);\" title=\"&#8221;Qatar, Egypti ja Turkki taivuttelevat Hamasia hyv\u00e4ksym\u00e4\u00e4n Trumpin rauhansuunnitelman&#8221; &#8212; \" src=\"https:\/\/www.uutispeili.fi\/index.php\/2025\/09\/30\/qatar-egypti-ja-turkki-taivuttelevat-hamasia-hyvaksymaan-trumpin-rauhansuunnitelman\/embed\/#?secret=8ldWThtTHp#?secret=HwchUTSjxn\" data-secret=\"HwchUTSjxn\" width=\"600\" height=\"338\" frameborder=\"0\" marginwidth=\"0\" marginheight=\"0\" scrolling=\"no\"><\/iframe><\/p>\n<p>07.01. 2026:<\/p>\n<blockquote class=\"wp-embedded-content\" data-secret=\"h0PJG1fsI9\"><p><a href=\"https:\/\/www.uutispeili.fi\/index.php\/2026\/01\/07\/syyrian-hallituksen-joukot-ja-kurdit-ottaneet-yhteen-aleppossa-kurdikomentaja-varoittaa-etnisista-yhteenotoista\/\">Syyrian hallituksen joukot ja kurdit ottaneet yhteen Aleppossa, kurdikomentaja varoittaa etnisist\u00e4 puhdistuksista<\/a><\/p><\/blockquote>\n<p><iframe class=\"wp-embedded-content\" sandbox=\"allow-scripts\" security=\"restricted\" style=\"position: absolute; clip: rect(1px, 1px, 1px, 1px);\" title=\"&#8221;Syyrian hallituksen joukot ja kurdit ottaneet yhteen Aleppossa, kurdikomentaja varoittaa etnisist\u00e4 puhdistuksista&#8221; &#8212; \" src=\"https:\/\/www.uutispeili.fi\/index.php\/2026\/01\/07\/syyrian-hallituksen-joukot-ja-kurdit-ottaneet-yhteen-aleppossa-kurdikomentaja-varoittaa-etnisista-yhteenotoista\/embed\/#?secret=K9LXNrWh9w#?secret=h0PJG1fsI9\" data-secret=\"h0PJG1fsI9\" width=\"600\" height=\"338\" frameborder=\"0\" marginwidth=\"0\" marginheight=\"0\" scrolling=\"no\"><\/iframe><\/p>\n<p>10.11. 2025:<\/p>\n<blockquote class=\"wp-embedded-content\" data-secret=\"iHpsc4aGzw\"><p><a href=\"https:\/\/www.uutispeili.fi\/index.php\/2025\/11\/10\/al-sharaa-washingtonissa\/\">Al-Shara&#8217;a Washingtonissa<\/a><\/p><\/blockquote>\n<p><iframe class=\"wp-embedded-content\" sandbox=\"allow-scripts\" security=\"restricted\" style=\"position: absolute; clip: rect(1px, 1px, 1px, 1px);\" title=\"&#8221;Al-Shara&#8217;a Washingtonissa&#8221; &#8212; \" src=\"https:\/\/www.uutispeili.fi\/index.php\/2025\/11\/10\/al-sharaa-washingtonissa\/embed\/#?secret=GpNJp1Zvgp#?secret=iHpsc4aGzw\" data-secret=\"iHpsc4aGzw\" width=\"600\" height=\"338\" frameborder=\"0\" marginwidth=\"0\" marginheight=\"0\" scrolling=\"no\"><\/iframe><\/p>\n<p>08.10. 2025:<\/p>\n<blockquote class=\"wp-embedded-content\" data-secret=\"uHKOJzFz1b\"><p><a href=\"https:\/\/www.uutispeili.fi\/index.php\/2025\/10\/08\/turkilla-tiedettya-suurempi-rooli-gaza-sotkun-selvittamisessa\/\">Turkilla tiedetty\u00e4 suurempi rooli Gaza-sotkun selvitt\u00e4misess\u00e4<\/a><\/p><\/blockquote>\n<p><iframe class=\"wp-embedded-content\" sandbox=\"allow-scripts\" security=\"restricted\" style=\"position: absolute; clip: rect(1px, 1px, 1px, 1px);\" title=\"&#8221;Turkilla tiedetty\u00e4 suurempi rooli Gaza-sotkun selvitt\u00e4misess\u00e4&#8221; &#8212; \" src=\"https:\/\/www.uutispeili.fi\/index.php\/2025\/10\/08\/turkilla-tiedettya-suurempi-rooli-gaza-sotkun-selvittamisessa\/embed\/#?secret=bHKocDRZft#?secret=uHKOJzFz1b\" data-secret=\"uHKOJzFz1b\" width=\"600\" height=\"338\" frameborder=\"0\" marginwidth=\"0\" marginheight=\"0\" scrolling=\"no\"><\/iframe><\/p>\n","protected":false},"excerpt":{"rendered":"<p>Yhdysvaltain presidentin Donald Trumpin p\u00e4\u00e4t\u00f6s todeta terroristij\u00e4rjest\u00f6iksi osia &#8217;Muslimiveljeskunnasta&#8217; (Muslim Brotherhood) saattaa et\u00e4\u00e4nnytt\u00e4\u00e4 h\u00e4nt\u00e4 liittolaisestaan Turkin presidentist\u00e4, Recep Tayyip Erdoganista, arvelee saudilehti t\u00e4n\u00e4\u00e4n. Tarkastelemme. Lokakuussa 2019 silloin ensimm\u00e4ist\u00e4 kauttaan istuva Yhdysvaltain presidentti Donald Trump hy\u00f6l\u00e4si terroristij\u00e4rjest\u00f6 &#8217;islamilaisen valtion&#8221; (ISIS, ISIL, Da&#8217;esh) vastaisen sodan p\u00e4\u00e4liittolaisen -ja Syyrian alueella t\u00e4rkeimm\u00e4n toimijan- kurdien SDF:n, ja asettui tukemaan Erdoganin [&hellip;]<\/p>\n","protected":false},"author":3,"featured_media":10394,"comment_status":"open","ping_status":"open","sticky":false,"template":"","format":"standard","meta":{"footnotes":""},"categories":[31,117,212,116,123,1,127],"tags":[],"_links":{"self":[{"href":"https:\/\/www.uutispeili.fi\/index.php\/wp-json\/wp\/v2\/posts\/10390"}],"collection":[{"href":"https:\/\/www.uutispeili.fi\/index.php\/wp-json\/wp\/v2\/posts"}],"about":[{"href":"https:\/\/www.uutispeili.fi\/index.php\/wp-json\/wp\/v2\/types\/post"}],"author":[{"embeddable":true,"href":"https:\/\/www.uutispeili.fi\/index.php\/wp-json\/wp\/v2\/users\/3"}],"replies":[{"embeddable":true,"href":"https:\/\/www.uutispeili.fi\/index.php\/wp-json\/wp\/v2\/comments?post=10390"}],"version-history":[{"count":4,"href":"https:\/\/www.uutispeili.fi\/index.php\/wp-json\/wp\/v2\/posts\/10390\/revisions"}],"predecessor-version":[{"id":10400,"href":"https:\/\/www.uutispeili.fi\/index.php\/wp-json\/wp\/v2\/posts\/10390\/revisions\/10400"}],"wp:featuredmedia":[{"embeddable":true,"href":"https:\/\/www.uutispeili.fi\/index.php\/wp-json\/wp\/v2\/media\/10394"}],"wp:attachment":[{"href":"https:\/\/www.uutispeili.fi\/index.php\/wp-json\/wp\/v2\/media?parent=10390"}],"wp:term":[{"taxonomy":"category","embeddable":true,"href":"https:\/\/www.uutispeili.fi\/index.php\/wp-json\/wp\/v2\/categories?post=10390"},{"taxonomy":"post_tag","embeddable":true,"href":"https:\/\/www.uutispeili.fi\/index.php\/wp-json\/wp\/v2\/tags?post=10390"}],"curies":[{"name":"wp","href":"https:\/\/api.w.org\/{rel}","templated":true}]}}