{"id":10324,"date":"2026-01-11T18:11:06","date_gmt":"2026-01-11T16:11:06","guid":{"rendered":"https:\/\/www.uutispeili.fi\/?p=10324"},"modified":"2026-02-21T22:43:23","modified_gmt":"2026-02-21T20:43:23","slug":"griippimetsasta-suomen-eduskuntaan-sitten-epahenkiloksi-ita-saksan-kavijoiden-tiet","status":"publish","type":"post","link":"https:\/\/www.uutispeili.fi\/index.php\/2026\/01\/11\/griippimetsasta-suomen-eduskuntaan-sitten-epahenkiloksi-ita-saksan-kavijoiden-tiet\/","title":{"rendered":"Griippimets\u00e4st\u00e4 Suomen eduskuntaan, -sitten ep\u00e4henkil\u00f6ksi: It\u00e4-Saksan k\u00e4vij\u00f6iden tiet"},"content":{"rendered":"<p><strong>Niin\u00e4 vuosikymmeni\u00e4, kun Suomessa oli YYA, ja ainakin Kekkosen varjo, tehtiin paljon sellaista, mik\u00e4 ei t\u00e4m\u00e4n p\u00e4iv\u00e4n normien mukaan kest\u00e4 p\u00e4iv\u00e4nvaloa. -Tekij\u00e4t j\u00e4iv\u00e4t keskuuteemme -jotkut jopa yhteiskunnallisiin asemiinsa, -jatkamaan vahingontekoa suomalaisille ja Suomen valtiolliselle suvereenisuudelle. Tarkastelemme.<\/strong><\/p>\n<p>(Kuvan aineisto: Ministerium f\u00fcr Staatsicherheit, Eduskunta.)<\/p>\n<h2>Tii- tii- tiitisenlista!?<\/h2>\n<p><strong>Saksalaisen diktatuurivaltion<\/strong> -ns. <em>It\u00e4-Saksan<\/em>&#8211; varjo seuraa <strong>Supo<\/strong>n entist\u00e4 johtajaa, vuosaarelaista <strong>Seppo<\/strong> <strong>Tiitist\u00e4<\/strong>, niin pitk\u00e4\u00e4n kun kukaan h\u00e4nt\u00e4 muistaa. T\u00e4m\u00e4n ikuisen stigman julkisuudessa tunnettu syy on silloisen <strong>presidentin<\/strong> tahdon toteuttaminen er\u00e4\u00e4n asiakirjan salaamisessa. Oli se oikein tai v\u00e4\u00e4rin, p\u00e4\u00e4t\u00f6s oli suomalaisen poliittisen perinteen mukainen. -Vaan koko poliittinen kulttuuri oli syv\u00e4lt\u00e4 jostakin.<\/p>\n<blockquote><p>Nostaessamme p\u00e4iv\u00e4nvaloon n\u00e4it\u00e4 nimi\u00e4, -henkil\u00f6it\u00e4 joilla saattoi olla koodinimi sek\u00e4 <strong>KGB<\/strong>:lt\u00e4 ett\u00e4 <strong>Stasi<\/strong>lta- teemme v\u00e4ltt\u00e4m\u00e4t\u00f6nt\u00e4 suomalaisen hallinnon, politiikan ja kulttuurin saneeraamista (-sis\u00e4lt\u00e4\u00e4 my\u00f6s &#8217;<em>tapahtuma-alan<\/em>&#8217;).<\/p><\/blockquote>\n<h2><em>&#8221;Kauhea joskin on puhdistusty\u00f6mme&#8230;&#8221;<\/em><\/h2>\n<p>Silt\u00e4 se saattaa n\u00e4ytt\u00e4\u00e4 70-luvulla <em>poliittisesti korrektien<\/em> silmiss\u00e4, mutta ihan ite t\u00e4t\u00e4 lauleskelitte, kun voimanne p\u00e4ivin\u00e4 estitte poliittisesti ei-korrektien henkil\u00f6iden etenemist\u00e4 suomalaisessa yhteiskunnassa. Teill\u00e4 itsell\u00e4nneh\u00e4n oli kaikkivoipa <strong>KGB-sertifikaatti<\/strong>?<\/p>\n<p>Ainakin <strong>Ulkoministeri\u00f6ss\u00e4<\/strong> ei ilman sit\u00e4 -ja <strong><em>kotiryss\u00e4\u00e4<\/em><\/strong>&#8211; virkauraa tehty? Jos tutkii esm. <strong>Jukka Seppisen<\/strong> kirjaa (vuodelta 2006), silloin raottaa 70-luvun nimien &#8217;<em>Pandoran lipasta<\/em>&#8217;. Rohkenemmeko? Niin tai\u00a0 ei, siteeraan;<\/p>\n<blockquote><p>&#8221;Mielenkiintoista tietenkin on, ett\u00e4 Suomen <strong>Bonn<\/strong>in (Saksan liittotasavallan p\u00e4\u00e4kaupungin) suurl\u00e4hetyst\u00f6n sis\u00e4isi\u00e4 ajatuksia 7.5. 1980 DDR:n turvallisuusministeri\u00f6\u00f6n Stasiin. &#8230; Peitetunnus <strong>XV872\/74<\/strong> toimitti samoihin aikoihin toisenkin&#8230;&#8221; (Seppinen, sivu 589).<\/p><\/blockquote>\n<p>Kuka oli &#8217;XV872\/74&#8217;? Selvi\u00e4\u00e4, ett\u00e4 h\u00e4nell\u00e4 oli my\u00f6hemmin mielenkiintoisia asemapaikkoja, ja sattui keskelle drastisia tapahtumia. -J\u00e4t\u00e4n tilinteon h\u00e4nelle itselleen. Moraali, tai joskus idealismi, saa ihmisen tekem\u00e4\u00e4n asioita. Kuten meid\u00e4t vaikenemaan t\u00e4ll\u00e4 kertaa. (OK?)<\/p>\n<p>Otsikkoni viittaa <strong>Greifswaldi<\/strong>in It\u00e4-Saksassa. Kaupungissa oli yliopisto, ja sinne rekryttiin my\u00f6s suomalaisia, -joilla tietenkin oli <strong>SKP:n stalinistisiiven<\/strong> sertifikaatti (mainetodistus). Tunnen\/tied\u00e4n siell\u00e4 k\u00e4yneit\u00e4.<\/p>\n<p>Er\u00e4\u00e4seen &#8217;<em>Griippimets\u00e4n<\/em>&#8217; (<strong>Greif<\/strong>, Griippi: ihmisi\u00e4 sy\u00f6v\u00e4 taruhirvi\u00f6) k\u00e4vij\u00e4\u00e4n tutustuin -ennen h\u00e4nen saksalaiseen diktatuurivaltioon matkustamistaan- ollessaan nuori radikaali. No, kun &#8221;<em>tietoisuus kehittyi<\/em>&#8221;, h\u00e4n muuttui. -Kuten kaikki muutkin.<\/p>\n<blockquote><p>Tie vei sitten saksalaiseen diktatuurivaltioon, ja sielt\u00e4 takaisin koti-Suomeen, -totalitarismia levitt\u00e4v\u00e4n vakoiluj\u00e4rjest\u00f6n rekister\u00f6ityn\u00e4 agenttina. Sattuuhan sit\u00e4.<\/p><\/blockquote>\n<p>Nimi\u00e4k\u00f6 odotatte? -Minulle riitt\u00e4\u00e4 yksi mediamurha vuosikymmeness\u00e4, ja kiinti\u00f6 tuli jo t\u00e4yteen.<\/p>\n<h2>Mahtava vuosi 1989<\/h2>\n<p>Marraskuun 9. vuonna 1989 on p\u00e4iv\u00e4, jota kaikki Suomessa eiv\u00e4t muistele. <strong>Berliinin muuri<\/strong> murtui. Piakkoin sen j\u00e4lkeen it\u00e4saksalaiset rynt\u00e4siv\u00e4t Stasin toimitaloon, ja estiv\u00e4t arkistojen h\u00e4vitt\u00e4misen -Voitte kuvitella sen pelon, joka her\u00e4si Stasi- ja KGB-kontaktoituneiden keskuudessa Suomessa.<\/p>\n<p><strong>Jouko Jokisalo<\/strong> -Stasi-nimelt\u00e4\u00e4n &#8221;<em>Boris<\/em>&#8221;- tuli itse julkisuuteen, ja tunnusti vakoilunsa saksalaisen diktatuurivaltion salaiselle poliisille. J\u00e4rkev\u00e4\u00e4, avointa h\u00e4nelt\u00e4, mutta ei vilpit\u00f6nt\u00e4: Jokke ei my\u00f6nt\u00e4nyt tekojensa moraalittomuutta, ja jatkoi esitelmi\u00e4\u00e4n &#8221;<em>rauhankasvattajana<\/em>&#8221;. Sattuuhan sit\u00e4.<\/p>\n<p>Muistan hyvin Berliinin-muurin murtumiseen jotenkin liittyv\u00e4n (ilta)tilaisuuden Helsingin &#8217;<strong><em>Vanhalla<\/em>&#8217;<\/strong>: Kahvilan puolelta salia kohti johtavalla k\u00e4yt\u00e4v\u00e4ll\u00e4 huomasin vastaantulijan, -er\u00e4\u00e4n tunnetun <em><strong>nuortaistolais<\/strong><\/em>-kasvon. Kun h\u00e4n k\u00e4veli yksin, -eik\u00e4 esiintynyt kenellek\u00e4\u00e4n- ilmeet ja mikroeleet paljastivat henkil\u00f6n syvimm\u00e4n tajunnantilan:<\/p>\n<blockquote><p>Kolme-nelj\u00e4kymment\u00e4 vuotta el\u00e4m\u00e4st\u00e4 maailmanvallankumoukselle -ja sosialismin riemuvoitolle, -ja toverit heittiv\u00e4t hanskat tiskiin.<\/p><\/blockquote>\n<p>Pys\u00e4ytin vanhan v\u00e4ittely-tuttuni, -tiesimme toisemme, ja poliittisen antagonismimme- ja sanoin h\u00e4nelle t\u00e4m\u00e4n lauseen: &#8221;<em>Se, ett\u00e4 kohtaamme t\u00e4n\u00e4\u00e4n t\u00e4\u00e4ll\u00e4, on <strong>historian<\/strong> <strong>dialektiikkaa<\/strong>. Vaikka sit\u00e4 sanaa ei saa en\u00e4\u00e4 k\u00e4ytt\u00e4\u00e4.<\/em>&#8221;<\/p>\n<p>Harvoin olen n\u00e4hnyt kenell\u00e4k\u00e4\u00e4n niin t\u00e4ydellist\u00e4 mielialan muutosta. V\u00e4ittelytuttuni ilme kirkastui, h\u00e4n nauroi vapautuneesti, -ja kuin ett\u00e4 olin parilla sanalla poistanut raskaan taakan; <em>Kun voit nauraa sille, se ei satuta<\/em>. Viel\u00e4 kaverin jatkaessa matkaansa kohti kahvilaa, n\u00e4in h\u00e4nen nauravan, ja k\u00e4velev\u00e4n jotenkin keventyneesti. -Mutta mist\u00e4 minullekin tuli hyv\u00e4 olo?<\/p>\n<blockquote><p>Hallinto, kulttuuri etc. on puhdistettava menneisyyden rakenteista, mutta emmeh\u00e4n me &#8217;noitavainoa&#8217; halua?<\/p><\/blockquote>\n<p>Mit\u00e4 n\u00e4m\u00e4 &#8217;<em>menneisyyden rakenteet<\/em>&#8217; olivat, ja mihin ne yh\u00e4 <strong>Neuvostoliiton hajoamisen<\/strong> j\u00e4lkeenkin pystyv\u00e4t, siit\u00e4 <strong>Vasemmistoliiton<\/strong> s\u00e4ihkyv\u00e4 puheenjohtaja, <strong>Suvi-Anne Siimes<\/strong>, sai niin karvaan kokemuksen, ett\u00e4 erosi puolueesta v.2007 -suoraan puheenjohtajan paikalta- ja kielt\u00e4ytyi eduskuntavaali-ehdokkuudestakin.<\/p>\n<h2><em>Varjopuoluekoneistot<\/em>, -miss\u00e4 kaikkialla?<\/h2>\n<blockquote><p>Siimes t\u00f6rm\u00e4si vauhdilla Vasemmistoliiton s\u00e4\u00e4nt\u00f6jen tuntemien elinten, -puoluekokous, puoluevaltuusto, etc.- ulkopuolella toimivaan <strong>apparaattiin<\/strong>, jonka p\u00e4\u00e4t\u00f6kset ohittivat demokraattisesti ja julkisesti n\u00e4kyv\u00e4ll\u00e4 tavalla tehdyt p\u00e4\u00e4t\u00f6kset ja kannanotot.<\/p><\/blockquote>\n<p>T\u00e4ss\u00e4 kaikessa haisi &#8217;<em>SKP:n maanalaisuuden kauden<\/em>&#8221; perinteet, ja KGB:n ja Stasin rutiinit. <em>Harmaat<\/em> <em>eminenssit<\/em> toivat tuntemattomasta paikasta uudet nuotit viel\u00e4 senkin j\u00e4lkeen, kun asioista oli muuta yhteisesti ja julkisesti sovittu\/p\u00e4\u00e4tetty. -Ja n\u00e4ill\u00e4 nuoteilla mentiin.<\/p>\n<p>Suvi-Annella oli osaamista, joka kelpasi my\u00f6s yksityisell\u00e4 sektorilla, joten h\u00e4n saattoi loikata pois hullunmyllyst\u00e4. Kaikille t\u00e4m\u00e4 ei ole mahdollista.<\/p>\n<h2><em>&#8221;On sovittu&#8221;<\/em><\/h2>\n<p>Siimes ei k\u00e4ytt\u00e4nyt v\u00e4liotsikon ilmaisua, mutta se kuvaa hyvin sit\u00e4 h\u00e4m\u00e4ryyteen piiloutuvan p\u00e4\u00e4t\u00f6ksenteon maailma, jonka h\u00e4n hylk\u00e4si. -Niin mist\u00e4 n\u00e4m\u00e4 sanat poimin?<\/p>\n<p>Suomen pitk\u00e4aikaisimman presidentin, <strong>Urho Kaleva Kekkosen<\/strong>, viimeisin\u00e4 virkavuosina, -kun ote p\u00e4\u00e4t\u00f6ksenteosta oli h\u00e4nelt\u00e4 jo kirvonnut- kuultiin n\u00e4m\u00e4 sanat niin usein, ett\u00e4 niist\u00e4 muodostui tuon aikakauden er\u00e4\u00e4nlainen avainsanonta.<\/p>\n<blockquote><p>&#8221;<strong><em>On-sovittua<\/em><\/strong>&#8221; ei kukaan uskaltanut uhmata, kun jo Kekkosen aktiiviaikana <strong>bysanttilaisuus<\/strong> asettui suomalaiseen poliittiseen p\u00e4\u00e4t\u00f6ksentekoon.-Se alkoi ulkopolitiikasta, jolla oli vain yksi t\u00e4rke\u00e4 ilmansuunta.<\/p><\/blockquote>\n<p>Ulkopolitiikasta bysanttilaisuus levisi sitten aivan kaikkeen. Kuvioon kuului, ettei &#8221;<em>sopimisen<\/em>&#8221; tapahtumapaikkaa ja osallisia saanut kysy\u00e4,-Silloinhan kysyj\u00e4 paljasti oman ulkopiiril\u00e4isyytens\u00e4, -ja veti p\u00e4\u00e4lleen <em>ep\u00e4illytt\u00e4v\u00e4n dissinentin<\/em> varjon.<\/p>\n<figure id=\"attachment_10327\" aria-describedby=\"caption-attachment-10327\" style=\"width: 800px\" class=\"wp-caption aligncenter\"><img loading=\"lazy\" decoding=\"async\" class=\"wp-image-10327 size-full\" src=\"https:\/\/www.uutispeili.fi\/wp-content\/uploads\/2026\/01\/tiitinen-kgb-stasi800445.png\" alt=\"\" width=\"800\" height=\"445\" srcset=\"https:\/\/www.uutispeili.fi\/wp-content\/uploads\/2026\/01\/tiitinen-kgb-stasi800445.png 800w, https:\/\/www.uutispeili.fi\/wp-content\/uploads\/2026\/01\/tiitinen-kgb-stasi800445-300x167.png 300w, https:\/\/www.uutispeili.fi\/wp-content\/uploads\/2026\/01\/tiitinen-kgb-stasi800445-768x427.png 768w\" sizes=\"(max-width: 800px) 100vw, 800px\" \/><figcaption id=\"caption-attachment-10327\" class=\"wp-caption-text\">Kuvassa: seppo Tiitinen, KGB, Stasi.<\/figcaption><\/figure>\n<h2>Suomalainen demokratiavaje<\/h2>\n<blockquote><p>Kyll\u00e4, juuri sen salaiset verkostot tekiv\u00e4t meille: Ne kaappasivat vallan, joka ei niille kuulunut. -Eiv\u00e4tk\u00e4 halua luopua saaliistaan, -ja siirt\u00e4v\u00e4t metodiikkansa itse valitsemilleen seuraajille. T\u00e4st\u00e4 syyst\u00e4 &#8221;listat&#8221; on avattava, ja yhteiskuntael\u00e4m\u00e4 tervehdytett\u00e4v\u00e4. &#8221;<em>Viimeist\u00e4 piirtoa my\u00f6ten.<\/em>&#8221;<\/p><\/blockquote>\n<p>Mutta <strong>noitavainoja<\/strong> en halua, Aineistoa sellaiseen l\u00f6ytyisi vaikka kuinka paljon, -vaikka talikolla levitett\u00e4v\u00e4ksi.<\/p>\n<p>Er\u00e4\u00e4n &#8221;<em>Stasi-listan<\/em>&#8221; julkiseen pohtimiseen olen jo joutunut suhtautumaan: Poimin yhden nimen, ja selvitin: Aiheen suomalaisen viranomaisen tietopyynt\u00f6\u00f6n nykyisen yhdistyneen Saksan Stasi-aineistoja hallinnoivalle <strong>Gauck<\/strong>-virastolle -koskien ko.\u00a0 henkil\u00f6\u00e4- oli antanut aiheen kateellisen tekem\u00e4 vihamielinen ilmianto, -ilmeisen perusteeton. -Kysyin suoraan asianomaiselta, ja pid\u00e4n saamaani selityst\u00e4 totena. (Kryptaan t\u00e4m\u00e4nkin nimen: -Sinne meni!)<\/p>\n<p>Arvoisa lukija,<\/p>\n<p>T\u00e4m\u00e4n artikkelin alussa avasin -ja kryptasin- yhden johtolangan. Kiellostani huolimatta seuraat sit\u00e4, -eik\u00f6 niin? Tulet tiet\u00e4m\u00e4\u00e4n ne tuhannet (en liioittele) syyt, joiden takia p\u00e4\u00e4t\u00e4n tarkastelun sanoihin:<\/p>\n<blockquote><p>&#8217;T\u00e4h\u00e4n asti, ei pidemm\u00e4lle.&#8221; Job, 38\/11 <img loading=\"lazy\" decoding=\"async\" class=\"alignnone size-full wp-image-144\" src=\"https:\/\/www.uutispeili.fi\/wp-content\/uploads\/2023\/11\/di.gold_.gif\" alt=\"\" width=\"11\" height=\"11\" \/><\/p><\/blockquote>\n<p>Pekka Kemppainen<\/p>\n<p>11.01. 2026<\/p>\n<p>Liuettavaa:<\/p>\n<ul>\n<li><a href=\"https:\/\/www.iltalehti.fi\/politiikka\/a\/d716226b-9a67-44c6-bc2e-b845367eba27\" target=\"_blank\" rel=\"noopener\"><strong>Iltalehti<\/strong><\/a> 11.01. 2026: <a href=\"https:\/\/www.iltalehti.fi\/politiikka\/a\/d716226b-9a67-44c6-bc2e-b845367eba27\" target=\"_blank\" rel=\"noopener\">Stasi-salaisuuksien tutkinta t\u00f6rm\u00e4si sein\u00e4\u00e4n: Asiakirjoja ei anneta, nimi\u00e4 peitet\u00e4\u00e4n Suomalaisdiplomaatin nimi esiintyy Stasin ulkomaantiedustelun l\u00e4hes 200-sivuisessa kansiossa, josta Iltalehti sai haltuunsa vain yksitoista skannattua sivua<\/a>.<\/li>\n<li><strong>Jukka Seppinen<\/strong>: <em>Neuvostotiedustelu Suomessa 1917-1991 Strategia ja toiminta<\/em>. Ajatuskirjat 2006<img loading=\"lazy\" decoding=\"async\" class=\"alignnone wp-image-10334 size-medium\" src=\"https:\/\/www.uutispeili.fi\/wp-content\/uploads\/2026\/01\/seppinen-kirja0000-284x300.png\" alt=\"\" width=\"284\" height=\"300\" srcset=\"https:\/\/www.uutispeili.fi\/wp-content\/uploads\/2026\/01\/seppinen-kirja0000-284x300.png 284w, https:\/\/www.uutispeili.fi\/wp-content\/uploads\/2026\/01\/seppinen-kirja0000.png 575w\" sizes=\"(max-width: 284px) 100vw, 284px\" \/><br \/>\n,<\/li>\n<\/ul>\n<h2>Aihetta sivuten:<\/h2>\n<p>25.01. 2025:<\/p>\n<blockquote class=\"wp-embedded-content\" data-secret=\"NL8Yyeur52\"><p><a href=\"https:\/\/www.uutispeili.fi\/index.php\/2025\/01\/21\/supo-laahaa-jotain-perassaan\/\">Supo laahaa jotain per\u00e4ss\u00e4\u00e4n<\/a><\/p><\/blockquote>\n<p><iframe class=\"wp-embedded-content\" sandbox=\"allow-scripts\" security=\"restricted\" style=\"position: absolute; clip: rect(1px, 1px, 1px, 1px);\" title=\"&#8221;Supo laahaa jotain per\u00e4ss\u00e4\u00e4n&#8221; &#8212; \" src=\"https:\/\/www.uutispeili.fi\/index.php\/2025\/01\/21\/supo-laahaa-jotain-perassaan\/embed\/#?secret=bRuYKy4dTm#?secret=NL8Yyeur52\" data-secret=\"NL8Yyeur52\" width=\"600\" height=\"338\" frameborder=\"0\" marginwidth=\"0\" marginheight=\"0\" scrolling=\"no\"><\/iframe><\/p>\n<p>21.09. 2025:<\/p>\n<blockquote class=\"wp-embedded-content\" data-secret=\"clk2oxLXQK\"><p><a href=\"https:\/\/www.uutispeili.fi\/index.php\/2025\/09\/21\/suvi-anne-siimes-kohtasi-politiikassa-jotain-mita-kaikki-eivat-koskaan-huomaa-vaikka-osuisi-kohdalle\/\">Suvi-Anne Siimes kohtasi politiikassa jotain, mit\u00e4 kaikki eiv\u00e4t koskaan huomaa, -vaikka osuisi kohdalle<\/a><\/p><\/blockquote>\n<p><iframe class=\"wp-embedded-content\" sandbox=\"allow-scripts\" security=\"restricted\" style=\"position: absolute; clip: rect(1px, 1px, 1px, 1px);\" title=\"&#8221;Suvi-Anne Siimes kohtasi politiikassa jotain, mit\u00e4 kaikki eiv\u00e4t koskaan huomaa, -vaikka osuisi kohdalle&#8221; &#8212; \" src=\"https:\/\/www.uutispeili.fi\/index.php\/2025\/09\/21\/suvi-anne-siimes-kohtasi-politiikassa-jotain-mita-kaikki-eivat-koskaan-huomaa-vaikka-osuisi-kohdalle\/embed\/#?secret=KRt9gg7wKv#?secret=clk2oxLXQK\" data-secret=\"clk2oxLXQK\" width=\"600\" height=\"338\" frameborder=\"0\" marginwidth=\"0\" marginheight=\"0\" scrolling=\"no\"><\/iframe><\/p>\n<p>30.12. 2025:<\/p>\n<blockquote class=\"wp-embedded-content\" data-secret=\"hQFx2H4Luf\"><p><a href=\"https:\/\/www.uutispeili.fi\/index.php\/2025\/12\/30\/avoin-kirje-pinja-vuoriselle\/\">Avoin kirje Pinja Vuoriselle<\/a><\/p><\/blockquote>\n<p><iframe class=\"wp-embedded-content\" sandbox=\"allow-scripts\" security=\"restricted\" style=\"position: absolute; clip: rect(1px, 1px, 1px, 1px);\" title=\"&#8221;Avoin kirje Pinja Vuoriselle&#8221; &#8212; \" src=\"https:\/\/www.uutispeili.fi\/index.php\/2025\/12\/30\/avoin-kirje-pinja-vuoriselle\/embed\/#?secret=AZF0uEqgtJ#?secret=hQFx2H4Luf\" data-secret=\"hQFx2H4Luf\" width=\"600\" height=\"338\" frameborder=\"0\" marginwidth=\"0\" marginheight=\"0\" scrolling=\"no\"><\/iframe><\/p>\n<p>08.08. 2025:<\/p>\n<blockquote class=\"wp-embedded-content\" data-secret=\"Ago898tjnP\"><p><a href=\"https:\/\/www.uutispeili.fi\/index.php\/2025\/08\/08\/jarjestotoiminta-kasvatti-heidat-ja-veronmaksaja-elattaa\/\">&#8221;J\u00e4rjest\u00f6toiminta kasvatti heid\u00e4t&#8221; -ja veronmaksaja el\u00e4tt\u00e4\u00e4<\/a><\/p><\/blockquote>\n<p><iframe class=\"wp-embedded-content\" sandbox=\"allow-scripts\" security=\"restricted\" style=\"position: absolute; clip: rect(1px, 1px, 1px, 1px);\" title=\"&#8221;&#8221;J\u00e4rjest\u00f6toiminta kasvatti heid\u00e4t&#8221; -ja veronmaksaja el\u00e4tt\u00e4\u00e4&#8221; &#8212; \" src=\"https:\/\/www.uutispeili.fi\/index.php\/2025\/08\/08\/jarjestotoiminta-kasvatti-heidat-ja-veronmaksaja-elattaa\/embed\/#?secret=QyVBi8ShTd#?secret=Ago898tjnP\" data-secret=\"Ago898tjnP\" width=\"600\" height=\"338\" frameborder=\"0\" marginwidth=\"0\" marginheight=\"0\" scrolling=\"no\"><\/iframe><\/p>\n<p>13.11. 2025:<\/p>\n<blockquote class=\"wp-embedded-content\" data-secret=\"mrexSIrEY1\"><p><a href=\"https:\/\/www.uutispeili.fi\/index.php\/2025\/11\/13\/poliittinen-ikkunoidenkivitys-kilpailu-on-turhaa-ja-vahingollista\/\">Poliittinen ikkunoidenkivitys-kilpailu on turhaa, -ja vahingollista<\/a><\/p><\/blockquote>\n<p><iframe class=\"wp-embedded-content\" sandbox=\"allow-scripts\" security=\"restricted\" style=\"position: absolute; clip: rect(1px, 1px, 1px, 1px);\" title=\"&#8221;Poliittinen ikkunoidenkivitys-kilpailu on turhaa, -ja vahingollista&#8221; &#8212; \" src=\"https:\/\/www.uutispeili.fi\/index.php\/2025\/11\/13\/poliittinen-ikkunoidenkivitys-kilpailu-on-turhaa-ja-vahingollista\/embed\/#?secret=Bcdf8I0LlK#?secret=mrexSIrEY1\" data-secret=\"mrexSIrEY1\" width=\"600\" height=\"338\" frameborder=\"0\" marginwidth=\"0\" marginheight=\"0\" scrolling=\"no\"><\/iframe><\/p>\n<p>27.03. 2024:<\/p>\n<blockquote class=\"wp-embedded-content\" data-secret=\"sbckY5EorT\"><p><a href=\"https:\/\/www.uutispeili.fi\/index.php\/2024\/03\/27\/kun-hallinto-tuplaantui-niin-ketka-sinne-asettuivat\/\">Kun hallinto tuplaantui, -niin ketk\u00e4 sinne asettuivat?<\/a><\/p><\/blockquote>\n<p><iframe class=\"wp-embedded-content\" sandbox=\"allow-scripts\" security=\"restricted\" style=\"position: absolute; clip: rect(1px, 1px, 1px, 1px);\" title=\"&#8221;Kun hallinto tuplaantui, -niin ketk\u00e4 sinne asettuivat?&#8221; &#8212; \" src=\"https:\/\/www.uutispeili.fi\/index.php\/2024\/03\/27\/kun-hallinto-tuplaantui-niin-ketka-sinne-asettuivat\/embed\/#?secret=FOKJ2gTyXW#?secret=sbckY5EorT\" data-secret=\"sbckY5EorT\" width=\"600\" height=\"338\" frameborder=\"0\" marginwidth=\"0\" marginheight=\"0\" scrolling=\"no\"><\/iframe><\/p>\n<p>24.09. 2025:<\/p>\n<blockquote class=\"wp-embedded-content\" data-secret=\"cS5tuwobxS\"><p><a href=\"https:\/\/www.uutispeili.fi\/index.php\/2025\/09\/24\/hattuilun-taito-1-oppitunti\/\">&#8217;Hattuilun taito&#8217;, -1. oppitunti<\/a><\/p><\/blockquote>\n<p><iframe class=\"wp-embedded-content\" sandbox=\"allow-scripts\" security=\"restricted\" style=\"position: absolute; clip: rect(1px, 1px, 1px, 1px);\" title=\"&#8221;&#8217;Hattuilun taito&#8217;, -1. oppitunti&#8221; &#8212; \" src=\"https:\/\/www.uutispeili.fi\/index.php\/2025\/09\/24\/hattuilun-taito-1-oppitunti\/embed\/#?secret=wJGDGrPYXz#?secret=cS5tuwobxS\" data-secret=\"cS5tuwobxS\" width=\"600\" height=\"338\" frameborder=\"0\" marginwidth=\"0\" marginheight=\"0\" scrolling=\"no\"><\/iframe><\/p>\n<p>06.01. 2024:<\/p>\n<blockquote class=\"wp-embedded-content\" data-secret=\"0IgHoOZxeP\"><p><a href=\"https:\/\/www.uutispeili.fi\/index.php\/2024\/01\/06\/nato-vastustajien-liikekannallepano-yltaa-jo-pahnanpohjimmaisiin\/\">NATO-vastustajien liikekannallepano ylt\u00e4\u00e4 jo pahnanpohjimmaisiin<\/a><\/p><\/blockquote>\n<p><iframe class=\"wp-embedded-content\" sandbox=\"allow-scripts\" security=\"restricted\" style=\"position: absolute; clip: rect(1px, 1px, 1px, 1px);\" title=\"&#8221;NATO-vastustajien liikekannallepano ylt\u00e4\u00e4 jo pahnanpohjimmaisiin&#8221; &#8212; \" src=\"https:\/\/www.uutispeili.fi\/index.php\/2024\/01\/06\/nato-vastustajien-liikekannallepano-yltaa-jo-pahnanpohjimmaisiin\/embed\/#?secret=HJwseHCa47#?secret=0IgHoOZxeP\" data-secret=\"0IgHoOZxeP\" width=\"600\" height=\"338\" frameborder=\"0\" marginwidth=\"0\" marginheight=\"0\" scrolling=\"no\"><\/iframe><\/p>\n<p>02.09. 2024:<\/p>\n<blockquote class=\"wp-embedded-content\" data-secret=\"wzvbHNRkJS\"><p><a href=\"https:\/\/www.uutispeili.fi\/index.php\/2024\/09\/02\/kekkosen-syntymasta-tasavuodet-mies-elamantyo-ja-saamatta-jaaneet-kiitokset\/\">Kekkosen syntym\u00e4st\u00e4 tasavuodet: Mies, el\u00e4m\u00e4nty\u00f6 ja saamatta j\u00e4\u00e4neet kiitokset<\/a><\/p><\/blockquote>\n<p><iframe class=\"wp-embedded-content\" sandbox=\"allow-scripts\" security=\"restricted\" style=\"position: absolute; clip: rect(1px, 1px, 1px, 1px);\" title=\"&#8221;Kekkosen syntym\u00e4st\u00e4 tasavuodet: Mies, el\u00e4m\u00e4nty\u00f6 ja saamatta j\u00e4\u00e4neet kiitokset&#8221; &#8212; \" src=\"https:\/\/www.uutispeili.fi\/index.php\/2024\/09\/02\/kekkosen-syntymasta-tasavuodet-mies-elamantyo-ja-saamatta-jaaneet-kiitokset\/embed\/#?secret=WX4tcca6aH#?secret=wzvbHNRkJS\" data-secret=\"wzvbHNRkJS\" width=\"600\" height=\"338\" frameborder=\"0\" marginwidth=\"0\" marginheight=\"0\" scrolling=\"no\"><\/iframe><\/p>\n<p>08.04. 2024:<\/p>\n<blockquote class=\"wp-embedded-content\" data-secret=\"NF7rQfsV72\"><p><a href=\"https:\/\/www.uutispeili.fi\/index.php\/2024\/04\/08\/esko-juhani-tennila-viimeinen-korpikommunisti\/\">Esko-Juhani Tennil\u00e4, -viimeinen korpikommunisti<\/a><\/p><\/blockquote>\n<p><iframe class=\"wp-embedded-content\" sandbox=\"allow-scripts\" security=\"restricted\" style=\"position: absolute; clip: rect(1px, 1px, 1px, 1px);\" title=\"&#8221;Esko-Juhani Tennil\u00e4, -viimeinen korpikommunisti&#8221; &#8212; \" src=\"https:\/\/www.uutispeili.fi\/index.php\/2024\/04\/08\/esko-juhani-tennila-viimeinen-korpikommunisti\/embed\/#?secret=cLtyY0n8UM#?secret=NF7rQfsV72\" data-secret=\"NF7rQfsV72\" width=\"600\" height=\"338\" frameborder=\"0\" marginwidth=\"0\" marginheight=\"0\" scrolling=\"no\"><\/iframe><\/p>\n","protected":false},"excerpt":{"rendered":"<p>Niin\u00e4 vuosikymmeni\u00e4, kun Suomessa oli YYA, ja ainakin Kekkosen varjo, tehtiin paljon sellaista, mik\u00e4 ei t\u00e4m\u00e4n p\u00e4iv\u00e4n normien mukaan kest\u00e4 p\u00e4iv\u00e4nvaloa. -Tekij\u00e4t j\u00e4iv\u00e4t keskuuteemme -jotkut jopa yhteiskunnallisiin asemiinsa, -jatkamaan vahingontekoa suomalaisille ja Suomen valtiolliselle suvereenisuudelle. Tarkastelemme. (Kuvan aineisto: Ministerium f\u00fcr Staatsicherheit, Eduskunta.) Tii- tii- tiitisenlista!? Saksalaisen diktatuurivaltion -ns. It\u00e4-Saksan&#8211; varjo seuraa Supon entist\u00e4 johtajaa, vuosaarelaista [&hellip;]<\/p>\n","protected":false},"author":3,"featured_media":10332,"comment_status":"open","ping_status":"open","sticky":false,"template":"","format":"standard","meta":{"footnotes":""},"categories":[31],"tags":[],"_links":{"self":[{"href":"https:\/\/www.uutispeili.fi\/index.php\/wp-json\/wp\/v2\/posts\/10324"}],"collection":[{"href":"https:\/\/www.uutispeili.fi\/index.php\/wp-json\/wp\/v2\/posts"}],"about":[{"href":"https:\/\/www.uutispeili.fi\/index.php\/wp-json\/wp\/v2\/types\/post"}],"author":[{"embeddable":true,"href":"https:\/\/www.uutispeili.fi\/index.php\/wp-json\/wp\/v2\/users\/3"}],"replies":[{"embeddable":true,"href":"https:\/\/www.uutispeili.fi\/index.php\/wp-json\/wp\/v2\/comments?post=10324"}],"version-history":[{"count":9,"href":"https:\/\/www.uutispeili.fi\/index.php\/wp-json\/wp\/v2\/posts\/10324\/revisions"}],"predecessor-version":[{"id":11131,"href":"https:\/\/www.uutispeili.fi\/index.php\/wp-json\/wp\/v2\/posts\/10324\/revisions\/11131"}],"wp:featuredmedia":[{"embeddable":true,"href":"https:\/\/www.uutispeili.fi\/index.php\/wp-json\/wp\/v2\/media\/10332"}],"wp:attachment":[{"href":"https:\/\/www.uutispeili.fi\/index.php\/wp-json\/wp\/v2\/media?parent=10324"}],"wp:term":[{"taxonomy":"category","embeddable":true,"href":"https:\/\/www.uutispeili.fi\/index.php\/wp-json\/wp\/v2\/categories?post=10324"},{"taxonomy":"post_tag","embeddable":true,"href":"https:\/\/www.uutispeili.fi\/index.php\/wp-json\/wp\/v2\/tags?post=10324"}],"curies":[{"name":"wp","href":"https:\/\/api.w.org\/{rel}","templated":true}]}}