{"id":10280,"date":"2026-01-08T21:08:55","date_gmt":"2026-01-08T19:08:55","guid":{"rendered":"https:\/\/www.uutispeili.fi\/?p=10280"},"modified":"2026-01-08T21:08:55","modified_gmt":"2026-01-08T19:08:55","slug":"taistelut-jatkuvat-aleppossa-damaskoksen-hts-hallitus-aloittanut-kurdi-kaupunginosien-vaeston-siirrot","status":"publish","type":"post","link":"https:\/\/www.uutispeili.fi\/index.php\/2026\/01\/08\/taistelut-jatkuvat-aleppossa-damaskoksen-hts-hallitus-aloittanut-kurdi-kaupunginosien-vaeston-siirrot\/","title":{"rendered":"Taistelut jatkuvat Aleppossa, Damaskoksen HTS-hallitus aloittanut kurdi-kaupunginosien v\u00e4est\u00f6n siirrot"},"content":{"rendered":"<p><strong>Damaskoksessa istuva piilo-islamistinen hallitus on -suostuneena ulkomaailman odotuksiin- edennyt viime vuoden aikana Syyrian yhten\u00e4isyyden palauttamisessa. Kun tuloksia -kurdien hallintoelinten integroimista Damaskoksen hallintoon- piti saada vuoden 2025 loppuun menness\u00e4, n\u00e4emmekin aivan muuta.<\/strong><\/p>\n<p>T\u00e4n\u00e4\u00e4n torstaina luemme, ett\u00e4 taistelut Aleppon kaupungin kurdienemmist\u00f6isess\u00e4 osassa &#8211;<strong>Sheikh<\/strong> <strong>Maqsoud<\/strong>in ja <strong>Ashrafieh<\/strong>in kaupunginosissa- jatkuvat, ja Damaskoksen hallitus on m\u00e4\u00e4r\u00e4nnyt niiden asukkaita poistumaan nimettyj\u00e4 &#8221;<em>turvallisia reittej\u00e4<\/em>&#8221; pitkin torstain puoleenp\u00e4iv\u00e4\u00e4n menness\u00e4. Toiminta muistuttaa pahaenteisesti Syyriassa v.2024-2018 riehuneen &#8217;<strong><em>islamilaisen valtion<\/em><\/strong>&#8221; -Islamic states of Iraq and Syria, &#8221;<strong>ISIS<\/strong>&#8221;- terroristien, ja my\u00f6s <strong>Turkin<\/strong> tukeman <strong>SNA<\/strong>-proxyarmeijan toimintaa.<\/p>\n<p><a href=\"https:\/\/x.com\/ScharoMaroof\/status\/2009291532738670593\"><img loading=\"lazy\" decoding=\"async\" class=\"aligncenter wp-image-10283 size-full\" src=\"https:\/\/www.uutispeili.fi\/wp-content\/uploads\/2026\/01\/aleppo0801x.png\" alt=\"\" width=\"455\" height=\"464\" srcset=\"https:\/\/www.uutispeili.fi\/wp-content\/uploads\/2026\/01\/aleppo0801x.png 455w, https:\/\/www.uutispeili.fi\/wp-content\/uploads\/2026\/01\/aleppo0801x-294x300.png 294w\" sizes=\"(max-width: 455px) 100vw, 455px\" \/><\/a><\/p>\n<ul>\n<li>Linkiss\u00e4 video, <a href=\"https:\/\/x.com\/ScharoMaroof\/status\/2009291532738670593\" target=\"_blank\" rel=\"noopener\">https:\/\/x.com\/ScharoMaroof\/status\/2009291532738670593<\/a>,<\/li>\n<\/ul>\n<p><a href=\"https:\/\/x.com\/RojavaKrd\/status\/2009319483316338981\"><img loading=\"lazy\" decoding=\"async\" class=\"aligncenter wp-image-10286 size-full\" src=\"https:\/\/www.uutispeili.fi\/wp-content\/uploads\/2026\/01\/isis-aleppo0000x.jpg\" alt=\"\" width=\"570\" height=\"1028\" srcset=\"https:\/\/www.uutispeili.fi\/wp-content\/uploads\/2026\/01\/isis-aleppo0000x.jpg 570w, https:\/\/www.uutispeili.fi\/wp-content\/uploads\/2026\/01\/isis-aleppo0000x-166x300.jpg 166w, https:\/\/www.uutispeili.fi\/wp-content\/uploads\/2026\/01\/isis-aleppo0000x-568x1024.jpg 568w\" sizes=\"(max-width: 570px) 100vw, 570px\" \/><\/a><\/p>\n<p>Mainituilla toimijoilla on enemm\u00e4n tai v\u00e4hemm\u00e4n <strong><em>sunni-islamistinen<\/em><\/strong> luonne, ja ep\u00e4illysti Turkin poliittinen ja sotilaallinen tuki. -Kuten my\u00f6s <strong>al-Qaeda<\/strong>n syyrialaisella osastolla, <strong>Hay&#8217;at Tahrir al-Shsam<\/strong>illa (HTS).<\/p>\n<blockquote><p>HTS on nykyisin vallassa Syyriassa, -ja sen ovat uskonnolliset v\u00e4hemmist\u00f6t, jezidit, alawiirit, druusit ja kristityt saaneet kokea.<\/p><\/blockquote>\n<p><a href=\"https:\/\/x.com\/MediterrEmpier\/status\/2008931370806939855\" target=\"_blank\" rel=\"noopener\">Syyrialainen aktivisti<\/a> on jakanut meilleylemm\u00e4n kuvan -ja <strong><em>al-Jazeera<\/em><\/strong>n uutisen-Syyrian hallituksen turvajoukkojen j\u00e4senest\u00e4, joka ylpe\u00e4n\u00e4 pit\u00e4\u00e4 yh\u00e4 &#8221;ISIS:n&#8221; tunnusta asetakissaan. -Mik\u00e4s siin\u00e4: HTS:n -ennen <strong>al-Nusran rintama<\/strong>n- ja &#8221;ISIS:n&#8221; v\u00e4linen erimielisyys koskikin sit\u00e4, kummasta tulee maailman-kalifi: <strong>Osama Bin Ladin<\/strong>ista vaiko <strong>Abu Bakr al-Baghdadi<\/strong>sta. -T\u00e4n\u00e4\u00e4n molemmat ovat kuolleet.<\/p>\n<p><a href=\"https:\/\/x.com\/MediterrEmpier\/status\/2008931370806939855\"><img loading=\"lazy\" decoding=\"async\" class=\"aligncenter wp-image-10284 size-full\" src=\"https:\/\/www.uutispeili.fi\/wp-content\/uploads\/2026\/01\/hts-isis-jazeera07012026x.png\" alt=\"\" width=\"680\" height=\"360\" srcset=\"https:\/\/www.uutispeili.fi\/wp-content\/uploads\/2026\/01\/hts-isis-jazeera07012026x.png 680w, https:\/\/www.uutispeili.fi\/wp-content\/uploads\/2026\/01\/hts-isis-jazeera07012026x-300x159.png 300w\" sizes=\"(max-width: 680px) 100vw, 680px\" \/><\/a><\/p>\n<blockquote><p>Al Jazeera esitti videomateriaalia, jossa n\u00e4kyi HTS-terroristeja -heit\u00e4 kutsutaan nyt Syyrian armeijaksi- ISIS-iskulauseet rinnassaan. Videomateriaali julkaistiin ironisesti HTS-propagandan kontekstissa.<\/p><\/blockquote>\n<p>Monien syyrialaisten mielest\u00e4 nykyinen presidentti, <strong>Ahmad al-Shara&#8217;a<\/strong>, joka tunnettiin terroristiaikanaan taistelunimell\u00e4 <strong>al-Jolani<\/strong> (al-Jawlani), on k\u00e4yt\u00e4nn\u00f6ss\u00e4 &#8221;<em>ISIS-terroristi<\/em>&#8221;. -Ainakin h\u00e4nen k\u00e4denj\u00e4lkens\u00e4 tukee v\u00e4itett\u00e4.<\/p>\n<p>Aleppon kurdi-asukkaiden ei ilmeisesti sallita palata koteihinsa, vaan heid\u00e4n omaisuutensa annetaan sunni-islamisteille, joita Turkin islamistipresidentti <strong>Recep Tayyip Erdogan<\/strong> halusi Turkin-Syyrian rajan etel\u00e4puolelle, kun h\u00e4n aloitti lokakuussa 2019 hy\u00f6kk\u00e4yssotansa Syyriaan.<\/p>\n<p><strong><em>V\u00e4est\u00f6nvaihtoa<\/em><\/strong> -sit\u00e4h\u00e4n se on- Aleppon maakunnassa ajetaan l\u00e4pi nyt voimalla. Operaatiolla saattaa olla tukijoita sek\u00e4 l\u00e4hell\u00e4 ett\u00e4 kaukana.<\/p>\n<p>Pekka Kemppainen<\/p>\n<p>Luettavaa:<\/p>\n<ul>\n<li><a href=\"https:\/\/english.alarabiya.net\/News\/middle-east\/2026\/01\/08\/syrian-army-order-evacuations-as-heavy-fighting-continues-in-aleppo\" target=\"_blank\" rel=\"noopener\"><strong>al-Arabiya<\/strong><\/a> 08.01. 2026,<\/li>\n<\/ul>\n<p>Video: al-Jazeera 08.01. 2026:<\/p>\n<p><iframe loading=\"lazy\" title=\"Fighting between Syrian army, Kurdish-led SDF intensifies as thousands flee Aleppo\" src=\"https:\/\/www.youtube.com\/embed\/qLMOjKph31Q\" width=\"901\" height=\"258\" frameborder=\"0\" allowfullscreen=\"allowfullscreen\"><\/iframe><\/p>\n<p>07.01. 2026:<\/p>\n<blockquote class=\"wp-embedded-content\" data-secret=\"YsOCBW7j7P\"><p><a href=\"https:\/\/www.uutispeili.fi\/index.php\/2026\/01\/07\/syyrian-hallituksen-joukot-ja-kurdit-ottaneet-yhteen-aleppossa-kurdikomentaja-varoittaa-etnisista-yhteenotoista\/\">Syyrian hallituksen joukot ja kurdit ottaneet yhteen Aleppossa, kurdikomentaja varoittaa etnisist\u00e4 puhdistuksista<\/a><\/p><\/blockquote>\n<p><iframe class=\"wp-embedded-content\" sandbox=\"allow-scripts\" security=\"restricted\" style=\"position: absolute; clip: rect(1px, 1px, 1px, 1px);\" title=\"&#8221;Syyrian hallituksen joukot ja kurdit ottaneet yhteen Aleppossa, kurdikomentaja varoittaa etnisist\u00e4 puhdistuksista&#8221; &#8212; \" src=\"https:\/\/www.uutispeili.fi\/index.php\/2026\/01\/07\/syyrian-hallituksen-joukot-ja-kurdit-ottaneet-yhteen-aleppossa-kurdikomentaja-varoittaa-etnisista-yhteenotoista\/embed\/#?secret=rrp3iqbFdS#?secret=YsOCBW7j7P\" data-secret=\"YsOCBW7j7P\" width=\"600\" height=\"338\" frameborder=\"0\" marginwidth=\"0\" marginheight=\"0\" scrolling=\"no\"><\/iframe><\/p>\n","protected":false},"excerpt":{"rendered":"<p>Damaskoksessa istuva piilo-islamistinen hallitus on -suostuneena ulkomaailman odotuksiin- edennyt viime vuoden aikana Syyrian yhten\u00e4isyyden palauttamisessa. Kun tuloksia -kurdien hallintoelinten integroimista Damaskoksen hallintoon- piti saada vuoden 2025 loppuun menness\u00e4, n\u00e4emmekin aivan muuta. T\u00e4n\u00e4\u00e4n torstaina luemme, ett\u00e4 taistelut Aleppon kaupungin kurdienemmist\u00f6isess\u00e4 osassa &#8211;Sheikh Maqsoudin ja Ashrafiehin kaupunginosissa- jatkuvat, ja Damaskoksen hallitus on m\u00e4\u00e4r\u00e4nnyt niiden asukkaita poistumaan nimettyj\u00e4 [&hellip;]<\/p>\n","protected":false},"author":3,"featured_media":10287,"comment_status":"open","ping_status":"open","sticky":false,"template":"","format":"standard","meta":{"footnotes":""},"categories":[21],"tags":[],"_links":{"self":[{"href":"https:\/\/www.uutispeili.fi\/index.php\/wp-json\/wp\/v2\/posts\/10280"}],"collection":[{"href":"https:\/\/www.uutispeili.fi\/index.php\/wp-json\/wp\/v2\/posts"}],"about":[{"href":"https:\/\/www.uutispeili.fi\/index.php\/wp-json\/wp\/v2\/types\/post"}],"author":[{"embeddable":true,"href":"https:\/\/www.uutispeili.fi\/index.php\/wp-json\/wp\/v2\/users\/3"}],"replies":[{"embeddable":true,"href":"https:\/\/www.uutispeili.fi\/index.php\/wp-json\/wp\/v2\/comments?post=10280"}],"version-history":[{"count":4,"href":"https:\/\/www.uutispeili.fi\/index.php\/wp-json\/wp\/v2\/posts\/10280\/revisions"}],"predecessor-version":[{"id":10288,"href":"https:\/\/www.uutispeili.fi\/index.php\/wp-json\/wp\/v2\/posts\/10280\/revisions\/10288"}],"wp:featuredmedia":[{"embeddable":true,"href":"https:\/\/www.uutispeili.fi\/index.php\/wp-json\/wp\/v2\/media\/10287"}],"wp:attachment":[{"href":"https:\/\/www.uutispeili.fi\/index.php\/wp-json\/wp\/v2\/media?parent=10280"}],"wp:term":[{"taxonomy":"category","embeddable":true,"href":"https:\/\/www.uutispeili.fi\/index.php\/wp-json\/wp\/v2\/categories?post=10280"},{"taxonomy":"post_tag","embeddable":true,"href":"https:\/\/www.uutispeili.fi\/index.php\/wp-json\/wp\/v2\/tags?post=10280"}],"curies":[{"name":"wp","href":"https:\/\/api.w.org\/{rel}","templated":true}]}}