{"id":10251,"date":"2026-01-07T21:00:53","date_gmt":"2026-01-07T19:00:53","guid":{"rendered":"https:\/\/www.uutispeili.fi\/?p=10251"},"modified":"2026-01-07T21:26:51","modified_gmt":"2026-01-07T19:26:51","slug":"syyrian-hallituksen-joukot-ja-kurdit-ottaneet-yhteen-aleppossa-kurdikomentaja-varoittaa-etnisista-yhteenotoista","status":"publish","type":"post","link":"https:\/\/www.uutispeili.fi\/index.php\/2026\/01\/07\/syyrian-hallituksen-joukot-ja-kurdit-ottaneet-yhteen-aleppossa-kurdikomentaja-varoittaa-etnisista-yhteenotoista\/","title":{"rendered":"Syyrian hallituksen joukot ja kurdit ottaneet yhteen Aleppossa, kurdikomentaja varoittaa etnisist\u00e4 puhdistuksista"},"content":{"rendered":"<p><strong>Kurdijohtaja Masoud Barzani kehotti t\u00e4n\u00e4\u00e4n keskiviikkona Damaskolsen hallitusta &#8217;<em>olemaan muuttamatta poliittisia kiistoja etnisiksi konflikteiksi<\/em>&#8217; Aleppossa ja varoitti kurdikansalaisiin kohdistuvasta painostuksesta, v\u00e4kivallasta ja siirroista pois asuinalueiltaan.<\/strong><\/p>\n<p><strong>Koillis-Syyrian autonomisen alueen<\/strong> asevoimat -ns. <em>kurdiarmeija<\/em>\u00a0<strong>SDF-<\/strong> ja <strong>Damaskoksen<\/strong> hallituksen joukot ovat ottaneet tiistaina yhteen <strong>Aleppo<\/strong>n kaupungin kurdi-kaupunginosissa.<\/p>\n<p><strong>Masoud Barzani <\/strong> korosti, ett\u00e4 Aleppon kriisien jatkuessa kurdiasukkaiden ei pid\u00e4 kohdata etnist\u00e4 puhdistusta tai pakkosiirtoja esi-isiens\u00e4 kodeista.\u00a0 Syyrian hallituksen joukkojen ja (kurdien) sis\u00e4isten turvallisuusjoukkojen (<strong>Asayish<\/strong>) v\u00e4liset yhteenotot ja keskin\u00e4inen tulitus ovat kiihtyneet useissa Aleppon kaupunginosissa tiistaista (06.01.) l\u00e4htien, ja kymmeni\u00e4 siviilej\u00e4 on kuollut tai haavoittunut.<\/p>\n<blockquote><p>Barzani toivoo lausunnossaan, &#8221;vuoropuhelua kaikkien osapuolten kanssa,\u00a0 ja rauhanomaista ratkaisua&#8221;.<\/p><\/blockquote>\n<p><img loading=\"lazy\" decoding=\"async\" class=\"aligncenter wp-image-10254 size-full\" src=\"https:\/\/www.uutispeili.fi\/wp-content\/uploads\/2026\/01\/aleppo07012026-0000.png\" alt=\"\" width=\"750\" height=\"430\" srcset=\"https:\/\/www.uutispeili.fi\/wp-content\/uploads\/2026\/01\/aleppo07012026-0000.png 750w, https:\/\/www.uutispeili.fi\/wp-content\/uploads\/2026\/01\/aleppo07012026-0000-300x172.png 300w\" sizes=\"(max-width: 750px) 100vw, 750px\" \/><\/p>\n<p>Barzani kuvaili Aleppon nykytilannetta h\u00e4lytt\u00e4v\u00e4ksi ja totesi, ett\u00e4 jatkuvat taistelut ovat aiheuttaneet vakavia riskej\u00e4 siviileille. H\u00e4n varoitti mahdollisesta etnisest\u00e4 puhdistuksesta kaupungin kurdeja vastaan \u200b\u200bja kehotti v\u00e4litt\u00f6miin toimiin t\u00e4llaisten lopputulosten est\u00e4miseksi.<\/p>\n<p>Syyrian nykyinen hallitus on johtanut maata joulukuusta 2024, jolloin maata pitk\u00e4\u00e4n hallinnoinut <strong>al-Assad<\/strong>in dynastia kaatui islamistien &#8211;<strong>Hay&#8217;at Tahrir al-Sham<\/strong>in (HTS:n)- iskuihin. HTS on terroristiryhm\u00e4 <strong>al-Qaeda<\/strong>n syyrialainen osasto. Ryhm\u00e4 oli Syyrian sis\u00e4llissodassa &#8217;<strong>islamilaista valtiota<\/strong>&#8217; (ISIS, ISIL, Da&#8217;esh) vastaan, mutta on itse yht\u00e4 islamistinen.<\/p>\n<p>HTS:n johtaja, <strong>al-Shara&#8217;a<\/strong>, -terroristinimelt\u00e4\u00e4n <strong>al-Jolani<\/strong> (al-Jawlani) on nyky\u00e4\u00e4n Syyrian presidentti. Maassa on joulukuusta -24 asti vainottu uskonnollisia ja etnisi\u00e4 v\u00e4hemmist\u00f6j\u00e4.<\/p>\n<p><strong>Masoud Abd<\/strong>in johtama SDF -Syyrian demokraattiset voimat- kantoi &#8217;ISIS:n&#8217; vastaisessa sodassa p\u00e4\u00e4vastuun <strong>Eufrat<\/strong>in it\u00e4puolisessa Syyriassa. HTS piti hallussaan tukialuettaan <strong>Idlib<\/strong>issa, ja sen ep\u00e4ill\u00e4\u00e4n olleen <strong>Turkin<\/strong> suojeluksessa.<\/p>\n<blockquote><p>\u201dOn mahdotonta hyv\u00e4ksy\u00e4, ett\u00e4 poliittiset kiistat vaarantavat siviilej\u00e4, tai ett\u00e4 kurdiv\u00e4est\u00f6\u00f6n kohdistuu etnist\u00e4 puhdistusta. T\u00e4llaiset teot ovat rikoksia ihmisyytt\u00e4 vastaan \u200b\u200bja niill\u00e4 on vakavia seurauksia\u201d, Barzani sanoi.<\/p><\/blockquote>\n<p>Kurdijohtaja kehotti molempia osapuolia pit\u00e4m\u00e4\u00e4n vuoropuhelua ja neuvotteluja ainoana tien\u00e4 eteenp\u00e4in, ja toisti, ett\u00e4 siviilien suojelun on oltava etusijalla.<\/p>\n<p>SDF oli &#8217;ISIS:n&#8217; heikentyess\u00e4 ja lopulta kukistuessa ottanut kontrolliinsa sen etniset alueet Koillis-Syyriassa, joka sodan kuluessa oli rakentanut oman autonomisen hallintonsa, -riippumattomana Damaskoksesta.<\/p>\n<p>Lokakuussa 2019, &#8211;<strong>Turkin<\/strong> islamistipresidentin <strong>Recep Tayyip Erdogan<\/strong>in m\u00e4\u00e4r\u00e4tess\u00e4 armeijansa hy\u00f6kk\u00e4\u00e4m\u00e4\u00e4n Pohjois-Syyriaan- Yhdysvaltain silloinen presidentti <strong>Donald Trump<\/strong> petti kurdiliittolaisensa, ja tuki Erdogania.<\/p>\n<p>Silloisessa tilanteessa SDF:n johtaja Masoud Abdi l\u00e4hentyi Damaskosta &#8211;<strong>Bashar al-Assad<\/strong>in hallitusta- pyrki vakiinnuttamaan Koillis-Syyrian itsehallinnon, &#8211;<strong>Autonomous Adminstration of North and East Syria<\/strong> (AANES)- aseman Syyrian osana. -Avaus Damaskoksen suuntaan johti mm. sotilaalliseen yhteisty\u00f6h\u00f6n Turkkia vastaan, -kuten oli oltu jo &#8217;ISIS:n&#8217;-vastaisessa sodan vaiheessa.<\/p>\n<blockquote><p>Trumpin motiivi Yhdysvaltain pitk\u00e4aikaisen liittolaisen pett\u00e4miseen lienee ollut -h\u00e4nelle niin tyypillinen- <strong>diili<\/strong> Erdoganin kanssa.<\/p><\/blockquote>\n<p>Ahmad al-Shara&#8217;a vierailikin syksyll\u00e4 -25 <em>Ovaali-Toimistossa<\/em>. -Liene nyt <em>kiitollinen<\/em>? Erdoganin annettua taustatukea -mm. muslimimaiden suostuttelussa- Trumpin <strong>Gaza-suunnitelmalle<\/strong>, onkin osattu odottaa, milloin hinta maksetaan?<\/p>\n<p>Erdoganin hy\u00f6kk\u00e4ys Syyriaan lokakuussa 2019 t\u00e4ht\u00e4si pohjoisen Syyrian etnisten olojen muuttamiseen: Kurdit ja ei-muslimit karkotettiin, ja tilalle tuotettiin sunni-arabeja. My\u00f6s Syyriassa toimivien enemm\u00e4n tai v\u00e4hemm\u00e4n terrorististen islamistijoukkojen ei-syyrialaisia -mm. keskiaasialaisia- jihadisteja asutettiin kurdien, kristittyjen ja <em>jezidien<\/em> entisiin koteihin.<\/p>\n<blockquote><p>Al-Shara&#8217;an komentamien Syyrian hallituksen joukkojen -mukana mm. entisi\u00e4 &#8217;ISIS:n&#8217; sotureita- aktivoituminen sotatoimiin kurdeja vastaan on hyvin pahaenteist\u00e4. <img loading=\"lazy\" decoding=\"async\" class=\"alignnone size-full wp-image-144\" src=\"https:\/\/www.uutispeili.fi\/wp-content\/uploads\/2023\/11\/di.gold_.gif\" alt=\"\" width=\"11\" height=\"11\" \/><\/p><\/blockquote>\n<p><img loading=\"lazy\" decoding=\"async\" class=\"aligncenter wp-image-9282 size-full\" src=\"https:\/\/www.uutispeili.fi\/wp-content\/uploads\/2025\/11\/al-sharaa-rubio10112025-800445.png\" alt=\"\" width=\"800\" height=\"445\" srcset=\"https:\/\/www.uutispeili.fi\/wp-content\/uploads\/2025\/11\/al-sharaa-rubio10112025-800445.png 800w, https:\/\/www.uutispeili.fi\/wp-content\/uploads\/2025\/11\/al-sharaa-rubio10112025-800445-300x167.png 300w, https:\/\/www.uutispeili.fi\/wp-content\/uploads\/2025\/11\/al-sharaa-rubio10112025-800445-768x427.png 768w\" sizes=\"(max-width: 800px) 100vw, 800px\" \/><\/p>\n<p>Luettavaa:<\/p>\n<ul>\n<li><a href=\"https:\/\/npasyria.com\/en\/134295\/\" target=\"_blank\" rel=\"noopener\"><strong>North Press Agency<\/strong><\/a> 07.01. 2025,<\/li>\n<li><a href=\"https:\/\/npasyria.com\/en\/134291\/\" target=\"_blank\" rel=\"noopener\"><strong>North Press Agency<\/strong><\/a> 07.01. 2025,<\/li>\n<li><a href=\"https:\/\/npasyria.com\/en\/134286\/\" target=\"_blank\" rel=\"noopener\"><strong>North Press Agency<\/strong><\/a> 07.01. 2025,<\/li>\n<li><a href=\"https:\/\/npasyria.com\/en\/134280\/\" target=\"_blank\" rel=\"noopener\"><strong>North Press Agency<\/strong><\/a> 07.01. 2025,<\/li>\n<li><strong><a href=\"https:\/\/npasyria.com\/en\/134268\/\">North Press Agency<\/a><\/strong> 07.01. 2025,<\/li>\n<li><a href=\"https:\/\/npasyria.com\/en\/134265\/\" target=\"_blank\" rel=\"noopener\"><strong>North Press Agency<\/strong><\/a> 07.01. 2025,<\/li>\n<li><a href=\"https:\/\/npasyria.com\/en\/134261\/\" target=\"_blank\" rel=\"noopener\"><strong>North Press Agency<\/strong><\/a> 07.01. 2025,<\/li>\n<li><a href=\"https:\/\/npasyria.com\/en\/134257\/\" target=\"_blank\" rel=\"noopener\"><strong>North Press Agency<\/strong><\/a> 07.01. 2025,<\/li>\n<li><a href=\"https:\/\/npasyria.com\/en\/134247\/\" target=\"_blank\" rel=\"noopener\"><strong>North Press Agency<\/strong><\/a> 07.01. 2025,<\/li>\n<li><a href=\"https:\/\/npasyria.com\/en\/134243\/\" target=\"_blank\" rel=\"noopener\"><strong>North Press Agency<\/strong><\/a> 07.01. 2025,<\/li>\n<li><a href=\"https:\/\/npasyria.com\/en\/134235\/\" target=\"_blank\" rel=\"noopener\"><strong>North Press Agency<\/strong><\/a> 07.01. 2025,<\/li>\n<li><a href=\"https:\/\/npasyria.com\/en\/134232\/\" target=\"_blank\" rel=\"noopener\"><strong>North Press Agency<\/strong> <\/a>07.01. 2025,<\/li>\n<\/ul>\n<h2>Aiemmissa julkaisuissa:<\/h2>\n<p>23.11. 21025:<\/p>\n<blockquote class=\"wp-embedded-content\" data-secret=\"VfssMrj4t4\"><p><a href=\"https:\/\/www.uutispeili.fi\/index.php\/2025\/11\/23\/syyrian-valiaikainen-presidentti-poseeraa-ykssa-ja-valkoisessa-talossa-samaan-aikaan-kun-hanen-terroristinsa-vainoavat-vahemmistoja-syyriassa\/\">Syyrian v\u00e4liaikainen presidentti poseeraa YK:ssa ja &#8217;Valkoisessa Talossa&#8217;, -samaan aikaan kun h\u00e4nen terroristinsa vainoavat v\u00e4hemmist\u00f6j\u00e4 Syyriassa<\/a><\/p><\/blockquote>\n<p><iframe class=\"wp-embedded-content\" sandbox=\"allow-scripts\" security=\"restricted\" style=\"position: absolute; clip: rect(1px, 1px, 1px, 1px);\" title=\"&#8221;Syyrian v\u00e4liaikainen presidentti poseeraa YK:ssa ja &#8217;Valkoisessa Talossa&#8217;, -samaan aikaan kun h\u00e4nen terroristinsa vainoavat v\u00e4hemmist\u00f6j\u00e4 Syyriassa&#8221; &#8212; \" src=\"https:\/\/www.uutispeili.fi\/index.php\/2025\/11\/23\/syyrian-valiaikainen-presidentti-poseeraa-ykssa-ja-valkoisessa-talossa-samaan-aikaan-kun-hanen-terroristinsa-vainoavat-vahemmistoja-syyriassa\/embed\/#?secret=ChSgVJWo1Q#?secret=VfssMrj4t4\" data-secret=\"VfssMrj4t4\" width=\"600\" height=\"338\" frameborder=\"0\" marginwidth=\"0\" marginheight=\"0\" scrolling=\"no\"><\/iframe><\/p>\n<p>10.11. 2025:<\/p>\n<blockquote class=\"wp-embedded-content\" data-secret=\"09BqmH1uoV\"><p><a href=\"https:\/\/www.uutispeili.fi\/index.php\/2025\/11\/10\/al-sharaa-washingtonissa\/\">Al-Shara&#8217;a Washingtonissa<\/a><\/p><\/blockquote>\n<p><iframe class=\"wp-embedded-content\" sandbox=\"allow-scripts\" security=\"restricted\" style=\"position: absolute; clip: rect(1px, 1px, 1px, 1px);\" title=\"&#8221;Al-Shara&#8217;a Washingtonissa&#8221; &#8212; \" src=\"https:\/\/www.uutispeili.fi\/index.php\/2025\/11\/10\/al-sharaa-washingtonissa\/embed\/#?secret=3ZOtBnCvOD#?secret=09BqmH1uoV\" data-secret=\"09BqmH1uoV\" width=\"600\" height=\"338\" frameborder=\"0\" marginwidth=\"0\" marginheight=\"0\" scrolling=\"no\"><\/iframe><\/p>\n<p>07.11. 2025:<\/p>\n<blockquote class=\"wp-embedded-content\" data-secret=\"OMELh5Z8iE\"><p><a href=\"https:\/\/www.uutispeili.fi\/index.php\/2025\/11\/07\/yhdysvallat-poisti-syyrian-al-qaeda-taustaiseen-valiaikaiseen-presidenttiin-kohdistuvat-pakotteet\/\">Yhdysvallat poisti Syyrian al-Qaeda-taustaiseen v\u00e4liaikaiseen presidenttiin kohdistuvat pakotteet<\/a><\/p><\/blockquote>\n<p><iframe class=\"wp-embedded-content\" sandbox=\"allow-scripts\" security=\"restricted\" style=\"position: absolute; clip: rect(1px, 1px, 1px, 1px);\" title=\"&#8221;Yhdysvallat poisti Syyrian al-Qaeda-taustaiseen v\u00e4liaikaiseen presidenttiin kohdistuvat pakotteet&#8221; &#8212; \" src=\"https:\/\/www.uutispeili.fi\/index.php\/2025\/11\/07\/yhdysvallat-poisti-syyrian-al-qaeda-taustaiseen-valiaikaiseen-presidenttiin-kohdistuvat-pakotteet\/embed\/#?secret=sCKFLG2C9S#?secret=OMELh5Z8iE\" data-secret=\"OMELh5Z8iE\" width=\"600\" height=\"338\" frameborder=\"0\" marginwidth=\"0\" marginheight=\"0\" scrolling=\"no\"><\/iframe><\/p>\n<p>22.09. 2025:<\/p>\n<blockquote class=\"wp-embedded-content\" data-secret=\"XILRwGJtJu\"><p><a href=\"https:\/\/www.uutispeili.fi\/index.php\/2025\/09\/22\/syyrian-al-qaeda-johtaja-new-yorkissa-kristittyjen-asuinalueet-palavat-syyriassa\/\">Syyrian al-Qaeda-johtaja New Yorkissa, kristittyjen asuinalueet palavat Syyriassa<\/a><\/p><\/blockquote>\n<p><iframe class=\"wp-embedded-content\" sandbox=\"allow-scripts\" security=\"restricted\" style=\"position: absolute; clip: rect(1px, 1px, 1px, 1px);\" title=\"&#8221;Syyrian al-Qaeda-johtaja New Yorkissa, kristittyjen asuinalueet palavat Syyriassa&#8221; &#8212; \" src=\"https:\/\/www.uutispeili.fi\/index.php\/2025\/09\/22\/syyrian-al-qaeda-johtaja-new-yorkissa-kristittyjen-asuinalueet-palavat-syyriassa\/embed\/#?secret=YDoXNHoVNL#?secret=XILRwGJtJu\" data-secret=\"XILRwGJtJu\" width=\"600\" height=\"338\" frameborder=\"0\" marginwidth=\"0\" marginheight=\"0\" scrolling=\"no\"><\/iframe><\/p>\n<p>01.08. 2025:<\/p>\n<blockquote class=\"wp-embedded-content\" data-secret=\"5lqq8eZi6p\"><p><a href=\"https:\/\/www.uutispeili.fi\/index.php\/2025\/08\/01\/yk-varoittaa-al-qaedan-ja-islamilaisen-valtion-aktivoitumisesta-afrikassa-ja-syyriassa\/\">YK varoittaa al-Qaedan ja &#8221;islamilaisen valtion&#8221; aktivoitumisesta Afrikassa ja Syyriassa<\/a><\/p><\/blockquote>\n<p><iframe class=\"wp-embedded-content\" sandbox=\"allow-scripts\" security=\"restricted\" style=\"position: absolute; clip: rect(1px, 1px, 1px, 1px);\" title=\"&#8221;YK varoittaa al-Qaedan ja &#8221;islamilaisen valtion&#8221; aktivoitumisesta Afrikassa ja Syyriassa&#8221; &#8212; \" src=\"https:\/\/www.uutispeili.fi\/index.php\/2025\/08\/01\/yk-varoittaa-al-qaedan-ja-islamilaisen-valtion-aktivoitumisesta-afrikassa-ja-syyriassa\/embed\/#?secret=wW6tWrAaoJ#?secret=5lqq8eZi6p\" data-secret=\"5lqq8eZi6p\" width=\"600\" height=\"338\" frameborder=\"0\" marginwidth=\"0\" marginheight=\"0\" scrolling=\"no\"><\/iframe><\/p>\n<p>11.07. 2025:<\/p>\n<blockquote class=\"wp-embedded-content\" data-secret=\"DjglTqv93l\"><p><a href=\"https:\/\/www.uutispeili.fi\/index.php\/2025\/07\/11\/yhdysvaltain-syyrian-erityislahettilas-syyrian-demokraattiset-joukot-sdf-edelleen-yhdysvaltojen-tarkea-kumppani\/\">Yhdysvaltain Syyrian-erityisl\u00e4hettil\u00e4s: Syyrian demokraattiset joukot (SDF) edelleen Yhdysvaltojen t\u00e4rke\u00e4 kumppani<\/a><\/p><\/blockquote>\n<p><iframe class=\"wp-embedded-content\" sandbox=\"allow-scripts\" security=\"restricted\" style=\"position: absolute; clip: rect(1px, 1px, 1px, 1px);\" title=\"&#8221;Yhdysvaltain Syyrian-erityisl\u00e4hettil\u00e4s: Syyrian demokraattiset joukot (SDF) edelleen Yhdysvaltojen t\u00e4rke\u00e4 kumppani&#8221; &#8212; \" src=\"https:\/\/www.uutispeili.fi\/index.php\/2025\/07\/11\/yhdysvaltain-syyrian-erityislahettilas-syyrian-demokraattiset-joukot-sdf-edelleen-yhdysvaltojen-tarkea-kumppani\/embed\/#?secret=AKenCwiKwl#?secret=DjglTqv93l\" data-secret=\"DjglTqv93l\" width=\"600\" height=\"338\" frameborder=\"0\" marginwidth=\"0\" marginheight=\"0\" scrolling=\"no\"><\/iframe><\/p>\n<p>01.08. 2025:<\/p>\n<blockquote class=\"wp-embedded-content\" data-secret=\"5lqq8eZi6p\"><p><a href=\"https:\/\/www.uutispeili.fi\/index.php\/2025\/08\/01\/yk-varoittaa-al-qaedan-ja-islamilaisen-valtion-aktivoitumisesta-afrikassa-ja-syyriassa\/\">YK varoittaa al-Qaedan ja &#8221;islamilaisen valtion&#8221; aktivoitumisesta Afrikassa ja Syyriassa<\/a><\/p><\/blockquote>\n<p><iframe class=\"wp-embedded-content\" sandbox=\"allow-scripts\" security=\"restricted\" style=\"position: absolute; clip: rect(1px, 1px, 1px, 1px);\" title=\"&#8221;YK varoittaa al-Qaedan ja &#8221;islamilaisen valtion&#8221; aktivoitumisesta Afrikassa ja Syyriassa&#8221; &#8212; \" src=\"https:\/\/www.uutispeili.fi\/index.php\/2025\/08\/01\/yk-varoittaa-al-qaedan-ja-islamilaisen-valtion-aktivoitumisesta-afrikassa-ja-syyriassa\/embed\/#?secret=wW6tWrAaoJ#?secret=5lqq8eZi6p\" data-secret=\"5lqq8eZi6p\" width=\"600\" height=\"338\" frameborder=\"0\" marginwidth=\"0\" marginheight=\"0\" scrolling=\"no\"><\/iframe><\/p>\n","protected":false},"excerpt":{"rendered":"<p>Kurdijohtaja Masoud Barzani kehotti t\u00e4n\u00e4\u00e4n keskiviikkona Damaskolsen hallitusta &#8217;olemaan muuttamatta poliittisia kiistoja etnisiksi konflikteiksi&#8217; Aleppossa ja varoitti kurdikansalaisiin kohdistuvasta painostuksesta, v\u00e4kivallasta ja siirroista pois asuinalueiltaan. Koillis-Syyrian autonomisen alueen asevoimat -ns. kurdiarmeija\u00a0SDF- ja Damaskoksen hallituksen joukot ovat ottaneet tiistaina yhteen Aleppon kaupungin kurdi-kaupunginosissa. Masoud Barzani korosti, ett\u00e4 Aleppon kriisien jatkuessa kurdiasukkaiden ei pid\u00e4 kohdata etnist\u00e4 puhdistusta [&hellip;]<\/p>\n","protected":false},"author":3,"featured_media":9241,"comment_status":"open","ping_status":"open","sticky":false,"template":"","format":"standard","meta":{"footnotes":""},"categories":[122,116],"tags":[],"_links":{"self":[{"href":"https:\/\/www.uutispeili.fi\/index.php\/wp-json\/wp\/v2\/posts\/10251"}],"collection":[{"href":"https:\/\/www.uutispeili.fi\/index.php\/wp-json\/wp\/v2\/posts"}],"about":[{"href":"https:\/\/www.uutispeili.fi\/index.php\/wp-json\/wp\/v2\/types\/post"}],"author":[{"embeddable":true,"href":"https:\/\/www.uutispeili.fi\/index.php\/wp-json\/wp\/v2\/users\/3"}],"replies":[{"embeddable":true,"href":"https:\/\/www.uutispeili.fi\/index.php\/wp-json\/wp\/v2\/comments?post=10251"}],"version-history":[{"count":4,"href":"https:\/\/www.uutispeili.fi\/index.php\/wp-json\/wp\/v2\/posts\/10251\/revisions"}],"predecessor-version":[{"id":10258,"href":"https:\/\/www.uutispeili.fi\/index.php\/wp-json\/wp\/v2\/posts\/10251\/revisions\/10258"}],"wp:featuredmedia":[{"embeddable":true,"href":"https:\/\/www.uutispeili.fi\/index.php\/wp-json\/wp\/v2\/media\/9241"}],"wp:attachment":[{"href":"https:\/\/www.uutispeili.fi\/index.php\/wp-json\/wp\/v2\/media?parent=10251"}],"wp:term":[{"taxonomy":"category","embeddable":true,"href":"https:\/\/www.uutispeili.fi\/index.php\/wp-json\/wp\/v2\/categories?post=10251"},{"taxonomy":"post_tag","embeddable":true,"href":"https:\/\/www.uutispeili.fi\/index.php\/wp-json\/wp\/v2\/tags?post=10251"}],"curies":[{"name":"wp","href":"https:\/\/api.w.org\/{rel}","templated":true}]}}