{"id":10246,"date":"2026-01-07T17:41:27","date_gmt":"2026-01-07T15:41:27","guid":{"rendered":"https:\/\/www.uutispeili.fi\/?p=10246"},"modified":"2026-01-07T19:23:38","modified_gmt":"2026-01-07T17:23:38","slug":"keskiviikkona-iranin-vallankumouksen-11-paiva-viranomaiset-poistuneet-abadanin-kaupungista","status":"publish","type":"post","link":"https:\/\/www.uutispeili.fi\/index.php\/2026\/01\/07\/keskiviikkona-iranin-vallankumouksen-11-paiva-viranomaiset-poistuneet-abadanin-kaupungista\/","title":{"rendered":"Keskiviikkona &#8217;Iranin vallankumouksen 11. p\u00e4iv\u00e4&#8217;, -viranomaiset poistuneet Abadanin kaupungista"},"content":{"rendered":"<p><strong>Iranilaisten jo yksitoista p\u00e4iv\u00e4\u00e4 jatkunut protestointi &#8217;<em>Iranin islamilaisen tasavallan<\/em>&#8217; johtoa vastaan on saavuttamassa tason, jolla liike ei t\u00e4ht\u00e4\u00e4 my\u00f6nnytysten painostamiseen hallitukselta, vaan systeemin vaihtamiseen.<\/strong><\/p>\n<p>Tunnusten ja sloganeiden kohdistaminen Iranin johtajia vastaan, -ja islamistiseen hallintoon ylip\u00e4\u00e4ns\u00e4- esiintyi jo vuoden 2019 lakoissa, ja varsinkin nuorten mielenosoittajien taholta ns. <em>huivimellakoissa,<\/em> joten ne ovat tuttuja iranilaiselle. T\u00e4ll\u00e4 kertaa vaatimus &#8217;<strong><em>uskonnollisen diktatuurin<\/em><\/strong>&#8217; kaatamisesta dominoi kuvaa.<\/p>\n<blockquote><p>Se, mik\u00e4 alkoi 28. joulukuuta 2025 mielenosoituksena talouden romahdusta vastaan, on vahvasti muuttunut poliittiseksi vallankumoukseksi. kirjoittaa iranilainen\u00a0 vastarintajulkaisu.<\/p><\/blockquote>\n<p><strong>Tiistaina<\/strong> (6. tammikuuta) <strong>Abdanan<\/strong>in kaupungin, &#8211;<strong>Ilam<\/strong>in maakunnassa- asukkaat ottivat kaupunkinsa v\u00e4liaikaisesti haltuun, ja miehittiv\u00e4t poliisiaseman.<\/p>\n<h2><em> \u201dAlas diktaattori\u201d, \u201dKhamenei, sano hei loppuun asti\u201d<\/em><\/h2>\n<p><strong>Keskiviikkona<\/strong> (7. tammikuuta) kansannousu laajeni uusille alueille: Lakkoja <strong>Shiraz<\/strong>issa ja yhteenottoja <strong>Neyshaburi<\/strong>ssa Koillis-Iranissa. Etel\u00e4-Iranissa Shirazin basaari on lakossa. <strong>Vakil Bazaar<\/strong>in ja <strong>Mesgarabadi<\/strong>n alueen kauppiaat ovat sulkeneet liikkeens\u00e4 ja liittyneet valtakunnalliseen lakkoon.<\/p>\n<blockquote><p><strong>Yaghtin<\/strong>-kadun alueilla <strong>Rahmatista Amirkabiriin<\/strong> kansalaiset ovat ottaneet yhteen turvallisuusjoukkojen kanssa. Huolimatta kyynelkaasua k\u00e4ytt\u00e4vien tukahduttamisyksik\u00f6iden suuresta l\u00e4sn\u00e4olosta, Shirazin rohkeat nuoret pit\u00e4v\u00e4t puolensa, kirjoittaa lehti.<\/p><\/blockquote>\n<p>Turvallisuusjoukkojen raportoidaan yritt\u00e4v\u00e4n tukahduttaa mielenosoituksia. <strong>Kermanshah<\/strong>in Azad-yliopiston opiskelijat liittyiv\u00e4t kansannousuun, ja kaupungin keskustassa on ollut kokoontumisia. Nuoriso on osallistunut yhteenottoihin turvallisuusjoukkojen kanssa. Kyynelkaasua on k\u00e4ytetty.<\/p>\n<p><strong>Teheran<\/strong>issa kultamarkkinat (korukauppiaat) pysyiv\u00e4t kokonaan suljettuina lakon takia kello 11:00 asti, -kauppiaiden uhmatessa hallinnon m\u00e4\u00e4r\u00e4yksi\u00e4.<\/p>\n<h2>Vankiloissa<\/h2>\n<p><strong>Evin<\/strong>in vankilassa naispuoliset poliittiset vangit kokoontuivat laulamaan kansallislaulua, ja <strong>Ghezel Hesar<\/strong>in miespuoliset vangit chanttasivat hallinnon vastaisia \u200b\u200biskulauseita, jotka kuuluivat kadulle vankilan ulkopuolelle.<\/p>\n<blockquote><p>&#8221;Nainen, vastarinta, vapaus.&#8221;<br \/>\n&#8221;Hijabilla tai ilman, eteenp\u00e4in kohti vallankumousta.&#8221;<br \/>\n&#8221;Vapauteen liittyy ajatus &#8217;me voimme ja meid\u00e4n t\u00e4ytyy&#8217;.&#8221;<\/p><\/blockquote>\n<p>Iranin taloudellinen halvaantuminen yritysten sulkiessa ovensa, tai ty\u00f6ntekij\u00f6iden lakkoillessa, -ja nuorison liittyminen mielenosoituksiin- muodostaa Iranin hallitukselle hyvin vaarallisen tilanteen. L\u00e4hihistorian tapahtumat -poliittiset vangitsemiset ja teloitukset- ja nuorempia ik\u00e4luokkia hallinnosta hyvin tehokkaasti vieraannuttaneet uskonnolliset pukeutumism\u00e4\u00e4r\u00e4ykset -ja niiden v\u00e4kivaltainen valvonta-tekev\u00e4t tilanteesta hyvin herk\u00e4n.<\/p>\n<p>Luettavaa:<\/p>\n<ul>\n<li><a href=\"https:\/\/www.ncr-iran.org\/en\/news\/iran-news-in-brief-news\/iran-news-in-brief-january-7-2026\/\" target=\"_blank\" rel=\"noopener\"><strong>NRCI<\/strong><\/a> 07.01. 2026,<\/li>\n<li><a href=\"https:\/\/english.mojahedin.org\/news\/live-report-day-11-of-iran-uprising-strikes-paralyze-shiraz-tehran-and-kermanshah-markets\/\" target=\"_blank\" rel=\"noopener\"><strong>PMOI<\/strong><\/a> 07.01. 2026,<\/li>\n<li>\n<p class=\"LiveblogIntro-module-scss-module__1ynYoG__headline\"><span dir=\"auto\"><a href=\"https:\/\/www.iranintl.com\/en\/liveblog\/202601054803\" target=\"_blank\" rel=\"noopener\">Mielenosoitukset ja iskut jatkuvat Iranissa ankarien tukahduttamistoimien keskell\u00e4<\/a>, 07.01. 2026,<\/span><\/p>\n<\/li>\n<\/ul>\n<p>Video: PMOI, 6. tammikuuta tapahtumia:<\/p>\n<h2><iframe loading=\"lazy\" title=\"Protests Continue For 10th Night In Iran, Demonstrators Liberate Cities\" src=\"https:\/\/www.youtube.com\/embed\/zZ-dP7N6vEU\" width=\"901\" height=\"258\" frameborder=\"0\" allowfullscreen=\"allowfullscreen\"><\/iframe><\/h2>\n<h2>Aiemmissa julkaisuissa:<\/h2>\n<p>06.01. 2026:<\/p>\n<blockquote class=\"wp-embedded-content\" data-secret=\"gexy17SZHb\"><p><a href=\"https:\/\/www.uutispeili.fi\/index.php\/2026\/01\/06\/vallankumouskaarti-ampui-perjantaina-vakijoukkoa-viestit-iranista-jo-hatahuutoja\/\">Vallankumouskaarti ampui perjantaina v\u00e4kijoukkoa, -viestit Iranista jo h\u00e4t\u00e4huutoja<\/a><\/p><\/blockquote>\n<p><iframe class=\"wp-embedded-content\" sandbox=\"allow-scripts\" security=\"restricted\" style=\"position: absolute; clip: rect(1px, 1px, 1px, 1px);\" title=\"&#8221;Vallankumouskaarti ampui perjantaina v\u00e4kijoukkoa, -viestit Iranista jo h\u00e4t\u00e4huutoja&#8221; &#8212; \" src=\"https:\/\/www.uutispeili.fi\/index.php\/2026\/01\/06\/vallankumouskaarti-ampui-perjantaina-vakijoukkoa-viestit-iranista-jo-hatahuutoja\/embed\/#?secret=7VUfO3h4v5#?secret=gexy17SZHb\" data-secret=\"gexy17SZHb\" width=\"600\" height=\"338\" frameborder=\"0\" marginwidth=\"0\" marginheight=\"0\" scrolling=\"no\"><\/iframe><\/p>\n","protected":false},"excerpt":{"rendered":"<p>Iranilaisten jo yksitoista p\u00e4iv\u00e4\u00e4 jatkunut protestointi &#8217;Iranin islamilaisen tasavallan&#8217; johtoa vastaan on saavuttamassa tason, jolla liike ei t\u00e4ht\u00e4\u00e4 my\u00f6nnytysten painostamiseen hallitukselta, vaan systeemin vaihtamiseen. Tunnusten ja sloganeiden kohdistaminen Iranin johtajia vastaan, -ja islamistiseen hallintoon ylip\u00e4\u00e4ns\u00e4- esiintyi jo vuoden 2019 lakoissa, ja varsinkin nuorten mielenosoittajien taholta ns. huivimellakoissa, joten ne ovat tuttuja iranilaiselle. T\u00e4ll\u00e4 kertaa vaatimus [&hellip;]<\/p>\n","protected":false},"author":3,"featured_media":10247,"comment_status":"open","ping_status":"open","sticky":false,"template":"","format":"standard","meta":{"footnotes":""},"categories":[112,71],"tags":[],"_links":{"self":[{"href":"https:\/\/www.uutispeili.fi\/index.php\/wp-json\/wp\/v2\/posts\/10246"}],"collection":[{"href":"https:\/\/www.uutispeili.fi\/index.php\/wp-json\/wp\/v2\/posts"}],"about":[{"href":"https:\/\/www.uutispeili.fi\/index.php\/wp-json\/wp\/v2\/types\/post"}],"author":[{"embeddable":true,"href":"https:\/\/www.uutispeili.fi\/index.php\/wp-json\/wp\/v2\/users\/3"}],"replies":[{"embeddable":true,"href":"https:\/\/www.uutispeili.fi\/index.php\/wp-json\/wp\/v2\/comments?post=10246"}],"version-history":[{"count":2,"href":"https:\/\/www.uutispeili.fi\/index.php\/wp-json\/wp\/v2\/posts\/10246\/revisions"}],"predecessor-version":[{"id":10250,"href":"https:\/\/www.uutispeili.fi\/index.php\/wp-json\/wp\/v2\/posts\/10246\/revisions\/10250"}],"wp:featuredmedia":[{"embeddable":true,"href":"https:\/\/www.uutispeili.fi\/index.php\/wp-json\/wp\/v2\/media\/10247"}],"wp:attachment":[{"href":"https:\/\/www.uutispeili.fi\/index.php\/wp-json\/wp\/v2\/media?parent=10246"}],"wp:term":[{"taxonomy":"category","embeddable":true,"href":"https:\/\/www.uutispeili.fi\/index.php\/wp-json\/wp\/v2\/categories?post=10246"},{"taxonomy":"post_tag","embeddable":true,"href":"https:\/\/www.uutispeili.fi\/index.php\/wp-json\/wp\/v2\/tags?post=10246"}],"curies":[{"name":"wp","href":"https:\/\/api.w.org\/{rel}","templated":true}]}}