{"id":10226,"date":"2026-01-06T19:07:33","date_gmt":"2026-01-06T17:07:33","guid":{"rendered":"https:\/\/www.uutispeili.fi\/?p=10226"},"modified":"2026-01-06T20:45:31","modified_gmt":"2026-01-06T18:45:31","slug":"vallankumouskaarti-ampui-perjantaina-vakijoukkoa-viestit-iranista-jo-hatahuutoja","status":"publish","type":"post","link":"https:\/\/www.uutispeili.fi\/index.php\/2026\/01\/06\/vallankumouskaarti-ampui-perjantaina-vakijoukkoa-viestit-iranista-jo-hatahuutoja\/","title":{"rendered":"Vallankumouskaarti ampui perjantaina v\u00e4kijoukkoa, -viestit Iranista jo h\u00e4t\u00e4huutoja"},"content":{"rendered":"<p><strong>Iranin sis\u00e4inen tilanne n\u00e4ytt\u00e4\u00e4 kulkevan kohti yhteent\u00f6rm\u00e4yst\u00e4 hallinnon ja mielenosoittajien v\u00e4lill\u00e4.<\/strong><\/p>\n<p>Perjantaina (03.01.) kymmeni\u00e4 mielenosoittajia oli kokoontunut <strong>Malekshahi<\/strong>ssa, <strong>Ilam<\/strong>in maakunnassa L\u00e4nsi-Iranissa, <strong>Iranin islamilaisen vallankumouskaartin<\/strong> (IRGC:n) k\u00e4ytt\u00e4m\u00e4n kaksikerroksiseen rakennuksen edustalle. Tilanne k\u00e4rjistyi v\u00e4kivaltaiseksi.<\/p>\n<p><a href=\"https:\/\/x.com\/YadgarSmk\/status\/2008558946286772495\"><img loading=\"lazy\" decoding=\"async\" class=\"aligncenter wp-image-10227 size-full\" src=\"https:\/\/www.uutispeili.fi\/wp-content\/uploads\/2026\/01\/malekshahi0601x.png\" alt=\"\" width=\"450\" height=\"493\" srcset=\"https:\/\/www.uutispeili.fi\/wp-content\/uploads\/2026\/01\/malekshahi0601x.png 450w, https:\/\/www.uutispeili.fi\/wp-content\/uploads\/2026\/01\/malekshahi0601x-274x300.png 274w\" sizes=\"(max-width: 450px) 100vw, 450px\" \/><\/a><\/p>\n<p>Mielenosoittajien chantatessa hallinnonvastaisia \u200b\u200biskulauseita, -joidenkin heitelless\u00e4 kivi\u00e4 rakennukseen- vallankumouskaartilaisia kiipesi rakennuksen katolle, avaten sielt\u00e4 tulituksen suoraan v\u00e4kijoukkoa kohti. Malekshahissa asuva <strong>Mohammad Heydar Ilami<\/strong>\u00a0kertoi tapahtuneesta medialle. Ihmisoikeusj\u00e4rjest\u00f6t vahvistavat tiedot.<\/p>\n<blockquote><p>&#8221;Ne, jotka eiv\u00e4t n\u00e4hneet heit\u00e4 (kaartilaisia) katolla, luulivat sen olleen ilmaisku&#8221;, sanoi Ilami RFE\/RL:n <strong>Radio<\/strong> <strong>Farda<\/strong>lle. &#8221;Kun osa ammutuista ihmisist\u00e4 kaatui maahan, ihmiset ymm\u00e4rsiv\u00e4t ammuttavan suoraan heit\u00e4 kohti.&#8221; <span style=\"font-size: revert; color: initial;\">&#8221;Useita viattomia ihmisi\u00e4, enimm\u00e4kseen nuoria, kuoli&#8221;, Ilami lis\u00e4si. &#8221;Haavoittuneiden m\u00e4\u00e4r\u00e4 oli suuri.&#8221;<\/span><\/p><\/blockquote>\n<p>Ihmisoikeusj\u00e4rjest\u00f6n, <strong>Hengaw<\/strong>:n, mukaan kertoi viisi mielenosoittajaa kuoli ja kymmenien haavoittui. Kansalaisj\u00e4rjest\u00f6 <strong>Iran Human Rights<\/strong> vahvisti kuolonuhrien lukum\u00e4\u00e4r\u00e4n. Iranin valtionmedia nimitti mielenosoittajia &#8221;<em>mellakoitsijoiksi<\/em>&#8221;, ja vahvisti &#8221;<em>kahden hy\u00f6kk\u00e4\u00e4j\u00e4\u00e4n<\/em>&#8221; kuolleen. -Numeroita oleellisempaa on v\u00e4kivallan kynnyksen ylittymisen vahvistaminen.<\/p>\n<p><a href=\"https:\/\/x.com\/parsi27871\/status\/2008220325570318338\"><img loading=\"lazy\" decoding=\"async\" class=\"aligncenter wp-image-10228 size-full\" src=\"https:\/\/www.uutispeili.fi\/wp-content\/uploads\/2026\/01\/ilam0601x.png\" alt=\"\" width=\"449\" height=\"383\" srcset=\"https:\/\/www.uutispeili.fi\/wp-content\/uploads\/2026\/01\/ilam0601x.png 449w, https:\/\/www.uutispeili.fi\/wp-content\/uploads\/2026\/01\/ilam0601x-300x256.png 300w\" sizes=\"(max-width: 449px) 100vw, 449px\" \/><\/a><\/p>\n<p>Valtakunnalliset mielenosoitukset alkoi kymmeniss\u00e4 Iranin kaupungeissa 28. joulukuuta, ensin protesteina kauppiaiden taloudellisesta ahdingosta. Mukaan liittyi muita kansanlaisryhmi\u00e4, -mm. opiskelijat- ja tunnukset kehittyiv\u00e4t koko islamilaisen hallinnon kyseenalaistaviksi.\u00a0 Lyhyesti sanoen: Hallitusta vaaditaan nurin.<\/p>\n<h2>1000 pid\u00e4tetty\u00e4, kymmeni\u00e4 kuolleita<\/h2>\n<p><strong>Radio Farda<\/strong> on toistaiseksi vahvistanut 20 mielenosoittajan kuoleman. Hengaw kertoi kuolonuhrien m\u00e4\u00e4r\u00e4ksi 25, joista nelj\u00e4 oli lapsia. Ihmisoikeusj\u00e4rjest\u00f6 <strong>HRANA<\/strong> kertoi, ett\u00e4 ainakin 29 on kuollut, mukaan lukien kaksi turvallisuushenkil\u00f6st\u00f6\u00e4.<\/p>\n<p><iframe loading=\"lazy\" src=\"https:\/\/www.rferl.org\/embed\/player\/0\/33640544.html?type=video\" width=\"640\" height=\"360\" frameborder=\"0\" scrolling=\"no\" allowfullscreen=\"allowfullscreen\"><\/iframe><\/p>\n<p>Perjantain v\u00e4likohtauksessa Malekshahissa haavoittuneet vietiin Ilamin kaupungissa sijaitsevaan <strong>imaami Khomeinin<\/strong> <strong>sairaalaan<\/strong>. Lauantaina (04.01.) IRGC:n ja erikoisjoukkojen j\u00e4senet piirittiv\u00e4t sairaalan, jonka luokse oli ker\u00e4\u00e4ntynyt haavoittuneiden omaisia. Radiokanavan tietol\u00e4hdem Ilami, kertoi n\u00e4hneens\u00e4 itse turvallisuusjoukkojen ampuvan kyynelkaasua, ja rikkovan ikkunoita p\u00e4\u00e4st\u00e4kseen sairaalaan.<\/p>\n<blockquote><p>&#8221;Turvallisuusjoukkojen hy\u00f6kk\u00e4yksist\u00e4, kuten kyynelkaasun k\u00e4yt\u00f6st\u00e4, huolimatta t\u00e4m\u00e4 v\u00e4kijoukko ja l\u00e4\u00e4kint\u00e4henkil\u00f6st\u00f6 eiv\u00e4t antaneet heid\u00e4n ottaa ruumiita ja pid\u00e4tt\u00e4\u00e4 haavoittuneita&#8221;, Ilami sanoi.<\/p><\/blockquote>\n<p>Turvallisuusjoukot tunkeutuivat sairaalaan pahoinpitelem\u00e4\u00e4n ja pid\u00e4tt\u00e4m\u00e4\u00e4n l\u00e4\u00e4kint\u00e4ty\u00f6ntekij\u00f6it\u00e4. Ilmani ei tied\u00e4, pid\u00e4tettiink\u00f6 loukkaantuneita mielenosoittajia ja heid\u00e4n perheenj\u00e4seni\u00e4\u00e4n.<\/p>\n<blockquote><p>&#8221;He hakkasivat kaikki, jotka he n\u00e4kiv\u00e4t, olivatpa he sitten yleis\u00f6\u00e4 tai l\u00e4\u00e4kint\u00e4henkil\u00f6kuntaa&#8221;, Ilami sanoi. &#8221;He hakkasivat kaikki.&#8221;<\/p><\/blockquote>\n<p><strong>Amnesty International<\/strong>in lausunnon (6. tammikuuta) mukaan &#8221;<em>Iranin turvallisuusjoukkojen hy\u00f6kk\u00e4ys Ilamin sairaalaan, jossa loukkaantuneet mielenosoittajat hakevat l\u00e4\u00e4k\u00e4rinhoitoa tai suojaa, rikkoo kansainv\u00e4list\u00e4 oikeutta ja paljastaa j\u00e4lleen kerran, kuinka pitk\u00e4lle Iranin viranomaiset ovat valmiita menem\u00e4\u00e4n toisinajattelijoiden murskaamiseksi<\/em>&#8221;.<\/p>\n<blockquote><p>\u201dIranin turvallisuusjoukkojen on v\u00e4litt\u00f6m\u00e4sti lopetettava laiton voimank\u00e4ytt\u00f6 ja ampuma-aseiden k\u00e4ytt\u00f6 mielenosoittajia vastaan, lopetettava sairaalahoitoa hakevien mielivaltaiset pid\u00e4tykset, varmistettava, ett\u00e4 loukkaantuneet saavat tarvitsemaansa l\u00e4\u00e4ketieteellist\u00e4 hoitoa, ja kunnioitettava l\u00e4\u00e4ketieteellisten laitosten loukkaamattomuuden\u201d, kansainv\u00e4linen ihmisoikeusj\u00e4rjest\u00f6 lis\u00e4si.<\/p><\/blockquote>\n<h2>Presidentti: Jos opiskelija protestoi, me olemme syyllisi\u00e4<\/h2>\n<figure id=\"attachment_10233\" aria-describedby=\"caption-attachment-10233\" style=\"width: 800px\" class=\"wp-caption aligncenter\"><img loading=\"lazy\" decoding=\"async\" class=\"wp-image-10233 size-full\" src=\"https:\/\/www.uutispeili.fi\/wp-content\/uploads\/2026\/01\/pezeskian067012025-800468.png\" alt=\"\" width=\"800\" height=\"468\" srcset=\"https:\/\/www.uutispeili.fi\/wp-content\/uploads\/2026\/01\/pezeskian067012025-800468.png 800w, https:\/\/www.uutispeili.fi\/wp-content\/uploads\/2026\/01\/pezeskian067012025-800468-300x176.png 300w, https:\/\/www.uutispeili.fi\/wp-content\/uploads\/2026\/01\/pezeskian067012025-800468-768x449.png 768w\" sizes=\"(max-width: 800px) 100vw, 800px\" \/><figcaption id=\"caption-attachment-10233\" class=\"wp-caption-text\">Masoud Pezeskian 06.01. 2025, kuva: IRNA.<\/figcaption><\/figure>\n<p>Iranin presidentti <strong>Masoud Pezeskian<\/strong> puhui t\u00e4n\u00e4\u00e4n kongressikeskuksessa <strong>Teheranissa<\/strong>.<\/p>\n<blockquote><p>&#8211; Presidentti totesi velvollisuudekseen palvella kansaa koko syd\u00e4mest\u00e4mme ja saada ihmiset suhtautumaan optimismiin j\u00e4rjestelm\u00e4\u00e4 ja vallankumousta kohtaan. H\u00e4n sanoi: &#8221;Kuinka on mahdollista, ett\u00e4 yliopiston opiskelijat protestoivat meit\u00e4 ja vallankumousta vastaan, ja sitten me k\u00e4sittelemme opiskelijoita? Kuka on syyllinen siihen, ett\u00e4 opiskelijat v\u00e4lttelev\u00e4t meit\u00e4? Me olemme syyllisi\u00e4, emme opiskelijat ja kansa. (IRNA 06.01. 2026.)<\/p><\/blockquote>\n<p>Puheen sanamuodot viittaavat sovinnollisen ratkaisun hakemiseen.\u00a0 Jo vuosi sitten Pezeskian j\u00e4tti vahvistamatta konservatiivien dominoiman Iranin parlamentin hyv\u00e4ksym\u00e4t tiukennukset ns. <em><strong>huivilakiin. <\/strong><\/em>Pezeskian asema Iranin poliittisessa valtapeliss\u00e4 ilmeisesti heikkeni kes\u00e4kuussa -25, kun <strong>Israel<\/strong>in t\u00e4sm\u00e4pommitukset <strong>Teheran<\/strong>in asuinalueille surmasivat johtavia turvallisuusviranomaisia -mahdollisesti Pezeskianin tukijoita- ja nostattivat vihaa &#8217;<em>l\u00e4ntt\u00e4<\/em>&#8217; ja &#8217;<em>sionisteja<\/em>&#8217; kohtaan, -mik\u00e4 hy\u00f6dytti uskonnolliskonservatiiveja.<\/p>\n<p>Konservatiivien p\u00e4\u00e4stess\u00e4 ratkaisemaan, Iranin hallinnon reaktio mielenilmaisuja kohtaan voi jyrket\u00e4. -Mik\u00e4 voi johtaa hallitsemattomaan tilanteeseen, -ja Iranin islamistisen valtiomuodon tuhoon. Mik\u00e4li tilanne eskaloituu, ja konservatiivit p\u00e4\u00e4sev\u00e4t niskan p\u00e4\u00e4lle, voimme n\u00e4hd\u00e4 islamistisen sharia-valtion nousseen L\u00e4hi-It\u00e4\u00e4n.<\/p>\n<p>Mielenosoittajien tahdon mukainen lopputulos olisi Iranille uusi alku. <img loading=\"lazy\" decoding=\"async\" class=\"alignnone size-full wp-image-144\" src=\"https:\/\/www.uutispeili.fi\/wp-content\/uploads\/2023\/11\/di.gold_.gif\" alt=\"\" width=\"11\" height=\"11\" \/><\/p>\n<p>Luettavaa:<\/p>\n<ul>\n<li><a href=\"https:\/\/www.rferl.org\/a\/iran-protest-kurd-khamenei\/33641405.html\" target=\"_blank\" rel=\"noopener\"><strong>Radio Free Europe \/ Radio Liberty<\/strong><\/a> 06.01. 2026, klo. 16:06,<\/li>\n<li><a href=\"https:\/\/english.alarabiya.net\/News\/middle-east\/2026\/01\/06\/iran-security-forces-use-tear-gas-on-protesters-at-tehran-bazaar-rights-groups-\" target=\"_blank\" rel=\"noopener\"><strong>al-Arabyia<\/strong><\/a> 06.01. 2026,<\/li>\n<li><a href=\"https:\/\/www.irna.ir\/news\/86046572\/%D9%BE%D8%B2%D8%B4%DA%A9%DB%8C%D8%A7%D9%86-%D8%A7%DA%AF%D8%B1-%D8%AF%D8%A7%D9%86%D8%B4%D8%AC%D9%88-%D9%85%D8%B9%D8%AA%D8%B1%D8%B6-%D8%A7%D8%B3%D8%AA-%D9%85%D8%A7-%D9%85%D9%82%D8%B5%D8%B1%DB%8C%D9%85-%DA%A9%D8%A7%D8%B1%DB%8C-%DA%A9%D9%86%DB%8C%D9%85-%D9%85%D8%B1%D8%AF%D9%85-%D8%A8%D9%87-%D8%A7%D9%86%D9%82%D9%84%D8%A7%D8%A8\" target=\"_blank\" rel=\"noopener\"><strong>IRNA<\/strong><\/a> 06.01. 2026: Presidentti Pezeskian t\u00e4n\u00e4\u00e4n: Jos opiskelija protestoi, me olemme syyllisi\u00e4, tehd\u00e4\u00e4n ihmisist\u00e4 optimistisia vallankumouksen suhteen,<\/li>\n<li><a href=\"https:\/\/www.ncr-iran.org\/en\/news\/iran-protests\/\" target=\"_blank\" rel=\"noopener\"><strong>NCRI<\/strong><\/a> (p\u00e4ivittyv\u00e4, protesteista.)<\/li>\n<\/ul>\n<p>Videointi: <strong>The Indian Express<\/strong> 06.01. 2026:<br \/>\n<iframe loading=\"lazy\" title=\"Iran Protests Turn Deadly as Death Toll Hits 35, Over 1200 Detained | Iran Latest News\" src=\"https:\/\/www.youtube.com\/embed\/C_Bgr1nnmSs\" width=\"901\" height=\"258\" frameborder=\"0\" allowfullscreen=\"allowfullscreen\"><\/iframe><\/p>\n<h2>Aiemmissa julkaisuissa:<\/h2>\n<p>04.01. 2026:<\/p>\n<blockquote class=\"wp-embedded-content\" data-secret=\"0gJDQYZgwW\"><p><a href=\"https:\/\/www.uutispeili.fi\/index.php\/2026\/01\/04\/iranin-mielenosoitukset-jatkuivat-seitsematta-paivaa\/\">Iranin mielenosoitukset jatkuivat seitsem\u00e4tt\u00e4 p\u00e4iv\u00e4\u00e4<\/a><\/p><\/blockquote>\n<p><iframe class=\"wp-embedded-content\" sandbox=\"allow-scripts\" security=\"restricted\" style=\"position: absolute; clip: rect(1px, 1px, 1px, 1px);\" title=\"&#8221;Iranin mielenosoitukset jatkuivat seitsem\u00e4tt\u00e4 p\u00e4iv\u00e4\u00e4&#8221; &#8212; \" src=\"https:\/\/www.uutispeili.fi\/index.php\/2026\/01\/04\/iranin-mielenosoitukset-jatkuivat-seitsematta-paivaa\/embed\/#?secret=WONGFETYnv#?secret=0gJDQYZgwW\" data-secret=\"0gJDQYZgwW\" width=\"600\" height=\"338\" frameborder=\"0\" marginwidth=\"0\" marginheight=\"0\" scrolling=\"no\"><\/iframe><\/p>\n<p>27.08. 20<strong>24<\/strong>:<\/p>\n<blockquote class=\"wp-embedded-content\" data-secret=\"WsumoV9V4p\"><p><a href=\"https:\/\/www.uutispeili.fi\/index.php\/2024\/08\/27\/iranilaisen-taloustutkijan-nakemys-iranin-taloudesta-trump-vaara-pommi-ja-ystavat\/\">Iranilaisen taloustutkijan n\u00e4kemys Iranin taloudesta: &#8221;Trump-vaara&#8221;, pommi ja &#8217;yst\u00e4v\u00e4t&#8217;<\/a><\/p><\/blockquote>\n<p><iframe class=\"wp-embedded-content\" sandbox=\"allow-scripts\" security=\"restricted\" style=\"position: absolute; clip: rect(1px, 1px, 1px, 1px);\" title=\"&#8221;Iranilaisen taloustutkijan n\u00e4kemys Iranin taloudesta: &#8221;Trump-vaara&#8221;, pommi ja &#8217;yst\u00e4v\u00e4t&#8217;&#8221; &#8212; \" src=\"https:\/\/www.uutispeili.fi\/index.php\/2024\/08\/27\/iranilaisen-taloustutkijan-nakemys-iranin-taloudesta-trump-vaara-pommi-ja-ystavat\/embed\/#?secret=lir5GGbHJY#?secret=WsumoV9V4p\" data-secret=\"WsumoV9V4p\" width=\"600\" height=\"338\" frameborder=\"0\" marginwidth=\"0\" marginheight=\"0\" scrolling=\"no\"><\/iframe><\/p>\n<p>26.07. 2024:<\/p>\n<blockquote class=\"wp-embedded-content\" data-secret=\"a1Wb2sED5n\"><p><a href=\"https:\/\/www.uutispeili.fi\/index.php\/2024\/06\/28\/persiassa-iranissa-tapetaan-lapsia-missa-mielenosoittajat-tanaan\/\">Persiassa (Iranissa) tapetaan lapsia! -Miss\u00e4 mielenosoittajat t\u00e4n\u00e4\u00e4n?<\/a><\/p><\/blockquote>\n<p><iframe class=\"wp-embedded-content\" sandbox=\"allow-scripts\" security=\"restricted\" style=\"position: absolute; clip: rect(1px, 1px, 1px, 1px);\" title=\"&#8221;Persiassa (Iranissa) tapetaan lapsia! -Miss\u00e4 mielenosoittajat t\u00e4n\u00e4\u00e4n?&#8221; &#8212; \" src=\"https:\/\/www.uutispeili.fi\/index.php\/2024\/06\/28\/persiassa-iranissa-tapetaan-lapsia-missa-mielenosoittajat-tanaan\/embed\/#?secret=vgaF0nuTDy#?secret=a1Wb2sED5n\" data-secret=\"a1Wb2sED5n\" width=\"600\" height=\"338\" frameborder=\"0\" marginwidth=\"0\" marginheight=\"0\" scrolling=\"no\"><\/iframe><\/p>\n<p>01.01. 2026:<\/p>\n<blockquote class=\"wp-embedded-content\" data-secret=\"7OZDpRrBzR\"><p><a href=\"https:\/\/www.uutispeili.fi\/index.php\/2026\/01\/01\/iranilaisten-sietokynnys-ylittyi\/\">Iranilaisten sietokynnys ylittyi<\/a><\/p><\/blockquote>\n<p><iframe class=\"wp-embedded-content\" sandbox=\"allow-scripts\" security=\"restricted\" style=\"position: absolute; clip: rect(1px, 1px, 1px, 1px);\" title=\"&#8221;Iranilaisten sietokynnys ylittyi&#8221; &#8212; \" src=\"https:\/\/www.uutispeili.fi\/index.php\/2026\/01\/01\/iranilaisten-sietokynnys-ylittyi\/embed\/#?secret=c7VNnhzp9B#?secret=7OZDpRrBzR\" data-secret=\"7OZDpRrBzR\" width=\"600\" height=\"338\" frameborder=\"0\" marginwidth=\"0\" marginheight=\"0\" scrolling=\"no\"><\/iframe><\/p>\n<p>06.12. 2025:<\/p>\n<blockquote class=\"wp-embedded-content\" data-secret=\"BwMeeCuCHH\"><p><a href=\"https:\/\/www.uutispeili.fi\/index.php\/2025\/12\/06\/iranissa-laajoja-mielenosoituksia-kuolemanrangaistuksia-vastaan-lakkoaalto\/\">Iranissa laajoja mielenosoituksia kuolemanrangaistuksia vastaan, lakkoaalto<\/a><\/p><\/blockquote>\n<p><iframe class=\"wp-embedded-content\" sandbox=\"allow-scripts\" security=\"restricted\" style=\"position: absolute; clip: rect(1px, 1px, 1px, 1px);\" title=\"&#8221;Iranissa laajoja mielenosoituksia kuolemanrangaistuksia vastaan, lakkoaalto&#8221; &#8212; \" src=\"https:\/\/www.uutispeili.fi\/index.php\/2025\/12\/06\/iranissa-laajoja-mielenosoituksia-kuolemanrangaistuksia-vastaan-lakkoaalto\/embed\/#?secret=DWgbbIvxWV#?secret=BwMeeCuCHH\" data-secret=\"BwMeeCuCHH\" width=\"600\" height=\"338\" frameborder=\"0\" marginwidth=\"0\" marginheight=\"0\" scrolling=\"no\"><\/iframe><\/p>\n<p>04.09. <strong>2024<\/strong>:<\/p>\n<blockquote class=\"wp-embedded-content\" data-secret=\"jzpJ3eojz2\"><p><a href=\"https:\/\/www.uutispeili.fi\/index.php\/2024\/09\/04\/iranilais-lehti-meilla-ei-ole-bensaa-loman-aikana-menneisyyden-perinto-ja-oljyministerion-huolimattomuus-teki-kesaloman-katkeraksi\/\">Iranilais-lehti: &#8221;Meill\u00e4 ei ole bensaa loman aikana! -Menneisyyden perint\u00f6 ja \u00f6ljyministeri\u00f6n huolimattomuus teki kes\u00e4loman katkeraksi&#8221;<\/a><\/p><\/blockquote>\n<p><iframe class=\"wp-embedded-content\" sandbox=\"allow-scripts\" security=\"restricted\" style=\"position: absolute; clip: rect(1px, 1px, 1px, 1px);\" title=\"&#8221;Iranilais-lehti: &#8221;Meill\u00e4 ei ole bensaa loman aikana! -Menneisyyden perint\u00f6 ja \u00f6ljyministeri\u00f6n huolimattomuus teki kes\u00e4loman katkeraksi&#8221;&#8221; &#8212; \" src=\"https:\/\/www.uutispeili.fi\/index.php\/2024\/09\/04\/iranilais-lehti-meilla-ei-ole-bensaa-loman-aikana-menneisyyden-perinto-ja-oljyministerion-huolimattomuus-teki-kesaloman-katkeraksi\/embed\/#?secret=TffHszKvFK#?secret=jzpJ3eojz2\" data-secret=\"jzpJ3eojz2\" width=\"600\" height=\"338\" frameborder=\"0\" marginwidth=\"0\" marginheight=\"0\" scrolling=\"no\"><\/iframe><\/p>\n<p>07.07. 2025:<\/p>\n<blockquote class=\"wp-embedded-content\" data-secret=\"g7zsIK7qIE\"><p><a href=\"https:\/\/www.uutispeili.fi\/index.php\/2025\/07\/07\/iranin-presidentti-vaittaa-israel-yritti-murhata-minut\/\">Iranin presidentti v\u00e4itt\u00e4\u00e4: &#8217;Israel yritti murhata minut&#8217;<\/a><\/p><\/blockquote>\n<p><iframe class=\"wp-embedded-content\" sandbox=\"allow-scripts\" security=\"restricted\" style=\"position: absolute; clip: rect(1px, 1px, 1px, 1px);\" title=\"&#8221;Iranin presidentti v\u00e4itt\u00e4\u00e4: &#8217;Israel yritti murhata minut&#8217;&#8221; &#8212; \" src=\"https:\/\/www.uutispeili.fi\/index.php\/2025\/07\/07\/iranin-presidentti-vaittaa-israel-yritti-murhata-minut\/embed\/#?secret=eSXidKAG1z#?secret=g7zsIK7qIE\" data-secret=\"g7zsIK7qIE\" width=\"600\" height=\"338\" frameborder=\"0\" marginwidth=\"0\" marginheight=\"0\" scrolling=\"no\"><\/iframe><\/p>\n<p>20.06. 2025:<\/p>\n<blockquote class=\"wp-embedded-content\" data-secret=\"445kuTCmpL\"><p><a href=\"https:\/\/www.uutispeili.fi\/index.php\/2025\/06\/20\/vapaa-tiedonvalitys-tehoaa-iranin-hulluihin-pappeihin-paremmin-kuin-trumpin-ihmepommi-ja-netanyahun-uho\/\">Vapaa tiedonv\u00e4litys tehoaa Iranin hulluihin pappeihin paremmin, kuin Trumpin ihmepommi ja Netanyahun uho<\/a><\/p><\/blockquote>\n<p><iframe class=\"wp-embedded-content\" sandbox=\"allow-scripts\" security=\"restricted\" style=\"position: absolute; clip: rect(1px, 1px, 1px, 1px);\" title=\"&#8221;Vapaa tiedonv\u00e4litys tehoaa Iranin hulluihin pappeihin paremmin, kuin Trumpin ihmepommi ja Netanyahun uho&#8221; &#8212; \" src=\"https:\/\/www.uutispeili.fi\/index.php\/2025\/06\/20\/vapaa-tiedonvalitys-tehoaa-iranin-hulluihin-pappeihin-paremmin-kuin-trumpin-ihmepommi-ja-netanyahun-uho\/embed\/#?secret=QiwBokNAnD#?secret=445kuTCmpL\" data-secret=\"445kuTCmpL\" width=\"600\" height=\"338\" frameborder=\"0\" marginwidth=\"0\" marginheight=\"0\" scrolling=\"no\"><\/iframe><\/p>\n<p>16.06. 2025:<\/p>\n<blockquote class=\"wp-embedded-content\" data-secret=\"Ud9D6lh1w8\"><p><a href=\"https:\/\/www.uutispeili.fi\/index.php\/2025\/06\/16\/iran-ei-aio-kehittaa-ydinaseita-mutta-se-aikoo-ajaa-oikeuttaan-ydinenergiaan-sanoo-iranin-presidentti-iran-irtautuu-ydinsulkusopimuksesta\/\">&#8221;Iran ei aio kehitt\u00e4\u00e4 ydinaseita, mutta se aikoo ajaa oikeuttaan ydinenergiaan&#8221;, sanoo Iranin presidentti, -Iran irtautuu ydinsulkusopimuksesta<\/a><\/p><\/blockquote>\n<p><iframe class=\"wp-embedded-content\" sandbox=\"allow-scripts\" security=\"restricted\" style=\"position: absolute; clip: rect(1px, 1px, 1px, 1px);\" title=\"&#8221;&#8221;Iran ei aio kehitt\u00e4\u00e4 ydinaseita, mutta se aikoo ajaa oikeuttaan ydinenergiaan&#8221;, sanoo Iranin presidentti, -Iran irtautuu ydinsulkusopimuksesta&#8221; &#8212; \" src=\"https:\/\/www.uutispeili.fi\/index.php\/2025\/06\/16\/iran-ei-aio-kehittaa-ydinaseita-mutta-se-aikoo-ajaa-oikeuttaan-ydinenergiaan-sanoo-iranin-presidentti-iran-irtautuu-ydinsulkusopimuksesta\/embed\/#?secret=TH7lUqj4GU#?secret=Ud9D6lh1w8\" data-secret=\"Ud9D6lh1w8\" width=\"600\" height=\"338\" frameborder=\"0\" marginwidth=\"0\" marginheight=\"0\" scrolling=\"no\"><\/iframe><\/p>\n<p>27.05. 2025:<\/p>\n<blockquote class=\"wp-embedded-content\" data-secret=\"YWiaEJkPZv\"><p><a href=\"https:\/\/www.uutispeili.fi\/index.php\/2025\/05\/27\/kuorma-autolijoiden-lakko-iranissa-jatkuu-ja-ulottuu-koko-maahan\/\">Kuorma-autolijoiden lakko Iranissa jatkuu, -ja ulottuu koko maahan<\/a><\/p><\/blockquote>\n<p><iframe class=\"wp-embedded-content\" sandbox=\"allow-scripts\" security=\"restricted\" style=\"position: absolute; clip: rect(1px, 1px, 1px, 1px);\" title=\"&#8221;Kuorma-autolijoiden lakko Iranissa jatkuu, -ja ulottuu koko maahan&#8221; &#8212; \" src=\"https:\/\/www.uutispeili.fi\/index.php\/2025\/05\/27\/kuorma-autolijoiden-lakko-iranissa-jatkuu-ja-ulottuu-koko-maahan\/embed\/#?secret=JY09DDuam6#?secret=YWiaEJkPZv\" data-secret=\"YWiaEJkPZv\" width=\"600\" height=\"338\" frameborder=\"0\" marginwidth=\"0\" marginheight=\"0\" scrolling=\"no\"><\/iframe><\/p>\n<p>03.12. 2024:<\/p>\n<blockquote class=\"wp-embedded-content\" data-secret=\"p3NWdv6GkI\"><p><a href=\"https:\/\/www.uutispeili.fi\/index.php\/2024\/12\/03\/iranin-presidentti-ei-pida-uudesta-tiukemmasta-hijab-laista\/\">Iranin presidentti ei pid\u00e4 uudesta tiukemmasta hijab-laista<\/a><\/p><\/blockquote>\n<p><iframe class=\"wp-embedded-content\" sandbox=\"allow-scripts\" security=\"restricted\" style=\"position: absolute; clip: rect(1px, 1px, 1px, 1px);\" title=\"&#8221;Iranin presidentti ei pid\u00e4 uudesta tiukemmasta hijab-laista&#8221; &#8212; \" src=\"https:\/\/www.uutispeili.fi\/index.php\/2024\/12\/03\/iranin-presidentti-ei-pida-uudesta-tiukemmasta-hijab-laista\/embed\/#?secret=e5cqiiG6Ht#?secret=p3NWdv6GkI\" data-secret=\"p3NWdv6GkI\" width=\"600\" height=\"338\" frameborder=\"0\" marginwidth=\"0\" marginheight=\"0\" scrolling=\"no\"><\/iframe><\/p>\n","protected":false},"excerpt":{"rendered":"<p>Iranin sis\u00e4inen tilanne n\u00e4ytt\u00e4\u00e4 kulkevan kohti yhteent\u00f6rm\u00e4yst\u00e4 hallinnon ja mielenosoittajien v\u00e4lill\u00e4. Perjantaina (03.01.) kymmeni\u00e4 mielenosoittajia oli kokoontunut Malekshahissa, Ilamin maakunnassa L\u00e4nsi-Iranissa, Iranin islamilaisen vallankumouskaartin (IRGC:n) k\u00e4ytt\u00e4m\u00e4n kaksikerroksiseen rakennuksen edustalle. Tilanne k\u00e4rjistyi v\u00e4kivaltaiseksi. Mielenosoittajien chantatessa hallinnonvastaisia \u200b\u200biskulauseita, -joidenkin heitelless\u00e4 kivi\u00e4 rakennukseen- vallankumouskaartilaisia kiipesi rakennuksen katolle, avaten sielt\u00e4 tulituksen suoraan v\u00e4kijoukkoa kohti. Malekshahissa asuva Mohammad Heydar Ilami\u00a0kertoi [&hellip;]<\/p>\n","protected":false},"author":3,"featured_media":10196,"comment_status":"open","ping_status":"open","sticky":false,"template":"","format":"standard","meta":{"footnotes":""},"categories":[112,71,195],"tags":[],"_links":{"self":[{"href":"https:\/\/www.uutispeili.fi\/index.php\/wp-json\/wp\/v2\/posts\/10226"}],"collection":[{"href":"https:\/\/www.uutispeili.fi\/index.php\/wp-json\/wp\/v2\/posts"}],"about":[{"href":"https:\/\/www.uutispeili.fi\/index.php\/wp-json\/wp\/v2\/types\/post"}],"author":[{"embeddable":true,"href":"https:\/\/www.uutispeili.fi\/index.php\/wp-json\/wp\/v2\/users\/3"}],"replies":[{"embeddable":true,"href":"https:\/\/www.uutispeili.fi\/index.php\/wp-json\/wp\/v2\/comments?post=10226"}],"version-history":[{"count":5,"href":"https:\/\/www.uutispeili.fi\/index.php\/wp-json\/wp\/v2\/posts\/10226\/revisions"}],"predecessor-version":[{"id":10237,"href":"https:\/\/www.uutispeili.fi\/index.php\/wp-json\/wp\/v2\/posts\/10226\/revisions\/10237"}],"wp:featuredmedia":[{"embeddable":true,"href":"https:\/\/www.uutispeili.fi\/index.php\/wp-json\/wp\/v2\/media\/10196"}],"wp:attachment":[{"href":"https:\/\/www.uutispeili.fi\/index.php\/wp-json\/wp\/v2\/media?parent=10226"}],"wp:term":[{"taxonomy":"category","embeddable":true,"href":"https:\/\/www.uutispeili.fi\/index.php\/wp-json\/wp\/v2\/categories?post=10226"},{"taxonomy":"post_tag","embeddable":true,"href":"https:\/\/www.uutispeili.fi\/index.php\/wp-json\/wp\/v2\/tags?post=10226"}],"curies":[{"name":"wp","href":"https:\/\/api.w.org\/{rel}","templated":true}]}}