{"id":10115,"date":"2025-12-27T19:49:42","date_gmt":"2025-12-27T17:49:42","guid":{"rendered":"https:\/\/www.uutispeili.fi\/?p=10115"},"modified":"2026-03-08T21:04:30","modified_gmt":"2026-03-08T19:04:30","slug":"kristillis-konservatiivien-valjastamisesta-neuvostoliiton-venajan-massapropagandan-rattaiden-eteen-paatettiin-karlovy-varyn-kokouksessa-v-1967","status":"publish","type":"post","link":"https:\/\/www.uutispeili.fi\/index.php\/2025\/12\/27\/kristillis-konservatiivien-valjastamisesta-neuvostoliiton-venajan-massapropagandan-rattaiden-eteen-paatettiin-karlovy-varyn-kokouksessa-v-1967\/","title":{"rendered":"Kristillis-konservatiivien valjastamisesta Neuvostoliiton\/Ven\u00e4j\u00e4n massapropagandan rattaiden eteen p\u00e4\u00e4tettiin Karlovy Varyn kokouksessa v.1967"},"content":{"rendered":"<p><strong>Monet historiaa muokkaavat prosessit alkavat toisistaan riippumatta, -omista syist\u00e4\u00e4n- mutta ne vaikuttavat toisiinsa, lomittuvat, sotkeutuvat ja tuottavat arvaamattomia lopputuloksia. Tarkastelemme er\u00e4st\u00e4 kehitystrendien kompleksia.<\/strong><\/p>\n<p>Kes\u00e4ll\u00e4 <strong>1963<\/strong>\u00a0<a href=\"https:\/\/youtu.be\/7akuOFp-ET8?list=RD7akuOFp-ET8\" target=\"_blank\" rel=\"noopener\">Joan Baez <\/a>laulatti <strong>Washingtonin<\/strong> monumentaalisessa keskustassa, &#8211;<strong>Yhdysvaltain<\/strong> kaikkein pyhimm\u00e4ss\u00e4-\u00a0 yli 100 000:lla kaikenv\u00e4risell\u00e4 amerikkalaisella &#8221;<em>We shall overcome<\/em>&#8221;. <strong>Kansalaisoikeusliike<\/strong> n\u00e4ytti voimansa, -ja aikeensa korjata <strong><em>l\u00e4ntisen maailman<\/em><\/strong> johtavan valtion kasvoilta sen n\u00e4kyvimm\u00e4n kauneusvirheen: <em><strong>Rotusyrjinn\u00e4n<\/strong><\/em>.<\/p>\n<p>Yhdysvaltojen suvereenisti johtama &#8217;<strong><em>vapaa maailma<\/em><\/strong>&#8217; oli siihen menness\u00e4 saavuttanut t\u00e4ydellisen moraalisen voiton totalitaarisesta <strong>kommunismista<\/strong>, joka oli paljastunut joukoksi brutaaleja poliisivaltioita, -vaikka viel\u00e4 1947 amerikkalaistenkin enemmist\u00f6 oli uskonut yst\u00e4v\u00e4lliseen &#8221;<em>Joe-set\u00e4<\/em>&#8221; <strong>Stalin<\/strong>iin, ja ett\u00e4 &#8221;<em>Neuvostoliitossa on vain erilainen hallintomalli, -kyll\u00e4 he ajan kanssa muuttuvat demokraateiksi!<\/em>&#8221;.<\/p>\n<p>Viimeist\u00e4\u00e4n 1950-luvulla k\u00e4yty <strong>Korean sota<\/strong>, ja <strong>It\u00e4-Euroopan<\/strong> kommunistinen pakkovalta olivat avanneet tapansa\u00a0 mukaan hyv\u00e4uskoisten jenkkien silm\u00e4t, -r\u00e4hm\u00e4tkin olivat rapisseet- ja 30-lukulainen &#8221;<strong><em>New Deal<\/em><\/strong>&#8221; &#8211;<em>liberalismi<\/em> sinnitteli vain er\u00e4iss\u00e4 Yhdysvaltain korkeissa virastoissa, -ellei Joseph <strong>McGarthy<\/strong> ollut sit\u00e4 sielt\u00e4 siivonnut.<\/p>\n<p>En viel\u00e4 puutuu siihen, ett\u00e4 &#8221;<em>Deal<\/em>&#8221; on tullut takaisin, -ainakin <strong>Oval Office<\/strong>en.<\/p>\n<blockquote><p>Yhdysvallat oli 1960-luvulle tultaessa maailman johtava taloudellinen, sotilaallinen ja moraalinen valta. Kaikki sen viholliset ovat k\u00f6yhempi\u00e4, heikompia ja kompromenttoineet ihan itse oman maineensa \u00f6ykk\u00e4rein\u00e4, valehtelijoina ja roistovaltioina.<\/p><\/blockquote>\n<h2>Imperialisista maailmankommunismia ei voitu ehostaa salonkikelpoiseksi: Siis etsim\u00e4\u00e4n &#8221;<em>l\u00e4nnen<\/em>&#8221; virheit\u00e4?<\/h2>\n<p>Jos n\u00e4in ajateltiin kommunisti-leiriss\u00e4, niin joku ehti ensin: Yhdysvaltain r\u00e4ikeimp\u00e4\u00e4n ep\u00e4kohtaan, rotusyrjint\u00e4\u00e4n, kiinnitettiin huomio sek\u00e4 maan korkeassa hallinnossa, ett\u00e4 radikaalissa kansalaismielipiteess\u00e4.<\/p>\n<p>Varapresidentti <strong>Lyndon Baines Johnson<\/strong> -my\u00f6hempi presidentti- oli suopea kansalaisoikeusliikkeelle, jonka l\u00e4ht\u00f6kohdat eiv\u00e4t olleet ideologisia vaan <em>moraalisia<\/em>. Kansalaisoikeusliike, jonka n\u00e4kyvin hahmo oli pastori <strong>Martin Luther King<\/strong>, tukeutui <strong>Yhdysvaltain itsen\u00e4isyysjulistuksen<\/strong> periaatteisiin, ja uskoi tavoitteidensa toteutuvan demokraattisesti, rauhanomaisesti ja amerikkalaisella tavalla.<\/p>\n<p>Viittasin jo vuoden 1963 kansalaisoikeusmarssiin, <strong>Barac Obama<\/strong> oli ehk\u00e4 tuolloin yleis\u00f6n mukana <strong>Lincolnin<\/strong> <strong>monumenti<\/strong>n edustalla, -ellei, niin seuraavalla kerralla. J\u00e4lkitarkastelussa n\u00e4emme, ett\u00e4 tuolloin alkoi se vaihe, joka p\u00e4\u00e4ttyi <strong>Joe Biden<\/strong>in mukana: Yhdysvaltain pyrkimys hyv\u00e4\u00e4n, -ja lapsenusko, ett\u00e4 muutkin pyrkii.<\/p>\n<blockquote><p><strong>WOKE<\/strong>:n ja <strong>DEI<\/strong>:n ylily\u00f6nnit vaativat oman tarkastelunsa, -ja niiden korrelaatio my\u00f6hempiin tapahtumiin.<\/p><\/blockquote>\n<p><strong>Suomalainen<\/strong> &#8211;<em>j\u00e4lkistalinistinen<\/em> (mit\u00e4\u00e4n katumaton)- historiantulkinta jakaa ns. <strong>nuorisoradikalismin<\/strong> &#8221;<strong><em>kehitysvaiheisiin<\/em><\/strong>&#8221;, -olettaen kategorisena imperatiivina, ett\u00e4 &#8217;kehityksen&#8217; luonnollinen ja itsest\u00e4\u00e4n selv\u00e4 p\u00e4\u00e4m\u00e4\u00e4r\u00e4 oli heid\u00e4n <strong>marxilainen fundamentalismi<\/strong>nsa, ns. &#8221;<em>tieteellinen maailmankatsomus<\/em>&#8221;. (Voitteko kuvitella!)<\/p>\n<blockquote><p>Anglosaksiseen liberaaliseen perinteeseen tukeutuvan amerikkalaisen kansalaisoikeusliikkeen vaikute her\u00e4tti em. kategorisoinnin mukaisen &#8221;ensimm\u00e4isen vaiheen&#8221;, -my\u00f6s <strong>Suomessa<\/strong>.<\/p><\/blockquote>\n<h2>Joku muukin her\u00e4si?<\/h2>\n<p><strong>Nuoriso-<\/strong> tai <strong>opiskelijaradikalismi<\/strong> oli jotain aivan uutta. -Sen ymm\u00e4rt\u00e4miseen ei ollut ty\u00f6kaluja, ei id\u00e4ss\u00e4 eik\u00e4 l\u00e4nness\u00e4. Id\u00e4ss\u00e4 -kommunistisessa maailmassa- se koettiin heti <strong><em>eksistentiaaliseksi uhkaksi<\/em><\/strong>:<\/p>\n<blockquote><p>Kommunistinen doktriini oli hyvin suojattu kaikelta <strong>oikeistokonservatiiviselta<\/strong> arvostelulta: Oikeisto oli kokonaisuudessa demonisoitu Kreml-formaatin kommunismin uskovaisten keskuudessa. -Mutta aidot vasemmistoliberaalit tai vasemmistoradikaalit varastivat &#8221;<strong>Moskovan kruununkalleudet<\/strong>&#8221;, -heid\u00e4n ideologiansa olemassaolon oikeuden.<\/p><\/blockquote>\n<p>-Siisp\u00e4 agenttien, piilovaikuttajien, ja &#8221;<em>hy\u00f6dyllisten idioottien<\/em>&#8221; laumat <em><strong>ottamaan haltuun<\/strong><\/em> radikalismia. Suomessa t\u00e4m\u00e4 ty\u00f6 oli saatettu p\u00e4\u00e4m\u00e4\u00e4r\u00e4\u00e4ns\u00e4 kes\u00e4ll\u00e4 1970, -jolloin Suomessa oli doktriinin mukaan &#8221;<strong><em>vallankumouksen objektiiviset edellytykset<\/em><\/strong>&#8221;. (T\u00e4st\u00e4 enemm\u00e4n toisessa yhteydess\u00e4.)<\/p>\n<h2>&#8221;Kommunististen ja ty\u00f6v\u00e4enpuolueiden Karlovy Varyn konferenssi 24.-26.04. 1967<\/h2>\n<p>Silloisessa <strong>Tsekkoslovakian<\/strong> Sosialistisessa Tasavallassa, <strong>Karlovy Vary<\/strong>n kaupungissa &#8211;poissa p\u00e4\u00e4kaupungin diplomaattisesta h\u00e4lin\u00e4st\u00e4- oltiin tekem\u00e4ss\u00e4 historiaa. -Tai ainakin niin luultiin.<\/p>\n<p><strong>Ven\u00e4j\u00e4ll\u00e4<\/strong> marraskuussa 1917 tapahtuneessa <strong>vallankaappauksessa<\/strong> valtion ohjaksiin pujahtanut klikki, -joukko ammattih\u00e4irikk\u00f6j\u00e4, kahvilaradikaaleja ja terroristeja- oli kokenut jo kaksi ep\u00e4onnistumista aikeessaan levitt\u00e4\u00e4 omaa formaattiaan &#8211;<strong><em>byrokraattista diktatuuria<\/em><\/strong>&#8211; muille kansoille:<\/p>\n<ol>\n<li>1920-luvulla neuvostokommunismi joutui my\u00f6nt\u00e4m\u00e4\u00e4n itselleen, ettei &#8221;<em>vallankumousta<\/em>&#8221; onnistuta ulottamaan Eurooppaan maiden sis\u00e4isten kapinointien avulla. -T\u00e4m\u00e4n kannan esitti er\u00e4s <strong>O.W.Kuusinen<\/strong> Kominternille. OWK ehdotti <strong>puna-armeijan<\/strong> tavanomaisiin sotilaallisiin hy\u00f6kk\u00e4yksiin turvautumista.<\/li>\n<li>Neuvostoliiton tarkoitus oli p\u00e4\u00e4st\u00e4 <strong><em>maailmansodan<\/em><\/strong> avulla ainakin <strong>Englannin kanaalin<\/strong> rannoille asti.\u00a0 T\u00e4m\u00e4kin ep\u00e4onnistui -jenkkien hyv\u00e4uskoisuuden rapistessa- v.1945, jolloin saaliiksi j\u00e4i vain it\u00e4inen Eurooppa.<\/li>\n<\/ol>\n<p>Puolet Euroopasta ei Stalinille riitt\u00e4nyt, koska rinnakkaiselo &#8221;<em>kapitalismin<\/em>&#8221; kanssa ymm\u00e4rrettiin jo 40-luvulla tuhoisaksi kommunismille: Kurjuuden ja orjuuden valtakunnat -kommunistimaat- eiv\u00e4t kest\u00e4 kilpailua ja rinnastusta <em>vapaan markkinatalouden<\/em> ja <em>moniarvoisen demokratian<\/em> &#8211;<strong><em>avointen yhteiskuntien<\/em><\/strong>&#8211; kanssa, vaan rinnakkaisuus johtaa v\u00e4ist\u00e4m\u00e4tt\u00e4 kommunismin t\u00e4ystuhoon. (Kuten sitten tapahtuikin.)<\/p>\n<p><strong>Kreml<\/strong>iin pesiytyneen &#8217;<em>ankean aatteen<\/em>&#8217; maailmanvalloitus uhkasi siirty\u00e4 tulevaisuuteen -ilman p\u00e4iv\u00e4m\u00e4\u00e4r\u00e4\u00e4- ja <strong>Roosevelt<\/strong>in &#8221;<em>New Dealin<\/em>&#8221; ja <strong>toisen maailmasodan<\/strong> antama tilaisuus oli hukattu. -Mutta fanaatikko ei ole fanaatikko, jos h\u00e4n antaa periksi tosiasioiden edess\u00e4! -Siisp\u00e4. eikun uutta yrityst\u00e4 putkeen!<\/p>\n<h2>Karlovy Varyssa laadittiin uudet nuotit Kremlin maailmanvalloitukselle<\/h2>\n<blockquote><p>&#8221;Karlovy Varyss\u00e4 kansainv\u00e4linen kommunistinen liike sai kommunismin edistymiseen liittyv\u00e4n taisteluteht\u00e4v\u00e4n, ja se n\u00e4kyi erityisesti Suomessa. <strong>Nuorisoradikalismin kytkeminen kommunistien suunnitelmiin<\/strong> tapahtui Karlovy Varyssa. (Seppinen, sivu 287.)<\/p><\/blockquote>\n<p>Kokouksen\u00a0 vaikutukset n\u00e4kyiv\u00e4tkin Suomessa pienell\u00e4 viiveell\u00e4: Helsingiss\u00e4, <strong>Kulttuuritalolla<\/strong>, 1.-2. helmikuuta 1969 j\u00e4rjestettiin <strong>Suomen Kommunistisen Puolueen<\/strong> (SKP) seminaari &#8221;<em>Vallankumous ja kapinoivat nuoret<\/em>&#8221;. T\u00e4t\u00e4 siell\u00e4 paasattiin:<\/p>\n<blockquote><p>&#8221;&#8230;opiskelijat ovat tuhatp\u00e4isen\u00e4 joukkona l\u00f6yt\u00e4neet, ja yh\u00e4 useammat ovat l\u00f6yt\u00e4m\u00e4ss\u00e4 <strong>tieteellisen<\/strong> \u00a0<strong>sosialismin yleiset perusteet<\/strong>.&#8221; (Seppinen, s. 288.)<\/p><\/blockquote>\n<p>-T\u00e4m\u00e4 oli jo jotain aivan muuta, kuin <strong>Pete Seeger<\/strong> ja Bruce <strong>Springsteen<\/strong> laulattamassa\u00a0 &#8221;<a href=\"https:\/\/youtu.be\/HE4H0k8TDgw?list=RDHE4H0k8TDgw\" target=\"_blank\" rel=\"noopener\"><em>This land is my land, this land is Your land, -from California, to the New York island, -this land is made for You and me<\/em><\/a>&#8221;. (Video avautuu uuteen v\u00e4lilehteen.) Ristiriita n\u00e4ytt\u00e4ytyy huikeampana, kun muistaa <em>mihin voimiin<\/em> Kreml t\u00e4n\u00e4\u00e4n tukeutuu mm. <strong>Yhdysvalloissa<\/strong>.<\/p>\n<p>S\u00e4\u00e4st\u00e4n lukijan silt\u00e4 vertauksella, ett\u00e4 rinnastaisi &#8217;<em>sukupolvikapinan<\/em>&#8217; her\u00e4\u00e4misen laulut paljonpuhutun suomalaisen <strong>poliittisen laululiikkeen<\/strong> repertuaariin, jossa \u00e4lyllinen liikkuvuus on minimoitu (nollattu), ja sanoituksissa ylistet\u00e4\u00e4n mm. <strong>saksalaista diktatuurivaltiota<\/strong> (&#8221;DDR:\u00e4\u00e4&#8221;)<\/p>\n<h2>Kirkolliset mukaan!<\/h2>\n<p>Karlovy Varyn konferenssin julkilausuma, jonka <strong>SKP:n keskuskomite<\/strong>a j\u00e4lkeenp\u00e4in automaattisesti hyv\u00e4ksyi, osoitti vallankumouksen (oik: vallankaappauksen) tien -ns. &#8221;<strong><em>kansanrintamien<\/em><\/strong>&#8221; kautta- ja patisti etsim\u00e4\u00e4n uusiakin liittolaisia:<\/p>\n<blockquote><p>&#8217;Karlovy Varyn kokouksen julkilausuma korosti <strong>kristillisten piirien<\/strong> toiminnan merkityst\u00e4. (Seppinen, s. 287.)<\/p><\/blockquote>\n<p>Kas, valtio jossa papit on hirtetty, -ja kirkot muutettu hevostalleiksi, -jos eiv\u00e4t baareiksi kelvanneet- julisti k\u00e4ytt\u00e4v\u00e4ns\u00e4 kristittyj\u00e4 &#8221;<em>rauhanvoimana<\/em>&#8221; (=lyhytaikaisesti k\u00e4ytett\u00e4v\u00e4n\u00e4 liittolaisena). -T\u00e4m\u00e4kin formaatti rantautui Suomeen aikaa hukkaamatta:<\/p>\n<p>Siihen asti <strong>Taivallahden seurakunnan<\/strong> yll\u00e4pit\u00e4m\u00e4 nuorison <em>kristillisten kes\u00e4leirien<\/em> tapahtumapaikka, <strong>Mustasaari<\/strong> Seurasaarensel\u00e4ll\u00e4 Helsingiss\u00e4, oli suljettuna kes\u00e4n 1968, ja her\u00e4si seuraavaksi sesongiksi &#8217;<em>uusien lippujen alla<\/em>&#8217;. Virret eiv\u00e4t olleet vaihtuneet jenkkaan, mutta &#8217;<em>kalliolle-kukkulalle<\/em>&#8217; oli saanut uudet nuotit, ja &#8217;<strong>Agit prop<\/strong>&#8217; oli laulajien seuraavaa el\u00e4m\u00e4nvaihetta, ja kristillisyyteen haettiin &#8221;<em>sosiaalisen<\/em> <em>omantunnon n\u00e4k\u00f6kulmaa<\/em>&#8221;. -Karlovy Varyn toimintaohjelma oli t\u00e4\u00e4ll\u00e4.<\/p>\n<p>Kerroin edell\u00e4, ett\u00e4 Yhdysvaltain kansalaisoikeusliike avasi polun, mukaan tuppasivat ensin vasemmistoradikaalit, ja lopulta koko potin kaappasi diktatuurivaltioiden tiedustelupalvelujen auttamat <strong>marxilaiset fundamentalistit<\/strong>, joille suvaitsevaisuus, moniarvoisuus ja jopa toisten ihmisten mielipiteiden kunnioittaminen olivat <em>anateem<\/em>a heid\u00e4n ihanteilleen.<\/p>\n<p>Mihin voimme viimeksi mainittuja parhaiten verrata? Dogmaatikkoina he eiv\u00e4t voineet olla <em>radikaaleja<\/em>, ja <em>suvaitsevaisuus<\/em> oli mahdollisimman kaukana heid\u00e4n poliittisen oikeaoppisuuden vaatimuksestaan. Ehk\u00e4 yksi verrokkiryhm\u00e4 l\u00f6ytyy, -2020-luvulta:<\/p>\n<h2>Kremlin nykyiset yst\u00e4v\u00e4t<\/h2>\n<p>Koettuaan em. kaksi takaiskua, Kremliin pesiytynyt vallanhimoinen klikki on n\u00e4emm\u00e4 j\u00e4tt\u00e4nyt omien ideologisten kuppikuntiensa rakentelun, ja etsii valmiina olemassa olevista <em>haltuun otettavaa<\/em>. -Ellei sitten 2000-luvun <strong>uusoikeisto<\/strong> (<em>New Right<\/em>) ole kokonaisuudessaan heid\u00e4n v\u00e4s\u00e4\u00e4m\u00e4ns\u00e4 ihan alusta alkaen.<\/p>\n<p>Operaatiolle <strong>kirkkojen<\/strong> valtaamisesta ja hy\u00f6dynt\u00e4misest\u00e4 &#8221;<em>rauhanty\u00f6h\u00f6n<\/em>&#8221; -siis diktatuurivaltioiden propagandan tarkoituksiin- on siis laskettu perusta jo n.1967. T\u00e4n\u00e4\u00e4n olemme niin pitk\u00e4ll\u00e4, ett\u00e4 kaikki kristilliskonservatiiviset nettiportaalit (12 kpl), joita yhdysvaltalainen kristitty yleis\u00f6 seuraa, saattavat olla Ven\u00e4j\u00e4n tiedustelun, <strong>FSB<\/strong>:n, trollitehtaiden ohjaamia.<\/p>\n<blockquote><p>Kremlin seireenin-kutsu kohdistuu t\u00e4n\u00e4\u00e4n konservatiiveihin -erityisesti kristillisiin- joissa nykyajan ilmi\u00f6t her\u00e4tt\u00e4v\u00e4t pelkoa. Viestille alttiin levitt\u00e4v\u00e4t Kremlin &#8221;<em>ilosanomaa<\/em>&#8221; edelleen, ymm\u00e4rt\u00e4m\u00e4tt\u00e4 ett\u00e4 heid\u00e4n roolinsa m\u00e4\u00e4riteltiin jo huhtikuussa 1967 kommunistisessa It\u00e4-Euroopan maassa.<\/p><\/blockquote>\n<p>Mutta eik\u00f6s kristittyjen pit\u00e4nyt levitt\u00e4\u00e4 <strong>evankeliumia<\/strong>, eik\u00e4 <em>salaliittoteorioita<\/em>?<\/p>\n<p>Pekka Kemppainen<\/p>\n<p>Luettavaa:<\/p>\n<ul>\n<li>\n<p id=\"yui_patched_v3_11_0_1_1766877293289_223\">Statement by the <a href=\"https:\/\/www.cvce.eu\/en\/obj\/statement_by_the_european_communist_and_workers_parties_on_security_in_europe_karlovy_vary_26_april_1967-en-e8fe5ae4-27cc-4e0f-a48a-c8c82cb548e6.html\" target=\"_blank\" rel=\"noopener\">European Communist and Workers\u2019 Parties on security in Europe<\/a> (Karlovy Vary, 26 April 1967)<\/p>\n<\/li>\n<li>\n<p id=\"yui_patched_v3_11_0_1_1766877293289_223\"><strong>Jukka Seppinen<\/strong>: <em>Neuvostotiedustelu Suomessa<\/em> 1917-1991 strategia ja toiminta. Ajatuskirjat 2006,<\/p>\n<\/li>\n<li><strong>Jessikka Aro<\/strong>: <em>Putinin USA, n\u00e4in Ven\u00e4j\u00e4 hajoittaa ja hallitsee Yhdysvalloissa<\/em>. Johnny Kniga 2025,<\/li>\n<li><a href=\"https:\/\/www.hs.fi\/pkseutu\/art-2000004048220.html\" target=\"_blank\" rel=\"noopener\"><strong class=\"Yjhzub\" data-processed=\"true\">Helsingin sanomat<\/strong><\/a> 26.04. 2002,(maksumuuri)<\/li>\n<li><strong class=\"Yjhzub\" data-processed=\"true\">Mustasaari<\/strong>\u00a0(Helsingiss\u00e4) on merkitt\u00e4v\u00e4 paikka suomalaisen poliittisen lauluyhtyeen\u00a0<strong class=\"Yjhzub\" data-processed=\"true\">Agit Propin<\/strong>\u00a0historiassa, sill\u00e4 yhtye sai alkunsa siell\u00e4 1960-luvun lopulla, kehittyi nuorisoleirien kautta ja teki vaikutuksen etenkin 1970-luvun alussa poliittisella, vasemmistolaisella ohjelmistollaan, joka sis\u00e4lsi paljon\u00a0<strong class=\"Yjhzub\" data-processed=\"true\">Bertolt Brechtin<\/strong> ja muiden vastaavien runoilijoiden tekstej\u00e4. Agit Prop oli 70-luvun suosituimpia yhtyeit\u00e4, ja vaikka yhtye ei ole virallisesti lopettanut, se on pit\u00e4nyt taukoja, mutta&#8230;(Google, yhteenveto.)<\/li>\n<\/ul>\n<p><iframe loading=\"lazy\" src=\"https:\/\/www.facebook.com\/plugins\/post.php?href=https%3A%2F%2Fwww.facebook.com%2Fkai.takkula%2Fposts%2Fpfbid0VYUtQs6XhAGxut5EjWZGxY6FMWjznmWT4QQ1hZJv6yLXUEPp5iSU6o9dR6MhcDxzl&#038;show_text=true&#038;width=500\" width=\"500\" height=\"461\" style=\"border:none;overflow:hidden\" scrolling=\"no\" frameborder=\"0\" allowfullscreen=\"true\" allow=\"autoplay; clipboard-write; encrypted-media; picture-in-picture; web-share\"><\/iframe><\/p>\n<h2>Aiemmissa julkaisuissa:<\/h2>\n<p>25.09. 2024:<\/p>\n<blockquote class=\"wp-embedded-content\" data-secret=\"zdZtueix1m\"><p><a href=\"https:\/\/www.uutispeili.fi\/index.php\/2024\/09\/25\/kirsi-pihalle-kokoomus-sinertyy\/\">Kirsi pihalle! -Kokoomus &#8217;sinertyy&#8217;<\/a><\/p><\/blockquote>\n<p><iframe class=\"wp-embedded-content\" sandbox=\"allow-scripts\" security=\"restricted\" style=\"position: absolute; clip: rect(1px, 1px, 1px, 1px);\" title=\"&#8221;Kirsi pihalle! -Kokoomus &#8217;sinertyy&#8217;&#8221; &#8212; \" src=\"https:\/\/www.uutispeili.fi\/index.php\/2024\/09\/25\/kirsi-pihalle-kokoomus-sinertyy\/embed\/#?secret=R0rlbCBCR3#?secret=zdZtueix1m\" data-secret=\"zdZtueix1m\" width=\"600\" height=\"338\" frameborder=\"0\" marginwidth=\"0\" marginheight=\"0\" scrolling=\"no\"><\/iframe><\/p>\n<p>09.05. 2025:<\/p>\n<blockquote class=\"wp-embedded-content\" data-secret=\"Z0msPXmsLy\"><p><a href=\"https:\/\/www.uutispeili.fi\/index.php\/2025\/05\/09\/venajan-post-kommunistiset-ystavat-lannessa-eivat-ole-konservatiiveja\/\">Ven\u00e4j\u00e4n post-kommunistiset yst\u00e4v\u00e4t l\u00e4nness\u00e4 eiv\u00e4t ole konservatiiveja<\/a><\/p><\/blockquote>\n<p><iframe class=\"wp-embedded-content\" sandbox=\"allow-scripts\" security=\"restricted\" style=\"position: absolute; clip: rect(1px, 1px, 1px, 1px);\" title=\"&#8221;Ven\u00e4j\u00e4n post-kommunistiset yst\u00e4v\u00e4t l\u00e4nness\u00e4 eiv\u00e4t ole konservatiiveja&#8221; &#8212; \" src=\"https:\/\/www.uutispeili.fi\/index.php\/2025\/05\/09\/venajan-post-kommunistiset-ystavat-lannessa-eivat-ole-konservatiiveja\/embed\/#?secret=IVVd4k0rrk#?secret=Z0msPXmsLy\" data-secret=\"Z0msPXmsLy\" width=\"600\" height=\"338\" frameborder=\"0\" marginwidth=\"0\" marginheight=\"0\" scrolling=\"no\"><\/iframe><\/p>\n<p>05.03. 2024:<\/p>\n<blockquote class=\"wp-embedded-content\" data-secret=\"Tp9RutFhvl\"><p><a href=\"https:\/\/www.uutispeili.fi\/index.php\/2024\/03\/05\/lissu-huomautti-aarioikeisto-on-venajan-puolella\/\">Li huomautti: \u00c4\u00e4rioikeisto on Ven\u00e4j\u00e4n puolella<\/a><\/p><\/blockquote>\n<p><iframe class=\"wp-embedded-content\" sandbox=\"allow-scripts\" security=\"restricted\" style=\"position: absolute; clip: rect(1px, 1px, 1px, 1px);\" title=\"&#8221;Li huomautti: \u00c4\u00e4rioikeisto on Ven\u00e4j\u00e4n puolella&#8221; &#8212; \" src=\"https:\/\/www.uutispeili.fi\/index.php\/2024\/03\/05\/lissu-huomautti-aarioikeisto-on-venajan-puolella\/embed\/#?secret=2AaH2XXTWE#?secret=Tp9RutFhvl\" data-secret=\"Tp9RutFhvl\" width=\"600\" height=\"338\" frameborder=\"0\" marginwidth=\"0\" marginheight=\"0\" scrolling=\"no\"><\/iframe><\/p>\n<p>21,09. 2025:<\/p>\n<blockquote class=\"wp-embedded-content\" data-secret=\"vqB6uI3Dui\"><p><a href=\"https:\/\/www.uutispeili.fi\/index.php\/2025\/09\/21\/suvi-anne-siimes-kohtasi-politiikassa-jotain-mita-kaikki-eivat-koskaan-huomaa-vaikka-osuisi-kohdalle\/\">Suvi-Anne Siimes kohtasi politiikassa jotain, mit\u00e4 kaikki eiv\u00e4t koskaan huomaa, -vaikka osuisi kohdalle<\/a><\/p><\/blockquote>\n<p><iframe class=\"wp-embedded-content\" sandbox=\"allow-scripts\" security=\"restricted\" style=\"position: absolute; clip: rect(1px, 1px, 1px, 1px);\" title=\"&#8221;Suvi-Anne Siimes kohtasi politiikassa jotain, mit\u00e4 kaikki eiv\u00e4t koskaan huomaa, -vaikka osuisi kohdalle&#8221; &#8212; \" src=\"https:\/\/www.uutispeili.fi\/index.php\/2025\/09\/21\/suvi-anne-siimes-kohtasi-politiikassa-jotain-mita-kaikki-eivat-koskaan-huomaa-vaikka-osuisi-kohdalle\/embed\/#?secret=hFVLnDo2gZ#?secret=vqB6uI3Dui\" data-secret=\"vqB6uI3Dui\" width=\"600\" height=\"338\" frameborder=\"0\" marginwidth=\"0\" marginheight=\"0\" scrolling=\"no\"><\/iframe><\/p>\n<p>23.12. 2025:<\/p>\n<blockquote class=\"wp-embedded-content\" data-secret=\"erY3KkvWSH\"><p><a href=\"https:\/\/www.uutispeili.fi\/index.php\/2025\/12\/23\/silla-lapsi-on-teille-syntynyt-poika-on-teille-annettu\/\">&#8221;Sill\u00e4\u00a0lapsi\u00a0on teille syntynyt, poika on teille\u00a0annettu&#8221;<\/a><\/p><\/blockquote>\n<p><iframe class=\"wp-embedded-content\" sandbox=\"allow-scripts\" security=\"restricted\" style=\"position: absolute; clip: rect(1px, 1px, 1px, 1px);\" title=\"&#8221;&#8221;Sill\u00e4\u00a0lapsi\u00a0on teille syntynyt, poika on teille\u00a0annettu&#8221;&#8221; &#8212; \" src=\"https:\/\/www.uutispeili.fi\/index.php\/2025\/12\/23\/silla-lapsi-on-teille-syntynyt-poika-on-teille-annettu\/embed\/#?secret=pg1bIYv4aM#?secret=erY3KkvWSH\" data-secret=\"erY3KkvWSH\" width=\"600\" height=\"338\" frameborder=\"0\" marginwidth=\"0\" marginheight=\"0\" scrolling=\"no\"><\/iframe><\/p>\n<p>14.12. 2025:<\/p>\n<blockquote class=\"wp-embedded-content\" data-secret=\"i39PUqSWVm\"><p><a href=\"https:\/\/www.uutispeili.fi\/index.php\/2025\/12\/14\/miten-venaja-pesee-mahorkan-hajua-propagandastaan\/\">Miten Ven\u00e4j\u00e4 &#8217;pesee mahorkan hajua&#8217; propagandastaan<\/a><\/p><\/blockquote>\n<p><iframe class=\"wp-embedded-content\" sandbox=\"allow-scripts\" security=\"restricted\" style=\"position: absolute; clip: rect(1px, 1px, 1px, 1px);\" title=\"&#8221;Miten Ven\u00e4j\u00e4 &#8217;pesee mahorkan hajua&#8217; propagandastaan&#8221; &#8212; \" src=\"https:\/\/www.uutispeili.fi\/index.php\/2025\/12\/14\/miten-venaja-pesee-mahorkan-hajua-propagandastaan\/embed\/#?secret=RFKJA1b6OC#?secret=i39PUqSWVm\" data-secret=\"i39PUqSWVm\" width=\"600\" height=\"338\" frameborder=\"0\" marginwidth=\"0\" marginheight=\"0\" scrolling=\"no\"><\/iframe><\/p>\n<p>12.12. 2025:<\/p>\n<blockquote class=\"wp-embedded-content\" data-secret=\"p88oB7lFgl\"><p><a href=\"https:\/\/www.uutispeili.fi\/index.php\/2025\/12\/12\/piilovaikuttajat-valtiollisesti-keskeisten-henkiloiden-kimpussa-osa-2\/\">Piilovaikuttajat valtiollisesti keskeisten henkil\u00f6iden kimpussa, osa 2<\/a><\/p><\/blockquote>\n<p><iframe class=\"wp-embedded-content\" sandbox=\"allow-scripts\" security=\"restricted\" style=\"position: absolute; clip: rect(1px, 1px, 1px, 1px);\" title=\"&#8221;Piilovaikuttajat valtiollisesti keskeisten henkil\u00f6iden kimpussa, osa 2&#8221; &#8212; \" src=\"https:\/\/www.uutispeili.fi\/index.php\/2025\/12\/12\/piilovaikuttajat-valtiollisesti-keskeisten-henkiloiden-kimpussa-osa-2\/embed\/#?secret=1G4ZsvYTzk#?secret=p88oB7lFgl\" data-secret=\"p88oB7lFgl\" width=\"600\" height=\"338\" frameborder=\"0\" marginwidth=\"0\" marginheight=\"0\" scrolling=\"no\"><\/iframe><\/p>\n<p>30.11. 2025:<\/p>\n<blockquote class=\"wp-embedded-content\" data-secret=\"oxTyIqjeIw\"><p><a href=\"https:\/\/www.uutispeili.fi\/index.php\/2025\/11\/30\/yrjo-rautio-rauhantahdon-esittaminen-on-vain-venajan-keino-hankkia-lisaa-aikaa\/\">Yrj\u00f6 Rautio: &#8217;Rauhantahdon esitt\u00e4minen on vain Ven\u00e4j\u00e4n keino hankkia lis\u00e4\u00e4 aikaa&#8217;<\/a><\/p><\/blockquote>\n<p><iframe class=\"wp-embedded-content\" sandbox=\"allow-scripts\" security=\"restricted\" style=\"position: absolute; clip: rect(1px, 1px, 1px, 1px);\" title=\"&#8221;Yrj\u00f6 Rautio: &#8217;Rauhantahdon esitt\u00e4minen on vain Ven\u00e4j\u00e4n keino hankkia lis\u00e4\u00e4 aikaa&#8217;&#8221; &#8212; \" src=\"https:\/\/www.uutispeili.fi\/index.php\/2025\/11\/30\/yrjo-rautio-rauhantahdon-esittaminen-on-vain-venajan-keino-hankkia-lisaa-aikaa\/embed\/#?secret=fnSgN2082J#?secret=oxTyIqjeIw\" data-secret=\"oxTyIqjeIw\" width=\"600\" height=\"338\" frameborder=\"0\" marginwidth=\"0\" marginheight=\"0\" scrolling=\"no\"><\/iframe><\/p>\n<p>27.11. 2025:<\/p>\n<blockquote class=\"wp-embedded-content\" data-secret=\"eoWXrjn9EQ\"><p><a href=\"https:\/\/www.uutispeili.fi\/index.php\/2025\/11\/27\/tiesiko-kirjailija-kgbn-hankkeesta-varvata-trump\/\">Tiesik\u00f6 kirjailija KGB:n hankkeesta v\u00e4rv\u00e4t\u00e4 Trump<\/a><\/p><\/blockquote>\n<p><iframe class=\"wp-embedded-content\" sandbox=\"allow-scripts\" security=\"restricted\" style=\"position: absolute; clip: rect(1px, 1px, 1px, 1px);\" title=\"&#8221;Tiesik\u00f6 kirjailija KGB:n hankkeesta v\u00e4rv\u00e4t\u00e4 Trump&#8221; &#8212; \" src=\"https:\/\/www.uutispeili.fi\/index.php\/2025\/11\/27\/tiesiko-kirjailija-kgbn-hankkeesta-varvata-trump\/embed\/#?secret=6aAoSxuAzx#?secret=eoWXrjn9EQ\" data-secret=\"eoWXrjn9EQ\" width=\"600\" height=\"338\" frameborder=\"0\" marginwidth=\"0\" marginheight=\"0\" scrolling=\"no\"><\/iframe><\/p>\n<p>09.07. 2025:<\/p>\n<blockquote class=\"wp-embedded-content\" data-secret=\"lI8SYa0Rda\"><p><a href=\"https:\/\/www.uutispeili.fi\/index.php\/2025\/07\/09\/nuorisoradikalismin-historia-60-luvulta-2000-luvulle\/\">Nuorisoradikalismin historia 60-luvulta 2000-luvulle<\/a><\/p><\/blockquote>\n<p><iframe class=\"wp-embedded-content\" sandbox=\"allow-scripts\" security=\"restricted\" style=\"position: absolute; clip: rect(1px, 1px, 1px, 1px);\" title=\"&#8221;Nuorisoradikalismin historia 60-luvulta 2000-luvulle&#8221; &#8212; \" src=\"https:\/\/www.uutispeili.fi\/index.php\/2025\/07\/09\/nuorisoradikalismin-historia-60-luvulta-2000-luvulle\/embed\/#?secret=tOs51NFSyf#?secret=lI8SYa0Rda\" data-secret=\"lI8SYa0Rda\" width=\"600\" height=\"338\" frameborder=\"0\" marginwidth=\"0\" marginheight=\"0\" scrolling=\"no\"><\/iframe><\/p>\n<p>21.09. 2025:<\/p>\n<blockquote class=\"wp-embedded-content\" data-secret=\"dHVpkC80uk\"><p><a href=\"https:\/\/www.uutispeili.fi\/index.php\/2025\/09\/21\/unohtumaton-vuosi-1948-towerit-ottakaa-kivaarit\/\">Unohtumaton vuosi 1948: &#8221;Towerit, ottakaa kiv\u00e4\u00e4rit&#8221;<\/a><\/p><\/blockquote>\n<p><iframe class=\"wp-embedded-content\" sandbox=\"allow-scripts\" security=\"restricted\" style=\"position: absolute; clip: rect(1px, 1px, 1px, 1px);\" title=\"&#8221;Unohtumaton vuosi 1948: &#8221;Towerit, ottakaa kiv\u00e4\u00e4rit&#8221;&#8221; &#8212; \" src=\"https:\/\/www.uutispeili.fi\/index.php\/2025\/09\/21\/unohtumaton-vuosi-1948-towerit-ottakaa-kivaarit\/embed\/#?secret=k8vNG7xqvQ#?secret=dHVpkC80uk\" data-secret=\"dHVpkC80uk\" width=\"600\" height=\"338\" frameborder=\"0\" marginwidth=\"0\" marginheight=\"0\" scrolling=\"no\"><\/iframe><\/p>\n","protected":false},"excerpt":{"rendered":"<p>Monet historiaa muokkaavat prosessit alkavat toisistaan riippumatta, -omista syist\u00e4\u00e4n- mutta ne vaikuttavat toisiinsa, lomittuvat, sotkeutuvat ja tuottavat arvaamattomia lopputuloksia. Tarkastelemme er\u00e4st\u00e4 kehitystrendien kompleksia. Kes\u00e4ll\u00e4 1963\u00a0Joan Baez laulatti Washingtonin monumentaalisessa keskustassa, &#8211;Yhdysvaltain kaikkein pyhimm\u00e4ss\u00e4-\u00a0 yli 100 000:lla kaikenv\u00e4risell\u00e4 amerikkalaisella &#8221;We shall overcome&#8221;. Kansalaisoikeusliike n\u00e4ytti voimansa, -ja aikeensa korjata l\u00e4ntisen maailman johtavan valtion kasvoilta sen n\u00e4kyvimm\u00e4n kauneusvirheen: [&hellip;]<\/p>\n","protected":false},"author":3,"featured_media":10129,"comment_status":"open","ping_status":"open","sticky":false,"template":"","format":"standard","meta":{"footnotes":""},"categories":[31],"tags":[],"_links":{"self":[{"href":"https:\/\/www.uutispeili.fi\/index.php\/wp-json\/wp\/v2\/posts\/10115"}],"collection":[{"href":"https:\/\/www.uutispeili.fi\/index.php\/wp-json\/wp\/v2\/posts"}],"about":[{"href":"https:\/\/www.uutispeili.fi\/index.php\/wp-json\/wp\/v2\/types\/post"}],"author":[{"embeddable":true,"href":"https:\/\/www.uutispeili.fi\/index.php\/wp-json\/wp\/v2\/users\/3"}],"replies":[{"embeddable":true,"href":"https:\/\/www.uutispeili.fi\/index.php\/wp-json\/wp\/v2\/comments?post=10115"}],"version-history":[{"count":12,"href":"https:\/\/www.uutispeili.fi\/index.php\/wp-json\/wp\/v2\/posts\/10115\/revisions"}],"predecessor-version":[{"id":11443,"href":"https:\/\/www.uutispeili.fi\/index.php\/wp-json\/wp\/v2\/posts\/10115\/revisions\/11443"}],"wp:featuredmedia":[{"embeddable":true,"href":"https:\/\/www.uutispeili.fi\/index.php\/wp-json\/wp\/v2\/media\/10129"}],"wp:attachment":[{"href":"https:\/\/www.uutispeili.fi\/index.php\/wp-json\/wp\/v2\/media?parent=10115"}],"wp:term":[{"taxonomy":"category","embeddable":true,"href":"https:\/\/www.uutispeili.fi\/index.php\/wp-json\/wp\/v2\/categories?post=10115"},{"taxonomy":"post_tag","embeddable":true,"href":"https:\/\/www.uutispeili.fi\/index.php\/wp-json\/wp\/v2\/tags?post=10115"}],"curies":[{"name":"wp","href":"https:\/\/api.w.org\/{rel}","templated":true}]}}